{"id":8517,"date":"2015-03-20T09:39:30","date_gmt":"2015-03-20T08:39:30","guid":{"rendered":"https:\/\/wp.muchomaas.com\/article-radio-france-les-raisons-de-la\/"},"modified":"2023-06-23T23:19:15","modified_gmt":"2023-06-23T21:19:15","slug":"article-radio-france-les-raisons-de-la","status":"publish","type":"post","link":"https:\/\/archives.regards.fr\/?p=8517","title":{"rendered":"Radio France : les raisons de la coupure de son"},"content":{"rendered":"<p class=\"post_excerpt\">Les salari\u00e9s de Radio France sont entr\u00e9s jeudi dans une gr\u00e8ve illimit\u00e9e pour d\u00e9noncer les projets de restructuration qui menacent aussi bien des centaines d\u2019emplois que la qualit\u00e9 du service public radiophonique. Les enjeux du mouvement en cinq points.<\/p>\n<p>Serait-ce l\u2019effet des 100.000 euros de <a href=\"https:\/\/wp.muchomaas.com\/web\/article\/dorures-et-palissandre-les-rancons\">r\u00e9novation somptuaire du bureau du PDG Mathieu Gallet<\/a> ? L\u2019appel \u00e0 la gr\u00e8ve illimit\u00e9e, la troisi\u00e8me \u00e0 Radio France depuis un mois, a en tout cas \u00e9t\u00e9 bien plus suivi ce jeudi que celui de la semaine derni\u00e8re. Si la matinale de France Inter a \u00e9t\u00e9 assur\u00e9e normalement, les autres stations, parmi lesquelles France Info et France Culture, ont vu leurs programmes remplac\u00e9s par des bandes musicales continues. Lors de la conf\u00e9rence de presse pr\u00e9c\u00e9dant l\u2019assembl\u00e9e g\u00e9n\u00e9rale jeudi matin, la CFDT, la CGT, le SNFORT, SUD et l\u2019UNSA \u2013 mais pas le syndicat principal des journalistes le SNJ \u2013 \u00e9taient tous pr\u00e9sents pour interpeller le gouvernement et leur direction quant aux projets de restructuration et d\u2019externalisation qui menacent aussi bien les emplois que la qualit\u00e9 du service radiophonique. <\/p>\n<p><strong><em>Pourquoi faire gr\u00e8ve maintenant, alors que les syndicats n\u2019ont pas encore tous les \u00e9l\u00e9ments ?<br \/>\n<\/strong><\/em><\/p>\n<p>L&#8217;\u00c9tat actionnaire et Radio France n\u00e9gocient actuellement en toute opacit\u00e9 un nouveau contrat d&#8217;objectifs et de moyens (COM) pour la p\u00e9riode 2015-2019. Ces discussions prennent du retard, le minist\u00e8re de la Culture attendant les conclusions d&#8217;un rapport de la Cour des comptes sur la gestion de la radio publique, pr\u00e9vu pour d\u00e9but avril. Mais la direction a d\u00e9j\u00e0 indiqu\u00e9 vouloir r\u00e9aliser 50 millions d&#8217;\u00e9conomies afin de compenser le d\u00e9ficit de 21,3 millions d&#8217;euros pr\u00e9vu pour cette ann\u00e9e et les syndicats estiment que s\u2019ils attendent de conna\u00eetre le contenu exact du COM, il sera trop tard pour emp\u00eacher la mise en \u0153uvre des plans de restructuration.<\/p>\n<p><strong><em>Comment expliquer que, pour la premi\u00e8re fois de son histoire, le budget de Radio France soit en d\u00e9ficit ?<br \/>\n<\/strong><\/em><\/p>\n<p>Ce d\u00e9ficit est la cons\u00e9quence d\u2019un effet de ciseau : d\u2019un c\u00f4t\u00e9, les recettes, qui proviennent \u00e0 90% de la redevance audiovisuelle, sont en l\u00e9g\u00e8re baisse, l\u2019\u00c9tat ayant r\u00e9duit la part de la taxe revers\u00e9e \u00e0 la radio. Aust\u00e9rit\u00e9 oblige, le montant per\u00e7u devrait ainsi plafonner \u00e0 601 millions d\u2019euros cette ann\u00e9e au lieu de 610 millions en 2012. Par ailleurs, Radio France a perdu, apr\u00e8s une collaboration de vingt ans, le contrat qui la liait avec la fr\u00e9quence d\u2019autoroute 107.7. <\/p>\n<p>D\u2019un autre c\u00f4t\u00e9, les d\u00e9penses augmentent fortement. La contribution audiovisuelle finance d\u00e9sormais \u00e0 100% RFI, France 24 et TV5 Monde, pour un co\u00fbt de 325 millions d\u2019euros qui \u00e9tait auparavant pris en charge par le Minist\u00e8re des affaires \u00e9trang\u00e8res. Alors que la taxe Cop\u00e9 servait jusqu\u2019\u00e0 pr\u00e9sent \u00e0 compenser la suppression de la publicit\u00e9 sur France T\u00e9l\u00e9vision, cette dotation publique a \u00e9t\u00e9 revue \u00e0 la baisse en juillet. Celle-ci passant de 292 millions en 2014 \u00e0 29 millions en 2017, il revient donc \u00e0 la redevance de compenser le manque \u00e0 gagner, ce qui laisse moins d\u2019argent pour la radio. Quant \u00e0 la masse salariale, elle augmente m\u00e9caniquement, de 4 millions par an. Mais les d\u00e9penses qui gr\u00e8vent le plus le budget sont celles qui sont li\u00e9es au chantier de r\u00e9habilitation du b\u00e2timent, entam\u00e9 en 2009. 66,1 millions sont allou\u00e9s cette ann\u00e9e \u00e0 la poursuite des travaux, dont le co\u00fbt final avoisinerait les 584 millions d&#8217;euros pour une fin pr\u00e9vue en 2018, contre 333 millions initialement pr\u00e9vus. La livraison d\u2019une partie des travaux de r\u00e9habilitation en 2014 fait par ailleurs grimper la taxe fonci\u00e8re. Ainsi, contrairement \u00e0 ce que pr\u00e9tend Mathieu Gallet, le d\u00e9ficit ne r\u00e9v\u00e8le pas que le syst\u00e8me est <em>\u00ab arriv\u00e9 en bout de course \u00bb<\/em>\u2026<\/p>\n<p><strong><em>Comment la direction compte-elle revenir \u00e0 l\u2019\u00e9quilibre?<br \/>\n<\/strong><\/em><\/p>\n<p>Surtout en r\u00e9duisant les co\u00fbts. Matthieu Gallet entend faire 50 millions d\u2019\u00e9conomies, sur un budget annuel de 664 millions. Plusieurs pistes sont \u00e9voqu\u00e9es dans une feuille de route distribu\u00e9e aux cadres de la Maison lors d\u2019un s\u00e9minaire fin janvier. Une mesure consensuelle est d\u2019arr\u00eater la diffusion en ondes longues et moyennes. Mais les syndicats redoutent que le plus gros des \u00e9conomies passe par la r\u00e9duction de la masse salariale, qui repr\u00e9sente 60% du budget total. D&#8217;apr\u00e8s le rapport de la d\u00e9put\u00e9e Martine Martinel, elle a augment\u00e9 de 26% entre 2004 et 2012 (pour une hausse du nombre de salari\u00e9s de 3,7%). Les syndicats craignent la suppression de 300 \u00e0 400 postes sur 4.300 salari\u00e9s. Certaines branches d\u2019activit\u00e9 semblent particuli\u00e8rement menac\u00e9es : l\u2019Orchestre national de France, l\u2019un des deux de Radio France, pourrait fusionner avec le Philharmonique ou bien \u00eatre transf\u00e9r\u00e9 au th\u00e9\u00e2tre des Champs-\u00c9lys\u00e9es sous l\u2019\u00e9gide de la Caisse des d\u00e9p\u00f4ts et consignations. Certaines stations \u00e0 faible audience, comme  Le Mouv&#8217;, Fip ou encore France Musique se sentent \u00e9galement vuln\u00e9rables. Au-del\u00e0 des suppressions de postes, c\u2019est la qualit\u00e9 des \u00e9missions qui risque de p\u00e2tir d\u2019une baisse g\u00e9n\u00e9rale des moyens pour les reportages et des restructurations visant \u00e0 rendre les personnels plus \u201cpolyvalents\u201d. <\/p>\n<p><strong><em>Radio France ne pourrait-elle pas accro\u00eetre ses recettes propres?<br \/>\n<\/strong><\/em><\/p>\n<p>C\u2019est difficile puisque la publicit\u00e9 est actuellement limit\u00e9e \u00e0 une cinquantaine de millions d&#8217;euros par an venant d&#8217;annonceurs publics ou d&#8217;int\u00e9r\u00eat g\u00e9n\u00e9ral. Et les radios priv\u00e9es se sont mobilis\u00e9es contre l\u2019assouplissement de cette r\u00e8gle. D\u2019autres options sont envisag\u00e9es, comme la mon\u00e9tisation des podcasts. Mais la direction souhaite surtout continuer de d\u00e9velopper la location des orchestres pour des \u00e9v\u00e9nements corporate et des locaux pour des d\u00e9fil\u00e9s de mode, des assembl\u00e9es g\u00e9n\u00e9rales d\u2019entreprises ou des tournages de film. Un d\u00e9voiement de l\u2019espace et des moyens du service public que fustigent les syndicats. <\/p>\n<p><strong><em>Les syndicats proposent-ils d\u2019autres moyens de faire des \u00e9conomies?<br \/>\n<\/strong><\/em><\/p>\n<p>Ils exigent en premier lieu de revoir dans le d\u00e9tail le projet de r\u00e9ha\u00adbilitation, qui est le premier responsable de la d\u00e9rive budg\u00e9taire, et \u00e9ventuellement de limiter les travaux aux seuls besoins de la mise en s\u00e9curit\u00e9 du b\u00e2timent. Ils \u00e9voquent notamment la construction imminente d\u2019une porte d\u2019entr\u00e9e monumentale et d\u2019un nouveau hall qui impliquent de casser plusieurs \u00e9tages et de faire d\u00e9m\u00e9nager des centaines de salari\u00e9s dans des bureaux \u00e0 louer\u2026 Une r\u00e9novation au co\u00fbt faramineux qui ne vise m\u00eame pas \u00e0 am\u00e9liorer la qualit\u00e9 des programmes radiophoniques puisqu\u2019elle est con\u00e7ue pour am\u00e9liorer l\u2019offre \u00e9v\u00e9nementielle \u00e0 destination des entreprises priv\u00e9es&#8230; Comme le r\u00e9sume un musicien de l\u2019orchestre :<em> \u00ab\u00a0On refait le flacon et on paie les frais avec le parfum qui est dedans.\u00a0\u00bb<\/em><br \/>\n<div id='gallery-1' class='gallery galleryid-8517 gallery-columns-3 gallery-size-thumbnail'><figure class='gallery-item'>\n\t\t\t<div class='gallery-icon landscape'>\n\t\t\t\t<a href='https:\/\/archives.regards.fr\/wp-content\/uploads\/2015\/03\/radio-france-db3.jpg'><img loading=\"lazy\" decoding=\"async\" width=\"150\" height=\"150\" src=\"https:\/\/archives.regards.fr\/wp-content\/uploads\/2015\/03\/radio-france-db3-150x150.jpg\" class=\"attachment-thumbnail size-thumbnail\" alt=\"radio-france.jpg\" \/><\/a>\n\t\t\t<\/div><\/figure>\n\t\t<\/div>\n<\/p>\n","protected":false},"excerpt":{"rendered":"<p>Les salari\u00e9s de Radio France sont entr\u00e9s jeudi dans une gr\u00e8ve illimit\u00e9e pour d\u00e9noncer les projets de restructuration qui menacent aussi bien des centaines d\u2019emplois que la qualit\u00e9 du service public radiophonique. Les enjeux du mouvement en cinq points.<\/p>\n","protected":false},"author":1098,"featured_media":21700,"comment_status":"open","ping_status":"open","sticky":false,"template":"","format":"standard","meta":{"_themeisle_gutenberg_block_has_review":false,"footnotes":""},"categories":[157],"tags":[287],"class_list":["post-8517","post","type-post","status-publish","format-standard","has-post-thumbnail","hentry","category-web","tag-medias"],"_links":{"self":[{"href":"https:\/\/archives.regards.fr\/index.php?rest_route=\/wp\/v2\/posts\/8517","targetHints":{"allow":["GET"]}}],"collection":[{"href":"https:\/\/archives.regards.fr\/index.php?rest_route=\/wp\/v2\/posts"}],"about":[{"href":"https:\/\/archives.regards.fr\/index.php?rest_route=\/wp\/v2\/types\/post"}],"author":[{"embeddable":true,"href":"https:\/\/archives.regards.fr\/index.php?rest_route=\/wp\/v2\/users\/1098"}],"replies":[{"embeddable":true,"href":"https:\/\/archives.regards.fr\/index.php?rest_route=%2Fwp%2Fv2%2Fcomments&post=8517"}],"version-history":[{"count":0,"href":"https:\/\/archives.regards.fr\/index.php?rest_route=\/wp\/v2\/posts\/8517\/revisions"}],"wp:featuredmedia":[{"embeddable":true,"href":"https:\/\/archives.regards.fr\/index.php?rest_route=\/wp\/v2\/media\/21700"}],"wp:attachment":[{"href":"https:\/\/archives.regards.fr\/index.php?rest_route=%2Fwp%2Fv2%2Fmedia&parent=8517"}],"wp:term":[{"taxonomy":"category","embeddable":true,"href":"https:\/\/archives.regards.fr\/index.php?rest_route=%2Fwp%2Fv2%2Fcategories&post=8517"},{"taxonomy":"post_tag","embeddable":true,"href":"https:\/\/archives.regards.fr\/index.php?rest_route=%2Fwp%2Fv2%2Ftags&post=8517"}],"curies":[{"name":"wp","href":"https:\/\/api.w.org\/{rel}","templated":true}]}}