{"id":8466,"date":"2015-03-06T09:07:15","date_gmt":"2015-03-06T08:07:15","guid":{"rendered":"https:\/\/wp.muchomaas.com\/article-departementales-la-guerre-des\/"},"modified":"2023-06-23T23:19:09","modified_gmt":"2023-06-23T21:19:09","slug":"article-departementales-la-guerre-des","status":"publish","type":"post","link":"https:\/\/archives.regards.fr\/?p=8466","title":{"rendered":"Guerre de chiffres pour les d\u00e9partementales"},"content":{"rendered":"<p class=\"post_excerpt\">Le nombre r\u00e9el de candidats \u00e9tiquet\u00e9s communistes ou Front de gauche qui se pr\u00e9sentent aux \u00e9lections d\u00e9partementales a fait l&#8217;objet d&#8217;une controverse entre le PCF et Lib\u00e9ration. Allons voir les chiffres de plus pr\u00e8s afin de tirer cette querelle au clair.<\/p>\n<p>Le mardi 3 mars, Pierre Laurent d\u00e9clare sur les antennes de BFM-TV et de RMC : <em>\u00ab Nous pr\u00e9sentons en France autant de candidats que les grands partis, autant de candidats que le Front national. Or, chacun peut le constater, l\u2019in\u00e9galit\u00e9 de traitement est manifeste \u00bb<\/em>. Le surlendemain, <em>Lib\u00e9ration<\/em> affirme au contraire que <a href=\"http:\/\/www.liberation.fr\/politiques\/2015\/03\/04\/departementales-pierre-laurent-decuple-les-candidats-communistes_1213850\">\u00ab Pierre Laurent d\u00e9cuple les candidats communistes \u00bb<\/a>.<\/p>\n<p>\u00c0 l\u2019appui du quotidien, les chiffres publi\u00e9s le 17 f\u00e9vrier par le minist\u00e8re de l\u2019Int\u00e9rieur, relay\u00e9s quelques jours plut\u00f4t par l\u2019Institut Harris-Interactive et par l\u2019IFOP. Selon ces \u00e9tudes, le total des candidatures \u00e9tiquet\u00e9es &#8220;communistes&#8221; et &#8220;Front de gauche&#8221; se pr\u00e9senterait dans 60 % des cantons, contre 70 % pour les candidatures communistes en 2011.<\/p>\n<p>Comment s\u2019y retrouver ? Les statistiques officielles sont toujours al\u00e9atoires quand il s\u2019agit d\u2019\u00e9lections locales, pour lesquelles les intitul\u00e9s de candidatures ne recoupent pas toujours les \u00e9tiquetages nationaux. Par exemple, en 2008, le minist\u00e8re de l\u2019Int\u00e9rieur comptabilisait 592 maires communistes alors qu\u2019un d\u00e9compte plus fin donnait un chiffre r\u00e9el compris entre 724 et 740, soit un \u00e9cart de quelque 20%. L\u2019impr\u00e9cision tient en fait \u00e0 deux ph\u00e9nom\u00e8nes : la difficult\u00e9 \u00e0 enregistrer les syst\u00e8mes d\u2019alliances locaux et, plus encore, l\u2019importance des \u00e9tiquetages incertains, en &#8220;divers droite&#8221; ou &#8220;divers gauche&#8221;. Le fichier des candidatures produit par l\u2019Int\u00e9rieur enregistre ainsi 814 bin\u00f4mes class\u00e9s &#8220;divers gauche&#8221; et 707 &#8220;divers droite&#8221;, soit un total de 1.521, autant que le PS et l\u2019UMP.<\/p>\n<p>Pour approcher de la r\u00e9alit\u00e9, on dispose donc aujourd\u2019hui de deux sources : le fichier officiel du minist\u00e8re de l\u2019Int\u00e9rieur et un ensemble de statistiques rassembl\u00e9es par la direction nationale du PCF, \u00e0 partir d\u2019une remont\u00e9e de chiffres provenant des f\u00e9d\u00e9rations communistes d\u00e9partementales. Les chiffres disponibles portent sur les 1996 cantons m\u00e9tropolitains ; ils sont les suivants.<\/p>\n<p><img loading=\"lazy\" decoding=\"async\" class=\" aligncenter size-full wp-image-21615\" src=\"https:\/\/wp.muchomaas.com\/wp-content\/uploads\/2015\/03\/departementales-chiffres-1-f3e.jpg\" alt=\"departementales-chiffres-1.jpg\" align=\"center\" width=\"421\" height=\"213\" srcset=\"https:\/\/archives.regards.fr\/wp-content\/uploads\/2015\/03\/departementales-chiffres-1-f3e.jpg 421w, https:\/\/archives.regards.fr\/wp-content\/uploads\/2015\/03\/departementales-chiffres-1-f3e-300x152.jpg 300w\" sizes=\"auto, (max-width: 421px) 100vw, 421px\" \/><\/p>\n<p>Sur les 1.515 bin\u00f4mes recens\u00e9s par la direction du Parti communiste, on trouve au moins une candidature \u00e9tiquet\u00e9e PCF dans pr\u00e8s de 84% des cas ; au total, sur les 3026 candidatures concernant le Front de gauche, 63% sont le fait de communistes. Les &#8220;non encart\u00e9s&#8221; divers sont pr\u00e9sents dans un tiers des bin\u00f4mes et forment 18 % des candidatures. Le PG quant \u00e0 lui est pr\u00e9sent dans un peu plus de 10% des bin\u00f4mes, soit 6,7% des candidatures. Le reste des candidatures (autour de 10%) se partage entre les autres composantes du Front de gauche, les Verts et, de fa\u00e7on moindre encore, quelques socialistes.<\/p>\n<p>Sous r\u00e9serve de v\u00e9rifications plus fines, les donn\u00e9es d\u00e9taill\u00e9es fournies par les f\u00e9d\u00e9rations communistes semblent fiables. Par rapport \u00e0 2011, elles sugg\u00e8rent un certain tassement de la pr\u00e9sence territoriale : en 2011, le Front de gauche \u00e9tait pr\u00e9sent dans 83 % des circonscriptions (76% en 2015), dont pr\u00e8s de 70% pour le seul PCF. Mais la couverture g\u00e9ographique est plus large qu\u2019en 2008 (65,2% pour les candidatures PC).<\/p>\n<p>Le chiffre global de 1515 bin\u00f4mes [[Les chiffres du PCF n\u2019indiquent pas les cas (au demeurant tr\u00e8s rares) ou des bin\u00f4mes incluant des formations du Front de gauche sont en concurrence. Par prudence, on parle donc ici de bin\u00f4mes et non de cantons.]] rapproche le total des candidatures pr\u00e9sent\u00e9es par les formations du Front de gauche de celles propos\u00e9es par le PS et ses candidatures dites &#8220;d\u2019Union de la gauche&#8221; (1.553 soit 77,8% des cantons) et par l\u2019UMP et ses candidats &#8220;d\u2019Union de la droite&#8221; (1.575 soit 78,9 % des cantons). Il est sans grande surprise tr\u00e8s au-dessous du total de candidatures FN (1897) et de son taux de couverture cantonale (95%). Le parti de Marine Le Pen b\u00e9n\u00e9ficie de ce point de vue de la dynamique qui joue pour l\u2019instant en sa faveur et\u2026 d\u2019un isolement dans le syst\u00e8me politique qui restreint son immersion dans des alliances \u00e0 droite.<\/p>\n<p>Dans l\u2019ensemble, \u00e0 la diff\u00e9rence des municipales, le regroupement du Front de gauche a plut\u00f4t bien fonctionn\u00e9 : le total des cantons o\u00f9 le FDG est dispers\u00e9 semble se situer au-dessous des 10% des cantons m\u00e9tropolitains. Sur cet ensemble, l\u2019alliance entre le PCF et le PS ne porte que sur 2,5% des bin\u00f4mes (les candidatures de socialistes ne repr\u00e9sentant que 1,3% du total). En revanche, une alliance des Verts avec tout ou partie du FDG  s\u2019est constitu\u00e9e dans 190 cas (12,5%).<\/p>\n<p>Les 22 et 29 mars en diront bien s\u00fbr davantage. Trois donn\u00e9es seront particuli\u00e8rement suivies.<\/p>\n<p><strong>1. Le pourcentage d\u2019abstention. <\/strong> <\/p>\n<p>Le tableau ci-apr\u00e8s rappelle les pourcentages lors des \u00e9lections pass\u00e9es.<\/p>\n<p><img decoding=\"async\" src=\"IMG\/jpg\/departementales-chiffres-3.jpg\" alt=\"departementales-chiffres-3.jpg\" align=\"center\" \/><\/p>\n<p>Apr\u00e8s avoir faibli, des d\u00e9buts de la Ve r\u00e9publique jusqu\u2019au d\u00e9but des ann\u00e9es 1980, le taux d\u2019abstention augmente depuis, les \u00e9lections de 2011 \u00e9tant solidement en t\u00eate avec pr\u00e8s de 56 % d\u2019abstentionnistes.<\/p>\n<p><strong>2. Le score du Front de gauche<\/strong> sera compar\u00e9 \u00e0 celui du total PC-PG de 2011 (8,9 % des exprim\u00e9s) et \u00e0 celui du PCF en 2008 (8,8 %). Le tableau ci-apr\u00e8s donne des \u00e9l\u00e9ments nationaux en plus longue dur\u00e9e [<a href=\"https:\/\/wp.muchomaas.com\/IMG\/jpg\/departementales-chiffres-2-big.jpg?date=1425595495\">cliquez ici<\/a> pour acc\u00e9der \u00e0 l&#8217;image en plus grand format].<\/p>\n<p><img decoding=\"async\" src=\"IMG\/jpg\/departementales-chiffres-2.jpg\" alt=\"departementales-chiffres-2.jpg\" align=\"center\" \/><\/p>\n<p><img loading=\"lazy\" decoding=\"async\" class=\" aligncenter size-full wp-image-21616\" src=\"https:\/\/wp.muchomaas.com\/wp-content\/uploads\/2015\/03\/departementales-chiffres-4-3b0.jpg\" alt=\"departementales-chiffres-4.jpg\" align=\"center\" width=\"460\" height=\"342\" srcset=\"https:\/\/archives.regards.fr\/wp-content\/uploads\/2015\/03\/departementales-chiffres-4-3b0.jpg 460w, https:\/\/archives.regards.fr\/wp-content\/uploads\/2015\/03\/departementales-chiffres-4-3b0-300x223.jpg 300w\" sizes=\"auto, (max-width: 460px) 100vw, 460px\" \/><\/p>\n<p>\u00c0 la veille de l\u2019\u00e9lection, le Front de gauche d\u00e9tient 237 si\u00e8ges de conseillers g\u00e9n\u00e9raux, dont 223 sont class\u00e9s communistes et apparent\u00e9s.<\/p>\n<p><strong>3. Pour ce qui concerne le Front national<\/strong>, on scrutera bien s\u00fbr son r\u00e9sultat national et le nombre de cantons o\u00f9 il sera pr\u00e9sent en second tour. En 2008, des candidats du FN ne sont pr\u00e9sents que dans moins de 2% des cantons en ballotage, mais dans 28% en 2011. Qu\u2019en sera-t-il le 29 mars prochain ?<div id='gallery-1' class='gallery galleryid-8466 gallery-columns-3 gallery-size-thumbnail'><figure class='gallery-item'>\n\t\t\t<div class='gallery-icon landscape'>\n\t\t\t\t<a href='https:\/\/archives.regards.fr\/wp-content\/uploads\/2015\/03\/departementales-chiffres-1-f45.jpg'><img loading=\"lazy\" decoding=\"async\" width=\"150\" height=\"150\" src=\"https:\/\/archives.regards.fr\/wp-content\/uploads\/2015\/03\/departementales-chiffres-1-f45-150x150.jpg\" class=\"attachment-thumbnail size-thumbnail\" alt=\"departementales-chiffres-1.jpg\" \/><\/a>\n\t\t\t<\/div><\/figure><figure class='gallery-item'>\n\t\t\t<div class='gallery-icon landscape'>\n\t\t\t\t<a href='https:\/\/archives.regards.fr\/wp-content\/uploads\/2015\/03\/departementales-chiffres-home-7e0.jpg'><img loading=\"lazy\" decoding=\"async\" width=\"150\" height=\"150\" src=\"https:\/\/archives.regards.fr\/wp-content\/uploads\/2015\/03\/departementales-chiffres-home-7e0-150x150.jpg\" class=\"attachment-thumbnail size-thumbnail\" alt=\"departementales-chiffres-home.jpg\" \/><\/a>\n\t\t\t<\/div><\/figure><figure class='gallery-item'>\n\t\t\t<div class='gallery-icon landscape'>\n\t\t\t\t<a href='https:\/\/archives.regards.fr\/wp-content\/uploads\/2015\/03\/departementales-chiffres-4-3cb.jpg'><img loading=\"lazy\" decoding=\"async\" width=\"150\" height=\"150\" src=\"https:\/\/archives.regards.fr\/wp-content\/uploads\/2015\/03\/departementales-chiffres-4-3cb-150x150.jpg\" class=\"attachment-thumbnail size-thumbnail\" alt=\"departementales-chiffres-4.jpg\" \/><\/a>\n\t\t\t<\/div><\/figure>\n\t\t<\/div>\n<\/p>\n","protected":false},"excerpt":{"rendered":"<p>Le nombre r\u00e9el de candidats \u00e9tiquet\u00e9s communistes ou Front de gauche qui se pr\u00e9sentent aux \u00e9lections d\u00e9partementales a fait l&#8217;objet d&#8217;une controverse entre le PCF et Lib\u00e9ration. Allons voir les chiffres de plus pr\u00e8s afin de tirer cette querelle au clair.<\/p>\n","protected":false},"author":328,"featured_media":21615,"comment_status":"open","ping_status":"open","sticky":false,"template":"","format":"standard","meta":{"_themeisle_gutenberg_block_has_review":false,"footnotes":""},"categories":[210],"tags":[491,406],"class_list":["post-8466","post","type-post","status-publish","format-standard","has-post-thumbnail","hentry","category-qui-veut-la-peau-de-roger-martelli","tag-departementales-2015","tag-pcf"],"_links":{"self":[{"href":"https:\/\/archives.regards.fr\/index.php?rest_route=\/wp\/v2\/posts\/8466","targetHints":{"allow":["GET"]}}],"collection":[{"href":"https:\/\/archives.regards.fr\/index.php?rest_route=\/wp\/v2\/posts"}],"about":[{"href":"https:\/\/archives.regards.fr\/index.php?rest_route=\/wp\/v2\/types\/post"}],"author":[{"embeddable":true,"href":"https:\/\/archives.regards.fr\/index.php?rest_route=\/wp\/v2\/users\/328"}],"replies":[{"embeddable":true,"href":"https:\/\/archives.regards.fr\/index.php?rest_route=%2Fwp%2Fv2%2Fcomments&post=8466"}],"version-history":[{"count":0,"href":"https:\/\/archives.regards.fr\/index.php?rest_route=\/wp\/v2\/posts\/8466\/revisions"}],"wp:featuredmedia":[{"embeddable":true,"href":"https:\/\/archives.regards.fr\/index.php?rest_route=\/wp\/v2\/media\/21615"}],"wp:attachment":[{"href":"https:\/\/archives.regards.fr\/index.php?rest_route=%2Fwp%2Fv2%2Fmedia&parent=8466"}],"wp:term":[{"taxonomy":"category","embeddable":true,"href":"https:\/\/archives.regards.fr\/index.php?rest_route=%2Fwp%2Fv2%2Fcategories&post=8466"},{"taxonomy":"post_tag","embeddable":true,"href":"https:\/\/archives.regards.fr\/index.php?rest_route=%2Fwp%2Fv2%2Ftags&post=8466"}],"curies":[{"name":"wp","href":"https:\/\/api.w.org\/{rel}","templated":true}]}}