{"id":8453,"date":"2015-03-03T11:40:10","date_gmt":"2015-03-03T10:40:10","guid":{"rendered":"https:\/\/wp.muchomaas.com\/article-fn-la-liste-de-la-honte\/"},"modified":"2023-06-23T23:19:07","modified_gmt":"2023-06-23T21:19:07","slug":"article-fn-la-liste-de-la-honte","status":"publish","type":"post","link":"https:\/\/archives.regards.fr\/?p=8453","title":{"rendered":"FN : la liste de la honte"},"content":{"rendered":"<p class=\"post_excerpt\">La Parti communiste fran\u00e7ais a publi\u00e9 une compilation assez sinistre, mais salutaire, des d\u00e9clarations les plus naus\u00e9abondes des candidats du Front national aux \u00e9lections d\u00e9partementales. Les masques ont chang\u00e9, mais ils tombent quand m\u00eame.<\/p>\n<p>Appels \u00e0 battue contre les Arabes, hommages \u00e0 Anders Behring Breijvik, homophobie, islamophobie, p\u00e9tainisme et bien s\u00fbr racisme ou antis\u00e9mitisme : le &#8220;nettoyage&#8221; du FN par Marine Le Pen n&#8217;est en r\u00e9alit\u00e9 qu&#8217;un toilettage qui ne fait pas longtemps illusion sur le terrain.<\/p>\n<div data-configid=\"0\/11668348\" style=\"width:460px; height:172px;\" class=\"issuuembed\"><\/div>\n<p><script type=\"text\/javascript\" src=\"\/\/e.issuu.com\/embed.js\" async=\"true\"><\/script><div id='gallery-1' class='gallery galleryid-8453 gallery-columns-3 gallery-size-thumbnail'><figure class='gallery-item'>\n\t\t\t<div class='gallery-icon landscape'>\n\t\t\t\t<a href='https:\/\/archives.regards.fr\/wp-content\/uploads\/2015\/03\/vigie-fn-2-0dc.jpg'><img loading=\"lazy\" decoding=\"async\" width=\"150\" height=\"150\" src=\"https:\/\/archives.regards.fr\/wp-content\/uploads\/2015\/03\/vigie-fn-2-0dc-150x150.jpg\" class=\"attachment-thumbnail size-thumbnail\" alt=\"vigie-fn-2.jpg\" \/><\/a>\n\t\t\t<\/div><\/figure>\n\t\t<\/div>\n<\/p>\n","protected":false},"excerpt":{"rendered":"<p>La Parti communiste fran\u00e7ais a publi\u00e9 une compilation assez sinistre, mais salutaire, des d\u00e9clarations les plus naus\u00e9abondes des candidats du Front national aux \u00e9lections d\u00e9partementales. Les masques ont chang\u00e9, mais ils tombent quand m\u00eame.<\/p>\n","protected":false},"author":1,"featured_media":21599,"comment_status":"open","ping_status":"open","sticky":false,"template":"","format":"standard","meta":{"_themeisle_gutenberg_block_has_review":false,"footnotes":""},"categories":[208],"tags":[359],"class_list":["post-8453","post","type-post","status-publish","format-standard","has-post-thumbnail","hentry","category-vigie-idees","tag-exclure-de-la-home"],"_links":{"self":[{"href":"https:\/\/archives.regards.fr\/index.php?rest_route=\/wp\/v2\/posts\/8453","targetHints":{"allow":["GET"]}}],"collection":[{"href":"https:\/\/archives.regards.fr\/index.php?rest_route=\/wp\/v2\/posts"}],"about":[{"href":"https:\/\/archives.regards.fr\/index.php?rest_route=\/wp\/v2\/types\/post"}],"author":[{"embeddable":true,"href":"https:\/\/archives.regards.fr\/index.php?rest_route=\/wp\/v2\/users\/1"}],"replies":[{"embeddable":true,"href":"https:\/\/archives.regards.fr\/index.php?rest_route=%2Fwp%2Fv2%2Fcomments&post=8453"}],"version-history":[{"count":0,"href":"https:\/\/archives.regards.fr\/index.php?rest_route=\/wp\/v2\/posts\/8453\/revisions"}],"wp:featuredmedia":[{"embeddable":true,"href":"https:\/\/archives.regards.fr\/index.php?rest_route=\/wp\/v2\/media\/21599"}],"wp:attachment":[{"href":"https:\/\/archives.regards.fr\/index.php?rest_route=%2Fwp%2Fv2%2Fmedia&parent=8453"}],"wp:term":[{"taxonomy":"category","embeddable":true,"href":"https:\/\/archives.regards.fr\/index.php?rest_route=%2Fwp%2Fv2%2Fcategories&post=8453"},{"taxonomy":"post_tag","embeddable":true,"href":"https:\/\/archives.regards.fr\/index.php?rest_route=%2Fwp%2Fv2%2Ftags&post=8453"}],"curies":[{"name":"wp","href":"https:\/\/api.w.org\/{rel}","templated":true}]}}