{"id":8452,"date":"2015-03-03T11:09:03","date_gmt":"2015-03-03T10:09:03","guid":{"rendered":"https:\/\/wp.muchomaas.com\/article-de-quoi-rokhaya-diallo-est-elle-la\/"},"modified":"2015-03-03T11:09:03","modified_gmt":"2015-03-03T10:09:03","slug":"article-de-quoi-rokhaya-diallo-est-elle-la","status":"publish","type":"post","link":"https:\/\/archives.regards.fr\/?p=8452","title":{"rendered":"De quoi Rokhaya Diallo est-elle la cible ?"},"content":{"rendered":"<p class=\"post_excerpt\">Pourquoi tant de haine ? Journaliste, f\u00e9ministe, militante antiraciste et chroniqueuse dans le trimestriel <em>Regards<\/em>, Rokhaya Diallo est devenue l\u2019objet d\u2019attaques d\u2019une violence stup\u00e9fiante. Derni\u00e8re en date : celle de la maire du 20e arrondissement de Paris Fr\u00e9d\u00e9rique Calandra.<\/p>\n<p>On se souvient de l\u2019appel au viol publi\u00e9 dont Rokhaya Diallo fut l\u2019objet sur Twitter \u2013 incitation condamn\u00e9e depuis au tribunal correctionnel \u2013 ou encore de la r\u00e9cente attaque de l\u2019\u00e9ditorialiste du Figaro Ivan Rioufol qui, au lendemain de l\u2019attentat de <em>Charlie Hebdo<\/em>, la sommait sur RTL de se <em>\u00ab d\u00e9solidariser \u00bb<\/em> des assassins <em>\u00ab en tant que musulmane \u00bb<\/em>. <\/p>\n<p>Nous avions d\u00e9j\u00e0 de quoi \u00eatre inquiets \u00e0 l\u2019\u00e9gard de la violence de traitement r\u00e9serv\u00e9e \u00e0 Rokhaya Diallo, dont il n\u2019aura \u00e9chapp\u00e9 \u00e0 personne qu\u2019elle est \u00e0 la fois jeune, femme, noire et musulmane. La derni\u00e8re attaque en date ne vient pas de la droite plus ou moins extr\u00eame mais du PS. La maire du XXe arrondissement de Paris, Fr\u00e9d\u00e9rique Calandra, a d\u00e9cid\u00e9 de d\u00e9programmer sa participation \u00e0 un cycle de d\u00e9bats sur les droits des femmes lors de la semaine du 2 mars 2015 \u00e0 la mairie du 20e arrondissement. <\/p>\n<p>Que lui vaut une telle censure ? Les prises de position de Rokhaya Diallo en 2011-2012, quand elle d\u00e9non\u00e7ait le racisme et l\u2019islamophobie d\u2019une partie de la gauche, dont l\u2019hebdomadaire <em>Charlie Hebdo<\/em> et la journaliste Caroline Fourest. \u00c0 la faveur des drames de janvier dernier, cette critique n\u2019aurait-elle m\u00eame plus droit d\u2019\u00eatre \u00e9nonc\u00e9e et d\u00e9battue ? <\/p>\n<p>Si contente de sa d\u00e9cision arbitraire, Fr\u00e9d\u00e9rique Calendra a ajout\u00e9, tout en nuance et d\u00e9licatesse, qu\u2019elle allait la <em>\u00ab d\u00e9foncer \u00bb<\/em> (dans le d\u00e9bat). \u00c0 la vulgarit\u00e9, s\u2019ajoute pour la maire du XXe arrondissement parisien l\u2019ignorance. Fr\u00e9d\u00e9rique Calendra a avou\u00e9 ne pas conna\u00eetre la sociologue f\u00e9ministe Christine Delphy, raison pour laquelle elle n\u2019a pas \u00e9t\u00e9 exclue du cycle de conf\u00e9rences organis\u00e9es par la mairie. Christine Delphy d\u00e9fend pourtant des positions similaires \u00e0 celles de Rokhaya Diallo. Allez comprendre\u2026 <\/p>\n<p>Que la b\u00eatise existe en ce bas monde, nous le savions. Que les d\u00e9saccords sur la fa\u00e7on de mener les combats antiraciste et f\u00e9ministe existent \u00e0 gauche, nous en savons quelque chose. Mais que cela se termine par la censure \u00e0 l\u2019\u00e9gard de Rokhaya Diallo, est sid\u00e9rant. Et r\u00e9voltant. <\/p>\n<p><strong>\u00c0 lire (et soutenir)<\/strong> : <a href=\"https:\/\/www.change.org\/p\/la-maire-du-20e-arr-de-paris-rokhaya-diallo-lettre-ouverte-\u00e0-f-calandra-maire-du-20e\">lettre ouverte \u00e0 Fr\u00e9d\u00e9rique Calandra<\/a>, par la revue Mouvements.<\/p>\n","protected":false},"excerpt":{"rendered":"<p>Pourquoi tant de haine ? Journaliste, f\u00e9ministe, militante antiraciste et chroniqueuse dans le trimestriel <em>Regards<\/em>, Rokhaya Diallo est devenue l\u2019objet d\u2019attaques d\u2019une violence stup\u00e9fiante. Derni\u00e8re en date : celle de la maire du 20e arrondissement de Paris Fr\u00e9d\u00e9rique Calandra.<\/p>\n","protected":false},"author":328,"featured_media":0,"comment_status":"open","ping_status":"open","sticky":false,"template":"","format":"standard","meta":{"_themeisle_gutenberg_block_has_review":false,"footnotes":""},"categories":[157],"tags":[350],"class_list":["post-8452","post","type-post","status-publish","format-standard","hentry","category-web","tag-racisme"],"_links":{"self":[{"href":"https:\/\/archives.regards.fr\/index.php?rest_route=\/wp\/v2\/posts\/8452","targetHints":{"allow":["GET"]}}],"collection":[{"href":"https:\/\/archives.regards.fr\/index.php?rest_route=\/wp\/v2\/posts"}],"about":[{"href":"https:\/\/archives.regards.fr\/index.php?rest_route=\/wp\/v2\/types\/post"}],"author":[{"embeddable":true,"href":"https:\/\/archives.regards.fr\/index.php?rest_route=\/wp\/v2\/users\/328"}],"replies":[{"embeddable":true,"href":"https:\/\/archives.regards.fr\/index.php?rest_route=%2Fwp%2Fv2%2Fcomments&post=8452"}],"version-history":[{"count":0,"href":"https:\/\/archives.regards.fr\/index.php?rest_route=\/wp\/v2\/posts\/8452\/revisions"}],"wp:attachment":[{"href":"https:\/\/archives.regards.fr\/index.php?rest_route=%2Fwp%2Fv2%2Fmedia&parent=8452"}],"wp:term":[{"taxonomy":"category","embeddable":true,"href":"https:\/\/archives.regards.fr\/index.php?rest_route=%2Fwp%2Fv2%2Fcategories&post=8452"},{"taxonomy":"post_tag","embeddable":true,"href":"https:\/\/archives.regards.fr\/index.php?rest_route=%2Fwp%2Fv2%2Ftags&post=8452"}],"curies":[{"name":"wp","href":"https:\/\/api.w.org\/{rel}","templated":true}]}}