{"id":8432,"date":"2015-02-26T14:41:01","date_gmt":"2015-02-26T13:41:01","guid":{"rendered":"https:\/\/wp.muchomaas.com\/article-emmanuel-macron-verbatim\/"},"modified":"2023-06-23T23:19:05","modified_gmt":"2023-06-23T21:19:05","slug":"article-emmanuel-macron-verbatim","status":"publish","type":"post","link":"https:\/\/archives.regards.fr\/?p=8432","title":{"rendered":"Emmanuel Macron : verbatim"},"content":{"rendered":"<p class=\"post_excerpt\">En quelques mois, et une loi qui porte son nom, le ministre de l&#8217;\u00c9conomie et des Finances s&#8217;est mieux fait conna\u00eetre. Mais c&#8217;est encore au travers de ses propres paroles qu&#8217;il s&#8217;est le mieux d\u00e9fini. Compilation de ses d\u00e9clarations.<\/p>\n<p><strong>Lire aussi <a href=\"https:\/\/wp.muchomaas.com\/web\/article\/macron-portrait-du-liquidateur\">&#8220;Macron, portrait du liquidateur&#8221;<\/a>, avec les posters motivationnels de la Macron philosophie.<\/strong><\/p>\n<p><em>\u00ab L\u2019id\u00e9ologie de gauche classique ne permet pas de penser le r\u00e9el tel qu\u2019il est. Il nous manque des outils \u2013 il faut le reconna\u00eetre. La gauche n\u2019a pas assez repens\u00e9 ses objets. [&#8230;] La gauche moderne est celle qui donne la possibilit\u00e9 aux individus de faire face, m\u00eame aux coups durs. Elle ne peut plus raisonner en termes de statuts. La soci\u00e9t\u00e9 statutaire o\u00f9 tout sera pr\u00e9vu va inexorablement dispara\u00eetre. Il y aura donc des moments difficiles avec l\u2019histoire de la gauche parce que cela supposera de revenir sur des certitudes pass\u00e9es, qui sont, \u00e0 mes yeux, des \u00e9toiles mortes. \u00bb <\/em> (Mediapart, octobre 2013, <a href=\"http:\/\/www.mediapart.fr\/journal\/france\/270814\/emmanuel-macron-la-gauche-classique-est-une-etoile-morte\">propos publi\u00e9s le 27\/08\/2013<\/a>)<\/p>\n<p><em>\u00ab Nous sommes de facto entr\u00e9s dans une p\u00e9riode faite de plus de contraintes, o\u00f9 notre mod\u00e8le se fissure de toutes parts : parce que la contrainte financi\u00e8re, europ\u00e9enne et politico-sociale nous comprime de toutes parts. On ne peut plus pr\u00e9senter la gauche comme l\u2019extension infinie des droits. La gauche classique, c\u2019est \u00eatre pour l\u2019extension des droits, comme entre 1997 et 2002 avec la CMU, les 35H ou le Pacs. \u00bb<\/em> (Mediapart, octobre 2013, propos publi\u00e9s le 27\/08\/2013)<\/p>\n<p><em>\u00ab Aujourd\u2019hui encore, parce que nous sommes en temps de crise, dans un moment de transition, la gauche se crispe sur ses objets. Et ses rep\u00e8res sont tr\u00e8s classiques. Quand on est de gauche, on est contre l\u2019expulsion des \u00e9trangers et pour le pouvoir d\u2019achat des Fran\u00e7ais. Les yeux ferm\u00e9s, j\u2019aurais pu dire la m\u00eame chose il y a 5, 10 ou 15 ans \u2013 ce n\u2019est pas un truc moderne et il n\u2019y a pas d\u2019approche d\u2019ensemble. \u00bb<\/em> (Mediapart, octobre 2013, propos publi\u00e9s le 27\/08\/2013)<\/p>\n<p><em>\u00ab Ce qu\u2019on appelle de mani\u00e8re un peu vieillotte le &#8220;socialisme de l\u2019offre&#8221;, c\u2019est faire attention \u00e0 la r\u00e9partition de la charge entre les diff\u00e9rents acteurs de l\u2019\u00e9conomie. Ce &#8220;socialisme de l\u2019offre&#8221; suppose donc de revisiter un des r\u00e9flexes de la gauche, selon lequel l\u2019entreprise est le lieu de la lutte des classes et d\u2019un d\u00e9salignement profond d\u2019int\u00e9r\u00eats. Elle l\u2019est pour partie \u2013 c\u2019est ce que nous corrigeons avec le droit du travail et le droit social. Mais elle n\u2019est pas que cela : sur le plan \u00e9conomique, elle est un alignement de forces. La bataille n\u2019est pas \u00e0 mener au sein de l\u2019entreprise, mais pour la conqu\u00eate de nouveaux march\u00e9s et de nouveaux clients. Plus une entreprise fran\u00e7aise aura la capacit\u00e9 \u00e0 capter de la valeur ajout\u00e9e et de la croissance, plus elle pourra la redistribuer. Si on reste dans un crit\u00e8re classique de lutte de classes, et donc de division de la collectivit\u00e9 humaine dans l\u2019entreprise, alors on continuera \u00e0 creuser l\u2019impasse dans laquelle on se trouve. \u00bb <\/em> (Mediapart, octobre 2013, propos publi\u00e9s le 27\/08\/2013)<\/p>\n<p><em>\u00ab Je crois qu\u2019il y a vraiment une voie que nous sommes en train de fait de suivre, qui n\u2019est ni cette esp\u00e8ce de r\u00e9flexe de gauche pavlovien qui consiste \u00e0 mal revisiter la lutte des classes, ni cette esp\u00e8ce de lib\u00e9ralisme \u00e0 tout crin qui consiste \u00e0 dire qu\u2019il faut que le capitaliste puisse faire des profits pour \u00eatre heureux et que s\u2019il est heureux et libre, il sera bon pour l\u2019\u00e9conomie. Cette inflexion a du mal \u00e0 dire son nom mais elle change des rep\u00e8res classiques de la gauche sans pour autant \u00eatre sur le terrain de la droite. \u00bb <\/em> (Mediapart, octobre 2013, propos publi\u00e9s le 27\/08\/2013)<\/p>\n<p><em>\u00ab Il y a dans cette soci\u00e9t\u00e9<\/em> [Gad]<em> une majorit\u00e9 de femmes. Il y en a qui sont, pour beaucoup, illettr\u00e9es. \u00bb<\/em> (Europe 1, 17\/09\/2014)<\/p>\n<p><em>\u00ab Il n&#8217;y a pas d&#8217;autre choix que d&#8217;agir pour r\u00e9former. \u00bb<\/em> (Europe 1, 17\/09\/2014)<\/p>\n<p><em>\u00ab Il ne doit pas y avoir de tabou ni de posture. L\u2019assurance ch\u00f4mage est en d\u00e9ficit de 4 milliards d\u2019euros ; quel responsable politique peut s\u2019en satisfaire ? Il y a eu une r\u00e9forme, elle est insuffisante. On ne pourra pas en rester l\u00e0. \u00bb <\/em> (JDD, 12\/10\/2014)<\/p>\n<p><em>\u00ab Le vrai progr\u00e8s r\u00e9side dans la possibilit\u00e9 de donner \u00e0 chacun la libert\u00e9 de choix dans un cadre organis\u00e9 et s\u00e9curis\u00e9 par l\u2019Etat et par les partenaires sociaux. Les 35 heures repr\u00e9sentent parfois une trop grande rigidit\u00e9 pour les entrepreneurs, notamment dans des petites soci\u00e9t\u00e9s. \u00bb<\/em> (Assembl\u00e9e, 20\/11\/2014)<\/p>\n<p><em>\u00ab Le travail du dimanche c\u2019est plus de libert\u00e9 et la libert\u00e9 c\u2019est une valeur de gauche. \u00bb<\/em> (RTL, 11\/12\/2014)<\/p>\n<p><em>\u00ab Il y a beaucoup de Fran\u00e7ais et de Fran\u00e7ais qui aimeraient travailler le dimanche pour pr\u00e9cis\u00e9ment pouvoir se payer le cin\u00e9ma. \u00bb <\/em> (RTL, 11\/12\/2014)<\/p>\n<p><em>\u00ab Un groupe de travail planchera pour rendre la p\u00e9nibilit\u00e9 supportable pour les entreprises. \u00bb<\/em> (Radio Classique, 02\/12\/2014) <\/p>\n<p><em>\u00ab Il faut des jeunes Fran\u00e7ais qui aient envie de devenir milliardaires. \u00bb<\/em> (Les \u00c9chos, 07\/01\/2015)<\/p>\n<p><em>\u00ab La r\u00e9forme, on ne la joue pas aux d\u00e9s : on la fait passer. \u00bb<\/em> (BFMTV, 18\/02\/2015)<\/p>\n<p><em>\u00ab J&#8217;ai peut-\u00eatre ce d\u00e9faut, j&#8217;aime ce que je fais au moment o\u00f9 je le fais. Quand j&#8217;\u00e9tais dans le priv\u00e9, on me disait que j&#8217;\u00e9tais un fonctionnaire. \u00bb<\/em> (BFMTV, 18\/02\/2015)<\/p>\n<p><em>\u00ab J&#8217;ai \u00e0 un moment de ma vie gagn\u00e9 de l&#8217;argent, pas suffisamment pour \u00eatre riche. Je suis libre et volontaire, je n&#8217;ai pas de plan de carri\u00e8re \u00bb<\/em>. (BFMTV, 18\/02\/2015)<\/p>\n<p><em>\u00ab Si j\u2019\u00e9tais ch\u00f4meur, je n\u2019attendrais pas tout de l\u2019autre, j\u2019essaierais de me battre d\u2019abord. \u00bb <\/em> (BFMTV, 18\/01\/2015)<\/p>\n<p><em>\u00ab La gauche qui ne fait rien, ne sert \u00e0 rien. La droite qui n&#8217;a rien fait et qui ne propose rien, ne sert \u00e0 rien. \u00bb <\/em> (BFMTV, 18\/01\/2015)<\/p>\n<p><em>\u00ab \u00catre de gauche aujourd&#8217;hui, c&#8217;est donner \u00e0 chaque moment de la vie la possibilit\u00e9 d&#8217;avancer, de r\u00e9ussir. \u00bb<\/em> (Twitter, 18\/02\/2015)<\/p>\n<p><em>\u00ab Je dis qu&#8217;il faut que notre jeunesse ait envie de r\u00e9ussir. \u00catre de gauche c&#8217;est combattre la rente et permettre \u00e0 chacun d&#8217;aller plus haut. \u00bb<\/em> (BFMTV, 18\/01\/2015)<\/p>\n<p><em>\u00ab La bonne r\u00e9forme, ce n&#8217;est pas l&#8217;immobilisme. Les Fran\u00e7ais n&#8217;attendent pas des grandes r\u00e9formes qui n&#8217;existent pas. Face \u00e0 la grande coalition du d\u00e9ni : oui, nous avons raison. \u00bb <\/em> (Assembl\u00e9e, 18\/01\/2015)<\/p>\n<p><em>\u00ab Quand on est en situation d\u2019urgence \u00e9conomique, on ne peut pas accepter d\u2019\u00eatre stopp\u00e9s par le d\u00e9ni de r\u00e9alit\u00e9, les corporatismes, ou des jeux d\u2019appareil politiciens.<\/em> [\u2026] <em>La Constitution nous donne tous moyens de le faire. Nous n\u2019allons pas d\u00e9cevoir les Fran\u00e7ais, qui veulent que nous agissions. \u00bb <\/em> (JDD, 22\/02\/2015)<\/p>\n<p><em>\u00ab \u00catre de gauche aujourd&#8217;hui, c&#8217;est partir du r\u00e9el, et tout faire pour mettre nos concitoyens en capacit\u00e9 de travailler. \u00bb<\/em> (JDD, 22\/02\/2015)<\/p>\n<p><em>\u00ab Le travail c&#8217;est une valeur de la gauche, pas le conservatisme. \u00bb<\/em> (JDD, 22\/02\/2015)<\/p>\n<p><em>\u00ab Pour moi \u00eatre de gauche c&#8217;est rendre l&#8217;homme capable. \u00bb <\/em> (France 2, 12\/03\/2015)<\/p>\n<p><em>\u00ab On ne commence jamais un match de football en pensant que l&#8217;on va perdre. \u00bb<\/em> (BBC, 16\/03\/2015)<\/p>\n<p><em>\u00ab Les Fran\u00e7ais se moquent de savoir si je suis socialiste de gauche, de droite ou social-lib\u00e9ral. \u00bb<\/em> (iT\u00e9l\u00e9, 26\/06\/2015)<\/p>\n<p><em>\u00ab Le FN est un Syriza \u00e0 la fran\u00e7aise, c\u2019est le repli sur soi. \u00bb<\/em> (La Provence, 06\/07\/2015)<\/p>\n<p><em>\u00ab Il y a dans le processus d\u00e9mocratique et dans son fonctionnement un absent. Dans la politique fran\u00e7aise, cet absent est la figure du roi, dont je pense fondamentalement que le peuple fran\u00e7ais n\u2019a pas voulu la mort. \u00bb<\/em> (Le Point, 08\/07\/2015)<\/p>\n<p><em>\u00ab Je compte sur vous pour engager plus d\u2019apprentis. C\u2019est d\u00e9sormais gratuit quand ils sont mineurs. \u00bb<\/em> (Universit\u00e9 d\u2019\u00e9t\u00e9 du Medef, 79\/08\/2015)<\/p>\n<p>\u00ab [Nicolas Sarkozy] <em>n\u2019a pas fait du thatch\u00e9risme, il l\u2019a mim\u00e9. Il n\u2019a pas touch\u00e9 aux droits sociaux, et il a augment\u00e9 la d\u00e9pense publique ! \u00bb<\/em> (18\/09\/2015)<\/p>\n<p><em>\u00ab On va progressivement entrer dans une zone \u2013 on y est d\u00e9j\u00e0 d\u2019ailleurs \u2013 o\u00f9 la justification d\u2019avoir un emploi \u00e0 vie garanti sur des missions qui ne le justifient plus sera de moins en moins d\u00e9fendable. \u00bb <\/em> (18\/09\/2015)<\/p>\n<p><em>\u00ab Les jeunes g\u00e9n\u00e9rations veulent devenir entrepreneurs, pas fonctionnaires. \u00bb <\/em> (24\/09\/2015)<\/p>\n<p><em>\u00ab J\u2019assume qu\u2019il y ait un lib\u00e9ralisme. Le lib\u00e9ralisme est une valeur de gauche. \u00bb<\/em> (Le Monde, 27\/09\/2015)<\/p>\n<p><em>\u00ab Si on ne s\u2019\u00e9mancipe pas par le travail, je ne sais pas par quoi on s\u2019\u00e9mancipe. \u00bb<\/em> (27\/09\/2015)<\/p>\n<p><em>\u00ab La r\u00e9forme du pays c\u2019est de laisser les gens la faire. \u00bb<\/em> (01netTV, 07\/01\/2016)<\/p>\n<p><em>\u00ab La vie d\u2019un entrepreneur est bien plus dure que celle d\u2019un salari\u00e9. \u00bb<\/em> (RMC, 20\/01\/2016)<\/p>\n<p><em>\u00ab Nous avons une force, c\u2019est que nous avons le CAC 40. Le paradoxe c\u2019est que beaucoup trop de Fran\u00e7ais ne l\u2019aiment pas. \u00bb<\/em> (18\/03\/2016)<\/p>\n<p><em>\u00ab Je suis d\u2019un gouvernement de gauche et je l\u2019assume totalement avec les valeurs auxquelles je crois et ce qui me caract\u00e9rise. Mais je veux travailler avec des gens qui se sentent aujourd\u2019hui \u00e0 droite, aussi. \u00bb<\/em> (06\/04\/2016) <\/p>\n<p>[\u00c0 un opposant \u00e0 la loi travail] <em>\u00ab Vous n\u2019allez pas me faire peur avec votre tee-shirt. La meilleure fa\u00e7on de se payer un costard, c\u2019est de travailler. \u00bb<\/em> (27\/05\/2016) <\/p>\n<p><em>\u00ab On ne tutoie pas un ministre, on ne l\u2019invective pas. \u00bb<\/em> (AFP, 31\/05\/2016) <\/p>\n<p><em>\u00ab Si on arrive devant les gens dans le contexte politique et social qu\u2019on conna\u00eet en leur disant \u2019j\u2019ai une bonne id\u00e9e, ce matin, on va supprimer ou r\u00e9former l\u2019ISF (&#8230;), \u00e0 mon avis \u00e7a ne va pas plaire \u00e0 tout le monde. \u00bb<\/em> (23\/06\/2016)<\/p>\n<p><em>\u00ab L\u2019honn\u00eatet\u00e9 m\u2019oblige \u00e0 vous dire que je ne suis pas socialiste. \u00bb<\/em> (19\/08\/2016) <\/p>\n<p><em>\u00ab\u00a0Je suis pour les libert\u00e9s sur le plan \u00e9conomique et social. La libert\u00e9 permet une plus grande \u00e9galit\u00e9. \u00bb <\/em> (France Inter, 04\/09\/2016)<\/p>\n<p><em>\u00ab\u00a0Je ne fais pas les unes de la presse people ; la presse people fait des unes sur moi.\u00a0\u00bb<\/em> (France Inter, 04\/09\/2016)<\/p>\n<p><em>\u00ab\u00a0Quand on est jeune, 35 heures, ce n&#8217;est pas long.\u00a0\u00bb<\/em> (L&#8217;Obs, 09\/11\/2016)<\/p>\n<p><strong>Lire aussi <a href=\"https:\/\/wp.muchomaas.com\/web\/article\/macron-portrait-du-liquidateur\">&#8220;Macron, portrait du liquidateur&#8221;<\/a>, avec les posters motivationnels de la Macron philosophie.<\/strong><div id='gallery-1' class='gallery galleryid-8432 gallery-columns-3 gallery-size-thumbnail'><figure class='gallery-item'>\n\t\t\t<div class='gallery-icon landscape'>\n\t\t\t\t<a href='https:\/\/archives.regards.fr\/wp-content\/uploads\/2015\/02\/macron-verbatim-952.jpg'><img loading=\"lazy\" decoding=\"async\" width=\"150\" height=\"150\" src=\"https:\/\/archives.regards.fr\/wp-content\/uploads\/2015\/02\/macron-verbatim-952-150x150.jpg\" class=\"attachment-thumbnail size-thumbnail\" alt=\"macron-verbatim.jpg\" \/><\/a>\n\t\t\t<\/div><\/figure>\n\t\t<\/div>\n<\/p>\n","protected":false},"excerpt":{"rendered":"<p>En quelques mois, et une loi qui porte son nom, le ministre de l&#8217;\u00c9conomie et des Finances s&#8217;est mieux fait conna\u00eetre. Mais c&#8217;est encore au travers de ses propres paroles qu&#8217;il s&#8217;est le mieux d\u00e9fini. Compilation de ses d\u00e9clarations.<\/p>\n","protected":false},"author":1188,"featured_media":21572,"comment_status":"open","ping_status":"open","sticky":false,"template":"","format":"standard","meta":{"_themeisle_gutenberg_block_has_review":false,"footnotes":""},"categories":[157],"tags":[487,359,390],"class_list":["post-8432","post","type-post","status-publish","format-standard","has-post-thumbnail","hentry","category-web","tag-emmanuel-macron","tag-exclure-de-la-home","tag-parti-socialiste"],"_links":{"self":[{"href":"https:\/\/archives.regards.fr\/index.php?rest_route=\/wp\/v2\/posts\/8432","targetHints":{"allow":["GET"]}}],"collection":[{"href":"https:\/\/archives.regards.fr\/index.php?rest_route=\/wp\/v2\/posts"}],"about":[{"href":"https:\/\/archives.regards.fr\/index.php?rest_route=\/wp\/v2\/types\/post"}],"author":[{"embeddable":true,"href":"https:\/\/archives.regards.fr\/index.php?rest_route=\/wp\/v2\/users\/1188"}],"replies":[{"embeddable":true,"href":"https:\/\/archives.regards.fr\/index.php?rest_route=%2Fwp%2Fv2%2Fcomments&post=8432"}],"version-history":[{"count":0,"href":"https:\/\/archives.regards.fr\/index.php?rest_route=\/wp\/v2\/posts\/8432\/revisions"}],"wp:featuredmedia":[{"embeddable":true,"href":"https:\/\/archives.regards.fr\/index.php?rest_route=\/wp\/v2\/media\/21572"}],"wp:attachment":[{"href":"https:\/\/archives.regards.fr\/index.php?rest_route=%2Fwp%2Fv2%2Fmedia&parent=8432"}],"wp:term":[{"taxonomy":"category","embeddable":true,"href":"https:\/\/archives.regards.fr\/index.php?rest_route=%2Fwp%2Fv2%2Fcategories&post=8432"},{"taxonomy":"post_tag","embeddable":true,"href":"https:\/\/archives.regards.fr\/index.php?rest_route=%2Fwp%2Fv2%2Ftags&post=8432"}],"curies":[{"name":"wp","href":"https:\/\/api.w.org\/{rel}","templated":true}]}}