{"id":8431,"date":"2015-02-26T14:39:43","date_gmt":"2015-02-26T13:39:43","guid":{"rendered":"https:\/\/wp.muchomaas.com\/article-macron-portrait-du-liquidateur\/"},"modified":"2023-06-23T23:19:05","modified_gmt":"2023-06-23T21:19:05","slug":"article-macron-portrait-du-liquidateur","status":"publish","type":"post","link":"https:\/\/archives.regards.fr\/?p=8431","title":{"rendered":"Macron, portrait du liquidateur"},"content":{"rendered":"<p class=\"post_excerpt\">Pour savoir de quoi le ministre de l&#8217;\u00c9conomie est le nom, il suffit de lire ses mots. Ouvrons le Macronomicon, le livre des formules magiques qui vont achever de m\u00e9tamorphoser le PS. Bonus: six posters inspirationnels de la Macron philosophie.<\/p>\n<p>Emmanuel Macron est d&#8217;abord un bon produit m\u00e9diatique, que le gouvernement n&#8217;a d&#8217;ailleurs pas craint de <a href=\"https:\/\/pbs.twimg.com\/media\/B-OldMqIQAAdU7Y.jpg:large\">figurer comme tel<\/a>. Ses trente-sept ans donnent l&#8217;illusion d&#8217;un renouvellement de la classe politique, l\u00e0 o\u00f9 il n&#8217;y a qu&#8217;un petit saut g\u00e9n\u00e9rationnel au sein de la m\u00eame \u00e9lite (lire aussi <a href=\"https:\/\/wp.muchomaas.com\/web\/article\/les-zombies-de-l-elysee\">&#8220;Les zombies de l&#8217;\u00c9lys\u00e9e&#8221;<\/a>). En acc\u00e9dant au portefeuille de l&#8217;\u00c9conomie seulement dix ans apr\u00e8s son dipl\u00f4me de l&#8217;ENA, il a juste raccourci une trajectoire classique, qui rappelle les pr\u00e9c\u00e9dents Val\u00e9ry Giscard d&#8217;Estaing ou Laurent Fabius \u2013 la caution de la calvitie pr\u00e9coce en moins, avantageusement palli\u00e9e par une allure qui n&#8217;a pas \u00e9chapp\u00e9 aux chroniqueurs. <\/p>\n<p>Emmanuel Macron est surtout un social-lib\u00e9ral &#8220;natif&#8221;. Contrairement aux vieux routiers du PS, pass\u00e9s par bien des renonciations et bien des conversions, son logiciel n&#8217;a pas eu besoin d&#8217;\u00eatre maintes fois reprogramm\u00e9. Lui a toujours \u00e9t\u00e9 en phase avec les id\u00e9es de l&#8217;\u00e9poque, il est d&#8217;\u00e2ge \u00e0 n&#8217;avoir connu qu&#8217;elles et incarne l&#8217;aboutissement de la conqu\u00eate id\u00e9ologique men\u00e9e depuis trente ou quarante ans. <\/p>\n<p><strong><em>Aux fronti\u00e8res du \u00ab r\u00e9el \u00bb<br \/>\n<\/strong><\/em><\/p>\n<p>Aussi Macron parle-t-il couramment la langue dominante. Les <em>\u00ab r\u00e9formes n\u00e9cessaires \u00bb<\/em> lui sont aussi naturelles que l&#8217;eau du bocal \u00e0 un poisson rouge (qui par ailleurs ne con\u00e7oit pas le bocal). Pour lui, il n&#8217;y a aucun renversement lexical \u00e0 fustiger les <em>\u00ab conservatismes \u00bb<\/em> et <em>\u00ab l&#8217;immobilisme \u00bb<\/em>, \u00e0 se r\u00e9clamer de la <em>\u00ab libert\u00e9 \u00bb<\/em> et du <em>\u00ab progr\u00e8s \u00bb<\/em>. Ni de crainte \u00e0 manier les contresens et les sophismes : <em>\u00ab Le travail du dimanche c\u2019est plus de libert\u00e9 et la libert\u00e9 c\u2019est une valeur de gauche. \u00bb <\/em> <\/p>\n<p>Macron se r\u00e9clame de la <em>\u00ab r\u00e9alit\u00e9 \u00bb<\/em>, et bien s\u00fbr, il ne saurait y en avoir qu&#8217;une. <em>\u00ab L\u2019id\u00e9ologie de gauche classique ne permet pas de penser le r\u00e9el tel qu\u2019il est \u00bb<\/em>, redondait-il en octobre 2013. Vivre et penser dans la tranquille inconscience de l&#8217;id\u00e9ologie qui les gouverne, c&#8217;est encore la solution la plus confortable, pour ceux qui nous gouvernent. L&#8217;id\u00e9ologie, c&#8217;est les autres, et <em>\u00ab \u00eatre de gauche, c&#8217;est partir du r\u00e9el \u00bb<\/em>\u2026 <\/p>\n<p>Lui a donc <em>\u00ab raison \u00bb<\/em> contre <em>\u00ab la grande coalition du d\u00e9ni \u00bb<\/em> (car il faut faire mine de penser que l&#8217;opposition n&#8217;est pas d\u00e9j\u00e0 vaincue et marginalis\u00e9e). Il fustige <em>\u00ab la gauche qui ne fait rien<\/em> [et] <em>la droite qui n&#8217;a rien fait \u00bb<\/em>, il est dans <em>\u00ab l&#8217;action \u00bb<\/em> : <em>\u00ab Il n&#8217;y a pas d&#8217;autre choix que d&#8217;agir pour r\u00e9former \u00bb<\/em>; <em>\u00ab Les Fran\u00e7ais veulent que nous agissions \u00bb<\/em> ; <em>\u00ab Nous avons le devoir d&#8217;agir vite. \u00bb<\/em> Pour appliquer le programme, nul besoin de s&#8217;encombrer d&#8217;\u00e9tats d&#8217;\u00e2me.<\/p>\n<p><strong><em>Macron, c&#8217;est un peu l&#8217;Am\u00e9rique<br \/>\n<\/strong><\/em><\/p>\n<p>Le discours est tellement en phase avec le lib\u00e9ralisme actuel qu&#8217;il doit faire sonner les cloches de Saint-Paul \u00e0 la City de Londres, notamment quand il s&#8217;agit de faire l&#8217;\u00e9loge de la volont\u00e9 et l&#8217;apologie de la r\u00e9ussite. Il est en effet plus facile, aujourd&#8217;hui, de trouver des exemples de success stories individuelles que les preuves d&#8217;un progr\u00e8s g\u00e9n\u00e9ral : en t\u00e9moigne la fameuse invitation faite aux jeunes d&#8217;avoir envie d&#8217;\u00eatre milliardaires. <\/p>\n<p>Le volontarisme et le &#8220;volontariat&#8221; du travail du dimanche : les b\u00e9b\u00e9s Reagan sont bien au pouvoir. On note l&#8217;insistance \u00e0 d\u00e9finir ce que signifie <em>\u00ab \u00catre de gauche \u00bb<\/em>, selon une conception syst\u00e9matiquement individualiste : <em>\u00ab donner \u00e0 chaque moment de la vie la possibilit\u00e9 d&#8217;avancer, de r\u00e9ussir \u00bb ; \u00ab donner la possibilit\u00e9 aux individus de faire face \u00bb ; \u00ab permettre \u00e0 chacun d&#8217;aller plus haut \u00bb.<\/em> Macron, c&#8217;est un peu l&#8217;Am\u00e9rique.<\/p>\n<p>Parfois, le naturel ressurgit, celui d&#8217;un cynisme mal r\u00e9prim\u00e9. Ce furent les ouvri\u00e8res de Gad qualifi\u00e9es d&#8217;illettr\u00e9es, ou le r\u00e9cent : <em>\u00ab Si j\u2019\u00e9tais ch\u00f4meur, je n\u2019attendrais pas tout de l\u2019autre, j\u2019essaierais de me battre d\u2019abord. \u00bb \u00ab Il y a beaucoup de Fran\u00e7ais et de Fran\u00e7ais qui aimeraient travailler le dimanche pour pr\u00e9cis\u00e9ment pouvoir se payer le cin\u00e9ma \u00bb<\/em>, disait-il encore. <em>\u00ab J&#8217;ai \u00e0 un moment de ma vie gagn\u00e9 de l&#8217;argent, pas suffisamment pour \u00eatre riche \u00bb,<\/em> a-t-il aussi dit. Ce <em>\u00ab moment \u00bb<\/em> (un an et demi) lui a <a href=\"http:\/\/www.mediapart.fr\/journal\/france\/231214\/declaration-dinterets-de-macron-24-millions-chez-rothschild-en-18-mois\">rapport\u00e9 2,4 millions d&#8217;euros<\/a>\u2026 Au-del\u00e0 de son bocal, notre \u00e9lite peine \u00e0 se repr\u00e9senter le monde autrement qu&#8217;avec ses propres cat\u00e9gories, \u00e0 ressentir cette humanit\u00e9 que figurent si mal les donn\u00e9es \u00e9conomiques. <\/p>\n<p><strong><em>En finir avec la gauche<br \/>\n<\/strong><\/em><\/p>\n<p>Macron est l\u00e0 pour passer un dernier coup de balai sur les convictions socialistes, de l&#8217;ext\u00e9rieur de ce parti dont il n&#8217;est plus encart\u00e9. Il s&#8217;agit de liquider les <em>\u00ab archa\u00efsmes \u00bb<\/em>. La lutte des classes, <em>\u00ab ce n&#8217;est pas un truc moderne \u00bb,<\/em> et l&#8217;entreprise n&#8217;en est pas le lieu. Il faut renoncer \u00e0 cette <em>\u00ab gauche classique \u00bb<\/em> qui veut <em>\u00ab l&#8217;extension infinie des droits \u00bb<\/em>, \u00e0 ses <em>\u00ab certitudes pass\u00e9es \u00bb<\/em> qui sont <em>\u00ab des \u00e9toiles mortes \u00bb<\/em>, pour embrasser une <em>\u00ab gauche moderne \u00bb<\/em> qui doit <em>\u00ab perdre ses r\u00e9flexes pavloviens \u00bb<\/em>\u2026  <\/p>\n<p>La transformation du PS en &#8220;Parti pragmatique&#8221;, selon le mot de Beno\u00eet Hamon, est en cours d&#8217;ach\u00e8vement. Un parti d\u00e9mocrate \u00e0 l&#8217;am\u00e9ricaine qui se tient tout pr\u00e8s de l&#8217;axe pr\u00e9sent\u00e9 comme celui s\u00e9parant la droite de la gauche. Mod\u00e9r\u00e9ment lib\u00e9ral sur le plan des m\u0153urs et de la culture, radicalement lib\u00e9ral au sens \u00e9conomique du terme. La droite classique en est fort ennuy\u00e9e, \u00e0 se voir couper l&#8217;herbe sous le pied, parvenant difficilement (mais ainsi encourag\u00e9e) \u00e0 promettre de faire plus radical. D\u00e9j\u00e0 tent\u00e9e par le vote de la loi Macron, la voici r\u00e9duite \u00e0 fustiger <em>\u00ab l&#8217;ego surdimensionn\u00e9 \u00bb<\/em> du ministre. <\/p>\n<p>La loi Macron n&#8217;est jamais qu&#8217;un pr\u00e9lude : <em>\u00ab De nouvelles r\u00e9formes sociales arrivent \u00bb<\/em>, annonce-t-il dans le <em>JDD<\/em> du 22 f\u00e9vrier. Et ce <em>\u00ab sociales \u00bb<\/em> ne sera pas le moindre de ses oxymores. <em>\u00ab Il ne doit pas y avoir de tabou ni de posture \u00bb, \u00ab la soci\u00e9t\u00e9 statutaire va inexorablement dispara\u00eetre \u00bb<\/em>, avait-il averti en 2013. La <em>\u00ab\u00a0gauche moderne\u00a0\u00bb <\/em> de Macron peut d&#8217;autant mieux se d\u00e9complexer qu&#8217;elle n&#8217;est ni moderne, ni de gauche.<div id='gallery-1' class='gallery galleryid-8431 gallery-columns-3 gallery-size-thumbnail'><figure class='gallery-item'>\n\t\t\t<div class='gallery-icon landscape'>\n\t\t\t\t<a href='https:\/\/archives.regards.fr\/wp-content\/uploads\/2015\/02\/macron-philosophie-2-3bb.jpg'><img loading=\"lazy\" decoding=\"async\" width=\"150\" height=\"150\" src=\"https:\/\/archives.regards.fr\/wp-content\/uploads\/2015\/02\/macron-philosophie-2-3bb-150x150.jpg\" class=\"attachment-thumbnail size-thumbnail\" alt=\"macron-philosophie-2.jpg\" \/><\/a>\n\t\t\t<\/div><\/figure><figure class='gallery-item'>\n\t\t\t<div class='gallery-icon landscape'>\n\t\t\t\t<a href='https:\/\/archives.regards.fr\/wp-content\/uploads\/2015\/02\/macron-philosophie-3-06d.jpg'><img loading=\"lazy\" decoding=\"async\" width=\"150\" height=\"150\" src=\"https:\/\/archives.regards.fr\/wp-content\/uploads\/2015\/02\/macron-philosophie-3-06d-150x150.jpg\" class=\"attachment-thumbnail size-thumbnail\" alt=\"macron-philosophie-3.jpg\" \/><\/a>\n\t\t\t<\/div><\/figure><figure class='gallery-item'>\n\t\t\t<div class='gallery-icon landscape'>\n\t\t\t\t<a href='https:\/\/archives.regards.fr\/wp-content\/uploads\/2015\/02\/macron-philosophie-6-ce3.jpg'><img loading=\"lazy\" decoding=\"async\" width=\"150\" height=\"150\" src=\"https:\/\/archives.regards.fr\/wp-content\/uploads\/2015\/02\/macron-philosophie-6-ce3-150x150.jpg\" class=\"attachment-thumbnail size-thumbnail\" alt=\"macron-philosophie-6.jpg\" \/><\/a>\n\t\t\t<\/div><\/figure><figure class='gallery-item'>\n\t\t\t<div class='gallery-icon landscape'>\n\t\t\t\t<a href='https:\/\/archives.regards.fr\/wp-content\/uploads\/2015\/02\/macron-portrait-ed4.jpg'><img loading=\"lazy\" decoding=\"async\" width=\"150\" height=\"150\" src=\"https:\/\/archives.regards.fr\/wp-content\/uploads\/2015\/02\/macron-portrait-ed4-150x150.jpg\" class=\"attachment-thumbnail size-thumbnail\" alt=\"macron-portrait.jpg\" \/><\/a>\n\t\t\t<\/div><\/figure>\n\t\t<\/div>\n<\/p>\n","protected":false},"excerpt":{"rendered":"<p>Pour savoir de quoi le ministre de l&#8217;\u00c9conomie est le nom, il suffit de lire ses mots. Ouvrons le Macronomicon, le livre des formules magiques qui vont achever de m\u00e9tamorphoser le PS. Bonus: six posters inspirationnels de la Macron philosophie.<\/p>\n","protected":false},"author":1188,"featured_media":21567,"comment_status":"open","ping_status":"open","sticky":false,"template":"","format":"standard","meta":{"_themeisle_gutenberg_block_has_review":false,"footnotes":""},"categories":[157],"tags":[487,390],"class_list":["post-8431","post","type-post","status-publish","format-standard","has-post-thumbnail","hentry","category-web","tag-emmanuel-macron","tag-parti-socialiste"],"_links":{"self":[{"href":"https:\/\/archives.regards.fr\/index.php?rest_route=\/wp\/v2\/posts\/8431","targetHints":{"allow":["GET"]}}],"collection":[{"href":"https:\/\/archives.regards.fr\/index.php?rest_route=\/wp\/v2\/posts"}],"about":[{"href":"https:\/\/archives.regards.fr\/index.php?rest_route=\/wp\/v2\/types\/post"}],"author":[{"embeddable":true,"href":"https:\/\/archives.regards.fr\/index.php?rest_route=\/wp\/v2\/users\/1188"}],"replies":[{"embeddable":true,"href":"https:\/\/archives.regards.fr\/index.php?rest_route=%2Fwp%2Fv2%2Fcomments&post=8431"}],"version-history":[{"count":0,"href":"https:\/\/archives.regards.fr\/index.php?rest_route=\/wp\/v2\/posts\/8431\/revisions"}],"wp:featuredmedia":[{"embeddable":true,"href":"https:\/\/archives.regards.fr\/index.php?rest_route=\/wp\/v2\/media\/21567"}],"wp:attachment":[{"href":"https:\/\/archives.regards.fr\/index.php?rest_route=%2Fwp%2Fv2%2Fmedia&parent=8431"}],"wp:term":[{"taxonomy":"category","embeddable":true,"href":"https:\/\/archives.regards.fr\/index.php?rest_route=%2Fwp%2Fv2%2Fcategories&post=8431"},{"taxonomy":"post_tag","embeddable":true,"href":"https:\/\/archives.regards.fr\/index.php?rest_route=%2Fwp%2Fv2%2Ftags&post=8431"}],"curies":[{"name":"wp","href":"https:\/\/api.w.org\/{rel}","templated":true}]}}