{"id":8427,"date":"2015-02-25T11:45:58","date_gmt":"2015-02-25T10:45:58","guid":{"rendered":"https:\/\/wp.muchomaas.com\/article-puissante-et-incontrolee-la-troika\/"},"modified":"2015-02-25T11:45:58","modified_gmt":"2015-02-25T10:45:58","slug":"article-puissante-et-incontrolee-la-troika","status":"publish","type":"post","link":"https:\/\/archives.regards.fr\/?p=8427","title":{"rendered":"Puissante et incontr\u00f4l\u00e9e : la Tro\u00efka"},"content":{"rendered":"<p class=\"post_excerpt\">Qui est la &#8220;Tro\u00efka&#8221; qui dicte ses conditions aux \u00c9tats europ\u00e9ens et a impos\u00e9 une aust\u00e9rit\u00e9 d\u00e9sastreuse en Gr\u00e8ce ? L&#8217;enqu\u00eate d&#8217;Arte, \u00e9difiante, vient \u00e0 point nomm\u00e9 pour r\u00e9pondre \u00e0 la question.<\/p>\n<p>Fonds mon\u00e9taire international (FMI), Commission europ\u00e9enne (CE), Banque centrale europ\u00e9enne (BCE) : derri\u00e8re l&#8217;appellation de Tro\u00efka op\u00e8rent trois organisations dont la puissance se mesure \u00e0 leur capacit\u00e9 \u00e0 imposer, sans contr\u00f4le d\u00e9mocratique, des politiques \u00e9conomiques aux \u00c9tats europ\u00e9ens. Malgr\u00e9 l&#8217;\u00e9chec global de l&#8217;aust\u00e9rit\u00e9, \u00e9chec tragique en Gr\u00e8ce mais tout aussi complet sur l&#8217;ensemble de l&#8217;Union europ\u00e9enne, ni le pouvoir ni le fonctionnement de cette m\u00e9ta-institution ne sont s\u00e9rieusement interrog\u00e9s.<\/p>\n<p>Le journaliste \u00e9conomique allemand Harald Schumann s\u2019est rendu en Irlande, en Gr\u00e8ce, au Portugal, \u00e0 Chypre, \u00e0 Bruxelles et aux \u00c9tats-Unis pour interroger les parties prenantes des jeux de pouvoir qui contribuent \u00e0 confisquer la d\u00e9mocratie au profit de dogmes de plus en plus manifestement nuisibles \u00e0 l&#8217;int\u00e9r\u00eat g\u00e9n\u00e9ral.<\/p>\n<p><iframe allowfullscreen style='transition-duration:0;transition-property:no;margin:0 auto;position:relative;display:block;background-color:#000000;' frameborder='0' scrolling='no' width='460' height='260' src='http:\/\/www.arte.tv\/arte_vp\/index.php?json_url=http%3A%2F%2Farte.tv%2Fpapi%2Ftvguide%2Fvideos%2Fstream%2Fplayer%2FF%2F051622-000_PLUS7-F%2FALL%2FALL.json&#038;lang=fr_FR&#038;config=arte_tvguide&#038;embed=1&#038;rendering_place=http%3A%2F%2Fwww.arte.tv%2Fguide%2Ffr%2F051622-000%2Fpuissante-et-incontrolee-la-troika%2F%3Fvid%3D051622-000_PLUS7-F&#038;tc_start_from='><\/iframe><\/p>\n","protected":false},"excerpt":{"rendered":"<p>Qui est la &#8220;Tro\u00efka&#8221; qui dicte ses conditions aux \u00c9tats europ\u00e9ens et a impos\u00e9 une aust\u00e9rit\u00e9 d\u00e9sastreuse en Gr\u00e8ce ? L&#8217;enqu\u00eate d&#8217;Arte, \u00e9difiante, vient \u00e0 point nomm\u00e9 pour r\u00e9pondre \u00e0 la question.<\/p>\n","protected":false},"author":1,"featured_media":0,"comment_status":"open","ping_status":"open","sticky":false,"template":"","format":"standard","meta":{"_themeisle_gutenberg_block_has_review":false,"footnotes":""},"categories":[208],"tags":[352,359],"class_list":["post-8427","post","type-post","status-publish","format-standard","hentry","category-vigie-idees","tag-europe","tag-exclure-de-la-home"],"_links":{"self":[{"href":"https:\/\/archives.regards.fr\/index.php?rest_route=\/wp\/v2\/posts\/8427","targetHints":{"allow":["GET"]}}],"collection":[{"href":"https:\/\/archives.regards.fr\/index.php?rest_route=\/wp\/v2\/posts"}],"about":[{"href":"https:\/\/archives.regards.fr\/index.php?rest_route=\/wp\/v2\/types\/post"}],"author":[{"embeddable":true,"href":"https:\/\/archives.regards.fr\/index.php?rest_route=\/wp\/v2\/users\/1"}],"replies":[{"embeddable":true,"href":"https:\/\/archives.regards.fr\/index.php?rest_route=%2Fwp%2Fv2%2Fcomments&post=8427"}],"version-history":[{"count":0,"href":"https:\/\/archives.regards.fr\/index.php?rest_route=\/wp\/v2\/posts\/8427\/revisions"}],"wp:attachment":[{"href":"https:\/\/archives.regards.fr\/index.php?rest_route=%2Fwp%2Fv2%2Fmedia&parent=8427"}],"wp:term":[{"taxonomy":"category","embeddable":true,"href":"https:\/\/archives.regards.fr\/index.php?rest_route=%2Fwp%2Fv2%2Fcategories&post=8427"},{"taxonomy":"post_tag","embeddable":true,"href":"https:\/\/archives.regards.fr\/index.php?rest_route=%2Fwp%2Fv2%2Ftags&post=8427"}],"curies":[{"name":"wp","href":"https:\/\/api.w.org\/{rel}","templated":true}]}}