{"id":8426,"date":"2015-02-24T22:46:20","date_gmt":"2015-02-24T21:46:20","guid":{"rendered":"https:\/\/wp.muchomaas.com\/article-grece-la-bataille-n-est-pas-finie\/"},"modified":"2023-07-03T14:34:28","modified_gmt":"2023-07-03T12:34:28","slug":"article-grece-la-bataille-n-est-pas-finie","status":"publish","type":"post","link":"https:\/\/archives.regards.fr\/?p=8426","title":{"rendered":"Gr\u00e8ce : la bataille n\u2019est pas finie"},"content":{"rendered":"<p class=\"post_excerpt\">La Gr\u00e8ce a  finalement obtenu de l\u2019Eurogroupe  une extension pour quatre mois de l\u2019aide financi\u00e8re. Mais le gouvernement grec a d\u00fb accepter  des contreparties plus s\u00e9v\u00e8res que celles qu\u2019il avait esp\u00e9r\u00e9es. Mais la bataille ne fait que commencer<\/p>\n<p>Cela s\u2019est pass\u00e9 en deux temps. Le 19 f\u00e9vrier, un accord a \u00e9t\u00e9 trouv\u00e9 lors de la r\u00e9union des ministres de l\u2019Eurogroupe pour  une extension de quatre mois de l\u2019aide  financi\u00e8re dont la Gr\u00e8ce b\u00e9n\u00e9ficie depuis 2012, qui arrivait \u00e0 \u00e9ch\u00e9ance le 28 f\u00e9vrier. L\u2019accord \u00e9tait soumis  \u00e0 l\u2019acceptation d\u2019un programme  de r\u00e9formes  transmis par le gouvernement grec en d\u00e9but de semaine et finalement accept\u00e9 par  l\u2019Eurogroupe. <\/p>\n<p>L\u2019accord donne lieu \u00e0 une bataille d\u2019interpr\u00e9tation  qui est tout sauf d\u00e9sint\u00e9ress\u00e9e. Relayant  les discours du pr\u00e9sident de l\u2019Eurogroupe ou du ministre allemand des finances  W. Shauble,  la plupart des m\u00e9dias  parlent de d\u00e9faite pour Syriza. C\u2019est aussi l\u2019appr\u00e9ciation de l\u2019aile gauche de Syriza (https:\/\/wp.muchomaas.com\/vigie-medias\/article\/un-echec-de-syriza-peserait-tres), qui se bat depuis le d\u00e9part pour  quitter l\u2019euro au plus vite, contrairement \u00e0 l\u2019engagement pris  durant la campagne \u00e9lectorale victorieuse. Au contraire, Alexis Tsipras a affirm\u00e9 avoir <em>\u00ab gagn\u00e9 une bataille mais pas la guerre \u00bb<\/em>. <em>\u00ab Les difficult\u00e9s, les vraies difficult\u00e9s sont devant nous \u00bb<\/em>, a-t-il ajout\u00e9.<\/p>\n<p>La lecture de la lettre de demande accept\u00e9e le 19 et de la liste des  engagements  pris et accept\u00e9s le 24  montre que  les institutions europ\u00e9ennes ont d\u00fb renoncer \u00e0 l\u2019application du programme  du m\u00e9morandum et d\u2019engagements  de r\u00e9gressions sociales suppl\u00e9mentaires pris par le gouvernement Samaras. Pour autant le nouveau  gouvernement grec a d\u00fb renoncer  \u00e0 la mise en \u0153uvre  imm\u00e9diate d\u2019une hausse du salaire minimum, et \u00e0 une remise en cause de privatisations pass\u00e9es ou engag\u00e9es. il fait cependant acter qu\u2019\u00e0 l\u2019avenir  <em>\u00ab chaque nouveau cas sera examin\u00e9 s\u00e9par\u00e9ment et sur le fond, en privil\u00e9giant les baux de longue dur\u00e9e, les  coentreprises (collaboration public-priv\u00e9) et les contrats qui maximisent non seulement les recettes publiques mais aussi des niveaux potentiels de l&#8217;investissement priv\u00e9 \u00bb<\/em>.<\/p>\n<p><strong><em>Un accord  sous tension<br \/>\n<\/strong><\/em><\/p>\n<p>Rien n\u2019a \u00e9t\u00e9 obtenu en ce qui concerne la dette. La Gr\u00e8ce r\u00e9affirme son engagement  \u00e0 payer  en temps et en heure tous ses cr\u00e9anciers.<br \/>\nUn point cl\u00e9 est celui de l\u2019exc\u00e9dent primaire du budget grec. En 2014 il \u00e9tait de 1,5% du PIB.  Les accords pass\u00e9s  en novembre 2012 dictaient qu\u2019il devait passer \u00e0 3% en 2015 et 4,5% en 2016. Le but est d\u2019arracher aux Grecs les ressources pour payer les int\u00e9r\u00eats et le remboursement de la dette. Mais c\u2019est incompatible avec tout espoir de sortir de l\u2019aust\u00e9rit\u00e9 et de financer les investissements indispensables pour redresser  le pays. De ce point de vue, l\u2019accord du 19 f\u00e9vrier   affirme que les autorit\u00e9s  grecques  devront<em> \u00ab \u00eatre  en ligne \u00bb<\/em> avec  ces engagements. Une souplesse possible est accord\u00e9e pour 2015 en fonction des <em>\u00ab circonstances \u00e9conomiques \u00bb<\/em> et aucun chiffre n\u2019est  donn\u00e9 pour la suite. <\/p>\n<p>Le mot Tro\u00efka n\u2019existe plus, mais subsiste  la stricte surveillance par la Commission europ\u00e9enne,  la Banque centrale europ\u00e9enne et le Fonds mon\u00e9taire international (d\u00e9nomm\u00e9s <em>\u00ab les institutions \u00bb<\/em>).   Les engagements du gouvernement pr\u00e9c\u00e9dent d\u2019augmenter  la TVA et de baisser encore  les retraites ne s\u2019appliqueront pas. Les mesures d\u2019urgence sanitaires sont confirm\u00e9es mais pas la hausse imm\u00e9diate  du salaire minimum et le r\u00e9tablissement des  conventions collectives. <\/p>\n<p>Comme convenu dans l\u2019accord du 19, le gouvernement grec a  fait avaliser par l\u2019Eurogroupe,  la liste  des r\u00e9formes  contenues  dans son programme et effectivement indispensables : la lutte contre la fraude fiscale et la corruption,  la r\u00e9forme de l\u2019administration publique et l\u2019efficacit\u00e9 de l\u2019Etat et de l\u2019intervention publique.   Ce n\u2019est plus la Tro\u00efka qui impose des mauvaises r\u00e9formes tout en n\u2019agissant pas pour de bonnes r\u00e9formes.  La Gr\u00e8ce redevient &#8220;propri\u00e9taire&#8221;\u00bb   de  r\u00e9formes structurelles essentielles pour mettre fin aux  maux  du client\u00e9lisme et de l\u2019\u00e9vasion fiscale.<\/p>\n<p><strong><em>Pour l\u2019exemple<br \/>\n<\/strong><\/em><\/p>\n<p>\u00c0 ce stade,  il ne serait pas fond\u00e9  de dire de l\u2019ext\u00e9rieur  si des erreurs ont \u00e9t\u00e9 commises par le gouvernement grec et si plus aurait pu \u00eatre arrach\u00e9.  Mais de l\u00e0 o\u00f9 nous sommes plac\u00e9s, nous pouvons  dire que les gouvernements socialistes  \u00e0 commencer par celui de la France ou de l\u2019Italie portent une lourde responsabilit\u00e9.  Les gouvernements socialistes comme les gouvernements   conservateurs ou les gouvernements d\u2019union nationale, veulent tous  tuer dans l\u2019\u0153uf l\u2019espoir qu\u2019un cours nouveau pourrait  \u00e9merger, se diffuser  et l\u2019emporter en Europe.  Il faut tout faire  pour que rien ne change. La le\u00e7on donn\u00e9e \u00e0 Madrid lors de la r\u00e9union des partis socialistes de l\u2019Union europ\u00e9enne le 20 f\u00e9vrier par Martin Schultz, l\u2019ancien t\u00eate de liste du PSE aux \u00e9lections europ\u00e9ennes de 2014 a \u00e9t\u00e9 la m\u00eame que celle administr\u00e9e par Wofgang Sha\u00fcble, le ministre des finances CDU de Madame Merkel.  <em>\u00ab La r\u00e9alit\u00e9 n&#8217;est souvent pas aussi belle que les r\u00eaves.  Les Grecs auront sans doute du mal \u00e0 expliquer l&#8217;accord \u00e0 leurs \u00e9lecteurs \u00bb,<\/em> a martel\u00e9 celui-ci (http:\/\/www.mediapart.fr\/journal\/international\/210215\/lallemagne-fait-plier-la-grece). <\/p>\n<p><em>\u00ab On ne peut pas promettre aux \u00e9lecteurs votez pour moi et demain tout changera&#8230; C&#8217;est un r\u00eave et ce n&#8217;est pas r\u00e9aliste \u00bb<\/em> a dit celui-l\u00e0,  en hommage au  c\u00e9l\u00e8bre <em>\u00ab  Je dirais m\u00eame plus \u00bb<\/em> de Dupond et Dupont (http:\/\/tempsreel.nouvelobs.com\/politique\/20150221.AFP9574\/les-socio-democrates-europeens-dont-valls-contre-une-austerite-suicidaire.html).  Moyennant quoi, les socialistes europ\u00e9ens ont d\u00e9nonc\u00e9 <em>\u00ab l\u2019aust\u00e9rit\u00e9 suicidaire \u00bb<\/em> de la politique europ\u00e9enne  (sic). <\/p>\n<p><strong><em>La bataille continue<br \/>\n<\/strong><\/em><\/p>\n<p>Le d\u00e9lai de quatre mois  doit servir  \u00e0 pr\u00e9ciser les r\u00e9formes  et \u00e0 commencer \u00e0 les mettre en \u0153uvre et pour des discussions sur un \u00ab \u00e9ventuel nouvel accord entre la Gr\u00e8ce, les institutions et l&#8217;Eurogroupe\u00bb.<\/p>\n<p>L\u2019enjeu est donc de renforcer le soutien \u00e0 la Gr\u00e8ce, car ce n\u2019est pas seulement l\u2019avenir des Grecs mais celui de tous les europ\u00e9ens qui se joue.<br \/>\nUn point cl\u00e9 reste la question de la dette. Sa restructuration reste insoutenable. Le nier ne pourra pas durer \u00e9ternellement, sauf \u00e0 pousser finalement la Gr\u00e8ce hors de l\u2019euro &#8230; avec alors la certitude  d\u2019un d\u00e9faut massif sur la susdite dette.<\/p>\n<p>PS : Nous publierons dans les prochains jours une interview de  l\u2019\u00e9conomiste Robert  Salais  qui vient de proposer avec  l\u2019\u00e9conomiste Gabriel Colletis  et l\u2019avocat Jean-Philippe Rob\u00e9, sp\u00e9cialis\u00e9 en restructurations internationales &#8220;un plan d\u2019investissements solidaires&#8221; associant restructuration  de la dette  grecque  et relance des investissements productifs.<\/p>\n","protected":false},"excerpt":{"rendered":"<p>La Gr\u00e8ce a  finalement obtenu de l\u2019Eurogroupe  une extension pour quatre mois de l\u2019aide financi\u00e8re. Mais le gouvernement grec a d\u00fb accepter  des contreparties plus s\u00e9v\u00e8res que celles qu\u2019il avait esp\u00e9r\u00e9es. Mais la bataille ne fait que commencer<\/p>\n","protected":false},"author":1240,"featured_media":0,"comment_status":"open","ping_status":"open","sticky":false,"template":"","format":"standard","meta":{"_themeisle_gutenberg_block_has_review":false,"footnotes":""},"categories":[186],"tags":[420,478],"class_list":["post-8426","post","type-post","status-publish","format-standard","hentry","category-les-choses-lues-par-monsieur-marx","tag-grece","tag-syriza"],"_links":{"self":[{"href":"https:\/\/archives.regards.fr\/index.php?rest_route=\/wp\/v2\/posts\/8426","targetHints":{"allow":["GET"]}}],"collection":[{"href":"https:\/\/archives.regards.fr\/index.php?rest_route=\/wp\/v2\/posts"}],"about":[{"href":"https:\/\/archives.regards.fr\/index.php?rest_route=\/wp\/v2\/types\/post"}],"author":[{"embeddable":true,"href":"https:\/\/archives.regards.fr\/index.php?rest_route=\/wp\/v2\/users\/1240"}],"replies":[{"embeddable":true,"href":"https:\/\/archives.regards.fr\/index.php?rest_route=%2Fwp%2Fv2%2Fcomments&post=8426"}],"version-history":[{"count":0,"href":"https:\/\/archives.regards.fr\/index.php?rest_route=\/wp\/v2\/posts\/8426\/revisions"}],"wp:attachment":[{"href":"https:\/\/archives.regards.fr\/index.php?rest_route=%2Fwp%2Fv2%2Fmedia&parent=8426"}],"wp:term":[{"taxonomy":"category","embeddable":true,"href":"https:\/\/archives.regards.fr\/index.php?rest_route=%2Fwp%2Fv2%2Fcategories&post=8426"},{"taxonomy":"post_tag","embeddable":true,"href":"https:\/\/archives.regards.fr\/index.php?rest_route=%2Fwp%2Fv2%2Ftags&post=8426"}],"curies":[{"name":"wp","href":"https:\/\/api.w.org\/{rel}","templated":true}]}}