{"id":8405,"date":"2015-02-19T10:00:00","date_gmt":"2015-02-19T09:00:00","guid":{"rendered":"https:\/\/wp.muchomaas.com\/article-loi-macron-there-is-alternative\/"},"modified":"2023-06-23T23:19:01","modified_gmt":"2023-06-23T21:19:01","slug":"article-loi-macron-there-is-alternative","status":"publish","type":"post","link":"https:\/\/archives.regards.fr\/?p=8405","title":{"rendered":"Loi Macron : there is an alternative"},"content":{"rendered":"<p class=\"post_excerpt\">La journ\u00e9e de mardi devait \u00eatre celle de l\u2019adoption de la loi Macron. Elle restera comme le jour o\u00f9 le premier ministre choisit l\u2019affrontement avec sa majorit\u00e9 et opte pour un passage en force en recourant au 49.3. D\u00e9cryptage.<\/p>\n<p>Invoquant &#8220;l\u2019esprit du 11 janvier&#8221;, les ministres et leaders du PS ont fait valoir l\u2019union nationale pour que les frondeurs ravalent leurs exigences et votent la loi Macron. Le travail du dimanche ou la privatisation des autocars comme r\u00e9ponse aux tueries de janvier\u00a0? Fallait oser. Ils ont tent\u00e9. En vain. En fin de matin\u00e9e mardi, les d\u00e9put\u00e9s socialistes \u00e9taient suffisamment nombreux \u00e0 annoncer un vote contre ou une abstention que le texte n\u2019\u00e9tait pas certain de passer. En tout cas pas sans les voix de d\u00e9put\u00e9s de droite.<\/p>\n<p>On aurait pu penser qu\u2019une voie de compromis serait recherch\u00e9e par le gouvernement. Par exemple, sur la tr\u00e8s embl\u00e9matique mesure du travail du dimanche. Le texte initial pr\u00e9voyait 12 dimanche de travail. Le texte final annonce 12 dimanche de travail. Beaucoup de d\u00e9put\u00e9s, m\u00eame de droite, demandaient des compensations minimales inscrites dans la loi. Ce fut \u00e9galement non. <\/p>\n<p><strong><em>Pouss\u00e9e de testost\u00e9rone<br \/>\n<\/strong><\/em><\/p>\n<p>Valls se justifie\u00a0: la France a besoin d\u2019autorit\u00e9. Le gouvernement assume la carte de l\u2019autoritarisme. Ainsi, le premier ministre continue de parfaire son image. Il s\u2019affirme inflexible aux yeux de l\u2019opinion publique. Mais il joue aussi l\u2019interne. A quelques mois du congr\u00e8s du PS, il croit le moment venu de lancer la charge contre tout ce qui rappelle de pr\u00e8s ou de loin la tradition socialiste n\u00e9e \u00e0 Epinay. La bande des cogneurs se mobilise. Le Guen, Le Foll, Macron ont une pouss\u00e9e de testost\u00e9rone. La violence des propos contre les frondeurs donne la mesure de l\u2019affrontement. Emmanuel Macron estime qu\u2019ils sont <em>\u00ab\u00a0la gauche qui ne fait rien, ne sert \u00e0 rien\u00a0\u00bb<\/em>. Un d\u00e9put\u00e9 PS s\u2019autorise l\u2019expression <em>\u00ab\u00a0ces gens-l\u00e0\u00a0\u00bb<\/em> \u00e0 propos de ses camarades d\u2019h\u00e9micycles. St\u00e9phane Le Foll parle de <em>\u00ab\u00a0soi-disant d\u00e9put\u00e9s\u00a0\u00bb<\/em> et menace d\u2019exclusion du PS quiconque voterait la censure.<\/p>\n<p>La fragilit\u00e9 politique dans laquelle se trouve la gauche radicale est vue comme l\u2019occasion d\u2019\u00e9reinter tous ceux qui, \u00e0 l\u2019int\u00e9rieur du PS, s\u2019\u00e9cartent de la voie gouvernementale. Il n\u2019y a pas d\u2019alternative politique\u00a0: la preuve par le 49.3. Jeudi 19 f\u00e9vrier, les d\u00e9put\u00e9s \u00e9cologistes et socialistes voteront dans leur immense majorit\u00e9 contre la motion de censure, renouvelant de fait la confiance au gouvernement Valls. Le premier ministre y trouvera une satisfaction perverse \u00e0 contraindre les frondeurs \u00e0 plier genoux. Mais la fracture est consomm\u00e9e. <\/p>\n<p><strong><em>Une majorit\u00e9 sans majorit\u00e9<br \/>\n<\/strong><\/em><\/p>\n<p>Le groupe des d\u00e9put\u00e9s Front de gauche a annonc\u00e9 qu\u2019il voterait la motion de censure, marquant une rupture de plus en plus nette avec le PS. Le choix n\u2019est pas simple car voter une motion d\u00e9pos\u00e9e par la droite est susceptible de nourrir des confusions mais ne pas voter la motion de censure est aussi de nature \u00e0 ne pas clarifier ce qui doit l\u2019\u00eatre\u00a0: l\u2019opposition \u00e0 ce gouvernement qui m\u00e8ne au nom de la gauche une politique de droite. C\u2019est la raison pour laquelle la d\u00e9put\u00e9e de Nouvelle donne, Isabelle Attard, avec ses coll\u00e8gues communistes, notamment Andr\u00e9 Chassaigne et Marie-George Buffet, a propos\u00e9 aux d\u00e9put\u00e9s EELV et frondeurs socialistes de d\u00e9poser une motion de censure de gauche. Ces derniers n\u2019ont pas saisi la main tendue mais, de toute fa\u00e7on, le seuil de 58 d\u00e9put\u00e9s pour pouvoir d\u00e9poser une motion de censure rendait peu r\u00e9aliste la mise en \u0153uvre d\u2019une telle proposition. <\/p>\n<p>Celle-ci avait le m\u00e9rite de donner \u00e0 voir la d\u00e9marche de celles et ceux qui veulent la peau de la loi Macron et contester \u00e0 gauche le cap gouvernemental. C\u2019est aussi une fa\u00e7on de poser un jalon\u00a0: la majorit\u00e9 n\u2019ayant plus de majorit\u00e9, il faut bien travailler \u00e0 une autre dynamique politique \u00e0 gauche. Au travers des critiques de gauche adress\u00e9es au gouvernement se dessine un nouveau p\u00f4le politique, divers mais finalement assez coh\u00e9rent sur sa volont\u00e9 de contester les normes lib\u00e9rales, de porter la transition \u00e9cologique, de changer de R\u00e9publique ou de redonner du tranchant \u00e0 l\u2019\u00e9galit\u00e9. <\/p>\n<p><strong><em>Surmonter l&#8217;atonie sociale et la sid\u00e9ration politique<br \/>\n<\/strong><\/em><\/p>\n<p>Les <a href=\"https:\/\/wp.muchomaas.com\/web\/article\/les-chantiers-d-espoir-une-page\">Chantiers d\u2019espoir<\/a> qui viennent d\u2019\u00eatre lanc\u00e9s offrent un cadre. Encore faut-il que l\u2019atonie sociale et la sid\u00e9ration politique, notamment apr\u00e8s les \u00e9lections d\u00e9partementales qui risquent de ne pas \u00eatre le meilleur cru \u00e0 gauche (pour le dire avec euph\u00e9misme), ne l\u2019emportent pas et que l\u2019esprit d\u2019unit\u00e9, de cr\u00e9ativit\u00e9 et de responsabilit\u00e9 domine. La possibilit\u00e9 \u00e0 port\u00e9e de main d\u2019emp\u00eacher l\u2019adoption de la Loi Macron \u2013 qui n\u2019aura pas de majorit\u00e9 au S\u00e9nat, ni \u00e0 la Commission mixte paritaire\u2026 \u2013 pourrait constituer une premi\u00e8re victoire.<\/p>\n<p>En attendant, dans cette guerre pour rompre avec la gauche, Valls et Macron pensent gagner une bataille symbolique interne et aupr\u00e8s de l\u2019opinion publique. L\u2019\u00e9mergence en Europe de mouvements en faveur d\u2019une autre politique dira si Valls a raison d\u2019ass\u00e9ner \u00e0 son tour \u00ab\u00a0There is no alternative\u00a0\u00bb. <div id='gallery-1' class='gallery galleryid-8405 gallery-columns-3 gallery-size-thumbnail'><figure class='gallery-item'>\n\t\t\t<div class='gallery-icon landscape'>\n\t\t\t\t<a href='https:\/\/archives.regards.fr\/wp-content\/uploads\/2015\/02\/valls-2-eff.jpg'><img loading=\"lazy\" decoding=\"async\" width=\"150\" height=\"150\" src=\"https:\/\/archives.regards.fr\/wp-content\/uploads\/2015\/02\/valls-2-eff-150x150.jpg\" class=\"attachment-thumbnail size-thumbnail\" alt=\"valls-2.jpg\" \/><\/a>\n\t\t\t<\/div><\/figure>\n\t\t<\/div>\n<\/p>\n","protected":false},"excerpt":{"rendered":"<p>La journ\u00e9e de mardi devait \u00eatre celle de l\u2019adoption de la loi Macron. Elle restera comme le jour o\u00f9 le premier ministre choisit l\u2019affrontement avec sa majorit\u00e9 et opte pour un passage en force en recourant au 49.3. D\u00e9cryptage.<\/p>\n","protected":false},"author":570,"featured_media":21531,"comment_status":"open","ping_status":"open","sticky":false,"template":"","format":"standard","meta":{"_themeisle_gutenberg_block_has_review":false,"footnotes":""},"categories":[6],"tags":[487],"class_list":["post-8405","post","type-post","status-publish","format-standard","has-post-thumbnail","hentry","category-actu","tag-emmanuel-macron"],"_links":{"self":[{"href":"https:\/\/archives.regards.fr\/index.php?rest_route=\/wp\/v2\/posts\/8405","targetHints":{"allow":["GET"]}}],"collection":[{"href":"https:\/\/archives.regards.fr\/index.php?rest_route=\/wp\/v2\/posts"}],"about":[{"href":"https:\/\/archives.regards.fr\/index.php?rest_route=\/wp\/v2\/types\/post"}],"author":[{"embeddable":true,"href":"https:\/\/archives.regards.fr\/index.php?rest_route=\/wp\/v2\/users\/570"}],"replies":[{"embeddable":true,"href":"https:\/\/archives.regards.fr\/index.php?rest_route=%2Fwp%2Fv2%2Fcomments&post=8405"}],"version-history":[{"count":0,"href":"https:\/\/archives.regards.fr\/index.php?rest_route=\/wp\/v2\/posts\/8405\/revisions"}],"wp:featuredmedia":[{"embeddable":true,"href":"https:\/\/archives.regards.fr\/index.php?rest_route=\/wp\/v2\/media\/21531"}],"wp:attachment":[{"href":"https:\/\/archives.regards.fr\/index.php?rest_route=%2Fwp%2Fv2%2Fmedia&parent=8405"}],"wp:term":[{"taxonomy":"category","embeddable":true,"href":"https:\/\/archives.regards.fr\/index.php?rest_route=%2Fwp%2Fv2%2Fcategories&post=8405"},{"taxonomy":"post_tag","embeddable":true,"href":"https:\/\/archives.regards.fr\/index.php?rest_route=%2Fwp%2Fv2%2Ftags&post=8405"}],"curies":[{"name":"wp","href":"https:\/\/api.w.org\/{rel}","templated":true}]}}