{"id":8367,"date":"2015-02-09T14:18:00","date_gmt":"2015-02-09T13:18:00","guid":{"rendered":"https:\/\/wp.muchomaas.com\/article-la-resistible-ascension-du-fn-si\/"},"modified":"2015-02-09T14:18:00","modified_gmt":"2015-02-09T13:18:00","slug":"article-la-resistible-ascension-du-fn-si","status":"publish","type":"post","link":"https:\/\/archives.regards.fr\/?p=8367","title":{"rendered":"La r\u00e9sistible ascension du FN, si\u2026"},"content":{"rendered":"<p class=\"post_excerpt\">Les r\u00e9sultats de l&#8217;\u00e9lection l\u00e9gislative partielle du Doubs montrent l&#8217;incapacit\u00e9 du PS \u00e0 enrayer l&#8217;ascension du FN. Aujourd&#8217;hui pour y parvenir, pas d&#8217;autre voie que celle d&#8217;une vraie rupture, franchement \u00e0 gauche.<\/p>\n<p>51% d\u2019abstentions, plus de 8% de votes blancs et nuls, moins de 3 % d\u2019\u00e9cart entre les candidats du PS et du FN. Le PS l\u2019emporte dans la 4e circonscription du Doubs, mais la gauche a senti le vent du boulet. La belle unanimit\u00e9 de janvier n\u2019a rien chang\u00e9, le FN poursuit son ascension.<\/p>\n<p>Comment s\u2019en \u00e9tonner ? Marine Le Pen est \u00e0 droite, bien \u00e0 droite : elle b\u00e9n\u00e9ficie donc de la panne d\u2019une gauche englu\u00e9e dans les errances de son parti majoritaire. Elle se veut surtout &#8220;antisyst\u00e8me&#8221;, et m\u00eame la plus coh\u00e9rente de tous les &#8220;antisyst\u00e8mes&#8221;.<\/p>\n<p><strong><em>Marine Le Pen, \u00e0 la fois marginale et centrale<br \/>\n<\/strong><\/em><\/p>\n<p>\u00c0 ceux que le cours actuel de l\u2019Union europ\u00e9enne indispose, elle dit : vous avez raison, mais si vous voulez \u00eatre coh\u00e9rents avec vous-m\u00eames, allez jusqu\u2019au bout. D\u00e9barrassez-vous du carcan de l\u2019Union, sortez de l\u2019euro, r\u00e9tablissez tous les attributs de la souverainet\u00e9 nationale et enracinez le cadre europ\u00e9en dans la stricte logique d\u2019une Europe des \u00c9tats.<\/p>\n<p>\u00c0 ceux qui, se voulant une gauche pleinement &#8220;populaire&#8221;, affirment qu\u2019il faut \u00e9couter le peuple de la &#8220;p\u00e9riph\u00e9rie&#8221;, le peuple de ceux qui, d\u00e9laiss\u00e9s par les \u00e9lites, ne se sentent plus &#8220;chez eux&#8221;, elle dit : vous avez raison, mais soyez coh\u00e9rents avec vous-m\u00eames. On ne peut pas donner \u00e0 tous, donc donnons \u00e0 ceux &#8221; de chez nous&#8221;. Contenons les flux migratoires et cantonnons les &#8220;minorit\u00e9s&#8221;, en les mettant \u00e0 leur place naturelle, c\u2019est-\u00e0-dire subalterne.<\/p>\n<p>\u00c0 ceux qui, \u00e0 droite, \u00e9pousent la th\u00e8se de la guerre des civilisations et craignent le d\u00e9sordre interne dans un monde d\u00e9stabilis\u00e9, elle dit : vous avez raison, mais soyez coh\u00e9rents avec vous-m\u00eames. Une guerre se gagne avec les moyens de la guerre. Dans une guerre, il y a des ennemis et des &#8220;cinqui\u00e8mes colonnes&#8221;. O\u00f9 sont les suspects potentiels ? L\u00e0 o\u00f9 \u00e9taient hier les terres rouges, dans les banlieues. Dans l\u2019enthousiasme des ann\u00e9es 1920, les communistes voyaient dans la banlieue la &#8220;ceinture rouge&#8221; qui allait enserrer, jusqu\u2019\u00e0 l\u2019\u00e9touffer, la capitale de la bourgeoisie. Aujourd\u2019hui, dit le FN, ceinturons la ceinture, avec les forces saines de la p\u00e9riph\u00e9rie.<\/p>\n<p>Tout cela donne la situation actuelle : Marine Le Pen est \u00e0 la fois marginale (les trois quarts des sond\u00e9s d\u00e9clareraient qu\u2019elle n\u2019a pas les comp\u00e9tences pour gouverner) et centrale. Comment l\u2019arr\u00eater ? Il y a quelques semaines, la cause semblait entendue : seule la droite classique pouvait faire barrage au Front national. Le mois de janvier a redistribu\u00e9 les cartes. L\u2019ex\u00e9cutif socialiste se porte un peu mieux et l\u2019UMP s\u2019est mis les pieds dans le tapis. Cela suffit pour que le PS triomphe. Il ne lui en faut pas beaucoup, mais\u2026<\/p>\n<p><strong><em>PS : la double impasse du social-lib\u00e9ralisme et de la &#8220;Gauche populaire&#8221;<br \/>\n<\/strong><\/em><\/p>\n<p>Jean-Christophe Cambad\u00e9lis n\u2019a gu\u00e8re attendu pour enfoncer le clou : <em>\u00ab Une autre urgence doit animer l&#8217;ensemble des forces de gauche : l&#8217;urgence \u00e0 s&#8217;unir. Cette \u00e9lection partielle dans le Doubs le dit cr\u00fbment : entretenir le fantasme d&#8217;un &#8220;Syriza fran\u00e7ais&#8221;, en voulant affaiblir le Parti socialiste, ne provoquerait rien d&#8217;autre que la b\u00e9r\u00e9zina de la gauche fran\u00e7aise. \u00bb<\/em> La r\u00e9ponse est donc simple : union de la gauche autour du PS, partout, en toute circonstance.<\/p>\n<p>Comment parvenir \u00e0 remettre le PS en position centrale ? Deux strat\u00e9gies claires sont \u00e9nonc\u00e9es \u00e0 cet effet dans la mouvance socialiste, celle pr\u00f4n\u00e9e par le think tank Terra Nova et celle \u00e9nonc\u00e9e autour de la &#8220;Gauche populaire&#8221;. Toutes deux partent du m\u00eame constat : les clivages d\u2019aujourd\u2019hui ne portent plus sur le &#8220;social&#8221; mais sur &#8220;l\u2019identitaire&#8221;. \u00c0 partir de l\u00e0 les r\u00e9ponses divergent. Pour Terra Nova, les ouvriers traditionnels ont durablement gliss\u00e9 vers le ressentiment, l\u2019abstention et le vote FN. Pour battre l\u2019extr\u00eame droite, il n\u2019y a pas d\u2019autre solution que le social-lib\u00e9ralisme en mati\u00e8re \u00e9conomico-sociale et, sur le plan politique, l\u2019alliance des couches moyennes et des &#8220;minorit\u00e9s&#8221; autour de valeurs &#8220;d\u2019ouverture&#8221;. <\/p>\n<p>Face \u00e0 cela, la Gauche populaire propose de ne pas abandonner la majorit\u00e9 des cat\u00e9gories populaires, mais de comprendre que leurs pr\u00e9occupations tournent autour de &#8220;l\u2019identit\u00e9 culturelle&#8221; (on n\u2019est plus chez nous) et de la &#8220;s\u00e9curit\u00e9&#8221; (lire <a href=\"https:\/\/wp.muchomaas.com\/qui-veut-la-peau-de-roger-martelli\/article\/l-obsession-identitaire-a-propos-d\">&#8220;L\u2019obsession identitaire. \u00c0 propos d\u2019un livre de Laurent Bouvet&#8221;<\/a>). D\u2019un c\u00f4t\u00e9, un Manuel Valls plut\u00f4t port\u00e9 vers le lib\u00e9ralisme \u00e9conomique ; de l\u2019autre, un Manuel Valls tr\u00e8s recentr\u00e9 sur le s\u00e9curitaire\u2026<\/p>\n<p>Au fond, la Gauche populaire sugg\u00e8re de faire, vis-\u00e0-vis du Front national, ce que le social-lib\u00e9ralisme &#8220;blairiste&#8221; avait fait \u00e0 l\u2019\u00e9gard de l\u2019ultralib\u00e9ralisme thatch\u00e9rien : consid\u00e9rer que le Front &#8220;pose de bonnes questions&#8221;. Le probl\u00e8me est que la mani\u00e8re de poser les questions induit les r\u00e9ponses. Les r\u00e9sultats sont d\u00e8s lors malheureusement pr\u00e9visibles. En voulant jouer avec ces questions (la comp\u00e9titivit\u00e9, la flexibilit\u00e9) la social-d\u00e9mocratie a perdu face au lib\u00e9ralisme ; en voulant jouer avec les questions du FN (l\u2019identit\u00e9, la s\u00e9curit\u00e9), la gauche, &#8220;populaire&#8221; ou non, perdrait la bataille face \u00e0 lui.<\/p>\n<p><strong><em>Unir le peuple, tout le peuple<br \/>\n<\/strong><\/em><\/p>\n<p>Il ne faut donc pas jouer \u00e0 cela, ni ent\u00e9riner le d\u00e9samour des cat\u00e9gories populaires en maintenant une logique \u00e9conomico-sociale qui les meurtrit et les humilie, ni en assumant peu ou prou l\u2019id\u00e9e qu\u2019il est normal que les cat\u00e9gories populaires ne se sentent plus &#8220;chez elles&#8221;. On ne joue pas avec l\u2019identit\u00e9 et la s\u00e9curit\u00e9. Ce sont les in\u00e9galit\u00e9s et les discriminations qui sont la source du d\u00e9sordre et de l\u2019injustice. D\u00e8s lors, le seul parti pris possible d\u2019une gauche digne de ce nom est celui de l\u2019\u00e9galit\u00e9.<\/p>\n<p>Que faire face \u00e0 la strat\u00e9gie de Marine Le Pen ? Finasser, se placer sur son terrain ? S\u00fbrement pas. Le FN se dit &#8220;antisyst\u00e8me&#8221; ? Mais o\u00f9 y a-t-il syst\u00e8me, sinon dans ce mod\u00e8le social d\u2019exploitation et de domination qui conjugue la concurrence et la gouvernance ? Qu\u2019en dit le FN ? Sans doute a-t-il abandonn\u00e9 dans son discours le parti pris ultralib\u00e9ral d\u2019hier. Mais prend-il pour autant le parti pris de la r\u00e9orientation drastique des ressources disponibles, de l\u2019expansion de la sph\u00e8re publique et de l\u2019exigence d\u00e9mocratique qui en r\u00e9sulte ? Le FN se dit du c\u00f4t\u00e9 du peuple. Mais comment peut-on se dire de son c\u00f4t\u00e9 et s\u2019attacher d\u2019abord \u00e0 le diviser ? Comment peut-on porter l\u2019exigence de la dignit\u00e9 populaire et tourner le dos au commun et \u00e0 la solidarit\u00e9 ? Comment peut-on vouloir la concorde nationale et attiser l\u2019esprit de guerre, au risque d\u2019une guerre civile de fait ? Comment, sinon par la spirale interminable du s\u00e9curitaire d\u2019\u00c9tat et du terrorisme de d\u00e9sesp\u00e9r\u00e9s ?<\/p>\n<p>Le FN ne pose pas les bonnes questions et ne donne pas les bonnes r\u00e9ponses. Sortir de la logique de l\u2019\u00e9tat de guerre, tourner le dos \u00e0 l\u2019obsession identitaire, unir le peuple, tout le peuple, dans la construction partag\u00e9 d\u2019un projet d\u2019\u00e9mancipation et de dignit\u00e9 : il n\u2019y a pas d\u2019autre voie (lire <a href=\"https:\/\/wp.muchomaas.com\/qui-veut-la-peau-de-roger-martelli\/article\/grece-charlie-ghettos-l-imperatif\">&#8220;Gr\u00e8ce, Charlie, &#8216;ghettos&#8217; : l\u2019imp\u00e9ratif de dignit\u00e9&#8221;<\/a>). \u00c0 gauche, bien \u00e0 gauche, le plus \u00e0 gauche possible. C\u2019est ainsi que l\u2019extr\u00eame droite perdra son oxyg\u00e8ne.<\/p>\n<p>Ajoutons encore une id\u00e9e. Dans le succ\u00e8s du FN, il y a aussi la capacit\u00e9 \u00e0 innover. Sur le terrain culturel de l\u2019extr\u00eame droite, sans aucun doute : le meurtre du p\u00e8re n\u2019a pas eu lieu sur le fond. Mais la fille a construit l\u2019image d\u2019une rupture, qui la rend acceptable pour une partie de la droite classique, en attendant qu\u2019elle le soit pour une partie de la gauche. Ne pas faire de cadeau au FN, c\u2019est aussi ne pas lui donner l\u2019argument d\u2019une gauche qui serait \u00e0 tout jamais tiraill\u00e9e entre la modernit\u00e9 marchande et la nostalgie d\u00e9mocratique des si\u00e8cles pass\u00e9s. Continuer les valeurs, r\u00e9orienter les strat\u00e9gies, rompre avec les formes anciennes : cette refondation-l\u00e0 n\u2019est-elle pas un d\u00e9fi, pour la gauche elle aussi ?<\/p>\n<p>R\u00e9sistible, l\u2019ascension du FN ? Si et seulement si.<\/p>\n","protected":false},"excerpt":{"rendered":"<p>Les r\u00e9sultats de l&#8217;\u00e9lection l\u00e9gislative partielle du Doubs montrent l&#8217;incapacit\u00e9 du PS \u00e0 enrayer l&#8217;ascension du FN. Aujourd&#8217;hui pour y parvenir, pas d&#8217;autre voie que celle d&#8217;une vraie rupture, franchement \u00e0 gauche.<\/p>\n","protected":false},"author":328,"featured_media":0,"comment_status":"open","ping_status":"open","sticky":false,"template":"","format":"standard","meta":{"_themeisle_gutenberg_block_has_review":false,"footnotes":""},"categories":[210],"tags":[355,390],"class_list":["post-8367","post","type-post","status-publish","format-standard","hentry","category-qui-veut-la-peau-de-roger-martelli","tag-extreme-droite","tag-parti-socialiste"],"_links":{"self":[{"href":"https:\/\/archives.regards.fr\/index.php?rest_route=\/wp\/v2\/posts\/8367","targetHints":{"allow":["GET"]}}],"collection":[{"href":"https:\/\/archives.regards.fr\/index.php?rest_route=\/wp\/v2\/posts"}],"about":[{"href":"https:\/\/archives.regards.fr\/index.php?rest_route=\/wp\/v2\/types\/post"}],"author":[{"embeddable":true,"href":"https:\/\/archives.regards.fr\/index.php?rest_route=\/wp\/v2\/users\/328"}],"replies":[{"embeddable":true,"href":"https:\/\/archives.regards.fr\/index.php?rest_route=%2Fwp%2Fv2%2Fcomments&post=8367"}],"version-history":[{"count":0,"href":"https:\/\/archives.regards.fr\/index.php?rest_route=\/wp\/v2\/posts\/8367\/revisions"}],"wp:attachment":[{"href":"https:\/\/archives.regards.fr\/index.php?rest_route=%2Fwp%2Fv2%2Fmedia&parent=8367"}],"wp:term":[{"taxonomy":"category","embeddable":true,"href":"https:\/\/archives.regards.fr\/index.php?rest_route=%2Fwp%2Fv2%2Fcategories&post=8367"},{"taxonomy":"post_tag","embeddable":true,"href":"https:\/\/archives.regards.fr\/index.php?rest_route=%2Fwp%2Fv2%2Ftags&post=8367"}],"curies":[{"name":"wp","href":"https:\/\/api.w.org\/{rel}","templated":true}]}}