{"id":8365,"date":"2015-02-09T10:30:26","date_gmt":"2015-02-09T09:30:26","guid":{"rendered":"https:\/\/wp.muchomaas.com\/article-les-zombies-de-l-elysee\/"},"modified":"2015-02-09T10:30:26","modified_gmt":"2015-02-09T09:30:26","slug":"article-les-zombies-de-l-elysee","status":"publish","type":"post","link":"https:\/\/archives.regards.fr\/?p=8365","title":{"rendered":"Les zombies de l&#8217;\u00c9lys\u00e9e"},"content":{"rendered":"<p class=\"post_excerpt\">En double page pour illustrer un sujet de l&#8217;Obs sur &#8220;La jeune garde du pr\u00e9sident&#8221;, la photo a beaucoup circul\u00e9 : un sextet d&#8217;\u00e9narques blafards dans l&#8217;opulent d\u00e9cor de l&#8217;\u00c9lys\u00e9e. D\u00e9cryptons cette all\u00e9gorie de la fracture avec nos \u00e9lites. <\/p>\n<p>P\u00e2leur mortelle, raideur cadav\u00e9rique, figures d&#8217;enterrement : la sc\u00e8ne \u00e9voque \u00e0 la fois le mus\u00e9e Gr\u00e9vin, la famille Adams et un \u00e9pisode in\u00e9dit de <em>The Walking Dead<\/em>. Voire un singulier remake du <em>Sixi\u00e8me sens<\/em> : ils sont morts, mais ils ne le savent pas. Quoique non d\u00e9nu\u00e9e de qualit\u00e9s plastiques, l&#8217;image d\u00e9clenche immanquablement quelque stupeur. Comment l&#8217;armada des conseillers de la pr\u00e9sidence a-t-elle pu laisser faire \u00e7a ? Car cette d\u00e9marche ne rel\u00e8ve pas d&#8217;un accident, mais sans nul doute d&#8217;une op\u00e9ration calcul\u00e9e, organis\u00e9e et valid\u00e9e par le staff de communication de l&#8217;\u00c9lys\u00e9e.<\/p>\n<p><strong><em>D\u00e9corum antique<br \/>\n<\/strong><\/em><\/p>\n<p>On devine sans peine que la vis\u00e9e principale (<em>\u00ab relancer le quinquennat \u00bb<\/em>) s&#8217;accompagne n\u00e9cessairement d&#8217;objectifs comme <em>\u00ab redonner une carrure pr\u00e9sidentielle \u00bb<\/em> \u00e0 Fran\u00e7ois Hollande, ce qui pourrait expliquer la pompe du d\u00e9cor \u2013 meubles Second empire, tapisseries, velours, soie, cristal et abondantes dorures \u2013 s&#8217;il devait servir au pr\u00e9sident lui-m\u00eame. Mais s&#8217;agissant de son cabinet, ce d\u00e9corum s&#8217;inscrit dans une colossale contradiction avec la p\u00e9riode. <\/p>\n<p>Ces <em>\u00ab trentenaires surdipl\u00f4m\u00e9s \u00bb<\/em>[[Petit relev\u00e9 des appellations utilis\u00e9es par l&#8217;article : <em>\u00ab incroyablement jeunes \u00bb \u00ab tous la trentaine \u00bb, \u00ab \u00e0 peine sortis de l&#8217;adolescence \u00bb, \u00ab allures de stagiaires \u00bb, \u00ab g\u00e9n\u00e9ration Macron \u00bb, \u00ab trentas \u00bb, \u00ab e-generation \u00bb \u00ab cadets de la hollandie \u00bb, \u00ab hussards de la saison 2 du Hollandisme \u00bb<\/em>.]] ne sont manifestement pas l\u00e0 pour mettre les mains dans le cambouis, mais pour redorer \u2013 litt\u00e9ralement \u2013 l&#8217;image du pouvoir. En ce d\u00e9but d&#8217;ann\u00e9e 2015, on aurait pu penser que la priorit\u00e9 ne serait pas de redoubler les st\u00e9r\u00e9otypes sur l&#8217;\u00e9narchie en d\u00e9route. Peut-\u00eatre les organisateurs de cette s\u00e9ance ont-ils cru que la dominante noire des v\u00eatements suffirait \u00e0 signifier l&#8217;adh\u00e9sion de nos h\u00e9ros \u00e0 l&#8217;aust\u00e9rit\u00e9, mais elle ne fait que souligner l&#8217;opulence de leur biotope. Voire la blancheur de cet \u00e9chantillon, que l&#8217;exacte parit\u00e9 hommes-femmes ne fait pas oublier. <\/p>\n<p>Seules les mines sont aust\u00e8res. Jean-Jacques Barberis, en vedette puisqu&#8217;il a droit \u00e0 une <a href=\"http:\/\/referentiel.nouvelobs.com\/file\/13675324.jpg\">pr\u00e9sence en solo<\/a> sur la couverture de l&#8217;hebdomadaire, ne fait pas exactement profil bas avec sa panoplie de dandy. Il semble qu&#8217;\u00e0 vouloir conjurer \u00e0 la fois son pr\u00e9nom de quinquag\u00e9naire et son juv\u00e9nile minois, il ne soit parvenu qu&#8217;\u00e0 prendre l&#8217;apparence d&#8217;un gamin pr\u00e9matur\u00e9ment vieilli. <\/p>\n<p><strong><em>G\u00e9n\u00e9ration Y, pas grecque<br \/>\n<\/strong><\/em><\/p>\n<p>Le contraste est en tout cas saisissant avec le style des nouveaux dirigeants grecs, d\u00e9lib\u00e9r\u00e9ment d\u00e9pouill\u00e9 des oripeaux du pouvoir \u2013 \u00e0 commencer par la cravate. Les plus cyniques diront qu&#8217;il ne s&#8217;agit l\u00e0 que d&#8217;une autre forme de calcul, mais au moins est-il plus exp\u00e9ditif : Yanis Varoufakis doit mettre une bonne demi-heure de moins \u00e0 s&#8217;habiller que Jean-Jacques Barberis [[Et l&#8217;on s&#8217;estimera heureux si <em>Mediapart<\/em> ne vient pas r\u00e9v\u00e9ler quelque nouveau scandale sur son budget cirage ou pochettes en soie]]. <\/p>\n<p>Mais \u00e9vitons le jugement de valeur. Apr\u00e8s tout, les codes de ce milieu nous \u00e9chappent compl\u00e8tement. Barberis n&#8217;est peut-\u00eatre qu&#8217;un sp\u00e9cimen ordinaire de hipster du 8e arrondissement. D&#8217;ailleurs, la lecture de l&#8217;article confirme qu&#8217;on a tr\u00e8s mal compris : ces jeunes-l\u00e0 sont en r\u00e9bellion, en r\u00e9bellion contre les baby-boomers dont ils ont cru qu&#8217;ils ne leur laisseraient jamais la place. C&#8217;est la g\u00e9n\u00e9ration Y de l&#8217;ENA que voil\u00e0 ! De vrais punks. Ainsi, ils poussent l&#8217;irr\u00e9v\u00e9rence jusqu&#8217;\u00e0 tutoyer Fran\u00e7ois Hollande. Enfin, presque : <em>\u00ab Monsieur le pr\u00e9sident, tu dois\u2026 \u00bb<\/em> <\/p>\n<p>Et ils sont l\u00e0 pour donner voix \u00e0 la jeunesse si ch\u00e8re au candidat Hollande. <em>\u00ab M\u00eame nous, qui sommes tous n\u00e9s du bon c\u00f4t\u00e9 du p\u00e9riph\u00e9rique, dans des milieux ultrafavoris\u00e9s, nous avons connus une forme de crainte de l&#8217;avenir \u00bb<\/em>, confie l&#8217;un d&#8217;eux. Jeunes des banlieue, rassurez-vous : la <em>\u00ab g\u00e9n\u00e9ration Macron \u00bb <\/em> est l\u00e0 pour vous repr\u00e9senter. C&#8217;est, aussi, qu&#8217;il s&#8217;agit de<em> \u00ab ne pas abandonner \u00e0 Manuel Valls le terrain du jeunisme \u00bb<\/em>, dit un ministre\u2026 Voil\u00e0 pour le projet politique, en d\u00e9finitive. <\/p>\n<p><strong><em>Des chiffres et des lettres<br \/>\n<\/strong><\/em><\/p>\n<p>Dans ce salon fun\u00e9raire, cette jeunesse semble justement porter le deuil d&#8217;id\u00e9aux qu&#8217;elle n&#8217;a m\u00eame pas eu le temps de nourrir. L&#8217;un d&#8217;eux, \u00e9voquant l&#8217;effet \u00e0 l&#8217;\u00c9lys\u00e9e de la tuerie de<em> Charlie Hebdo<\/em> : <em>\u00ab Nous avons compris, nous qui avons la t\u00eate farcie de courbes, de statistiques, que, pour diriger un pays, les chiffres de suffisent pas. Il faut aussi des mots. \u00bb <\/em> En d&#8217;autre termes : la technocratie, plus la com&#8217;. Vous n&#8217;esp\u00e9riez tout de m\u00eame pas des id\u00e9es ou des convictions ? <\/p>\n<p>Nos <em>spin doctors<\/em> et leurs patients ne parviennent ici qu&#8217;\u00e0 illustrer la vertigineuse fracture entre nos \u00e9lites et les citoyens qu&#8217;elles s&#8217;av\u00e8rent ainsi  \u2013 litt\u00e9ralement \u2013 incapables de repr\u00e9senter. Ils n&#8217;en ont m\u00eame pas conscience, confin\u00e9s dans un entre-soi sans ouverture vers l&#8217;ext\u00e9rieur (regardez l&#8217;image : portes ferm\u00e9es, pas de fen\u00eatres, et l&#8217;impression que les personnages regardent moins l&#8217;objectif que leur propre image dans un miroir). <\/p>\n<p>Reste \u00e0 s&#8217;interroger, encore une fois, sur la participation d&#8217;un journal \u00e0 cette mise en sc\u00e8ne, sur l&#8217;int\u00e9r\u00eat qu&#8217;il trouve au sujet lui-m\u00eame, sous l&#8217;emprise d&#8217;une fascination pour le personnel et les arcanes du pouvoir. Le journalisme politique fait le storytelling du storytelling, une mise en ab\u00eeme qui parach\u00e8ve le r\u00e9tr\u00e9cissement de la politique en communication pour mieux la d\u00e9politiser. Il ne reste qu&#8217;une sitcom \u00e0 \u00e9crire : &#8220;Hollande, saison 2&#8221;, annonce la premi\u00e8re page. Ils croient gouverner, ils ne jouent que la com\u00e9die du pouvoir. Mal, dans une langue disparue, au milieu d&#8217;un d\u00e9cor factice. Ils sont politiquement morts, mais ils ne le savent pas.<\/p>\n","protected":false},"excerpt":{"rendered":"<p>En double page pour illustrer un sujet de l&#8217;Obs sur &#8220;La jeune garde du pr\u00e9sident&#8221;, la photo a beaucoup circul\u00e9 : un sextet d&#8217;\u00e9narques blafards dans l&#8217;opulent d\u00e9cor de l&#8217;\u00c9lys\u00e9e. D\u00e9cryptons cette all\u00e9gorie de la fracture avec nos \u00e9lites. <\/p>\n","protected":false},"author":1188,"featured_media":0,"comment_status":"open","ping_status":"open","sticky":false,"template":"","format":"standard","meta":{"_themeisle_gutenberg_block_has_review":false,"footnotes":""},"categories":[157],"tags":[440,287],"class_list":["post-8365","post","type-post","status-publish","format-standard","hentry","category-web","tag-francois-hollande","tag-medias"],"_links":{"self":[{"href":"https:\/\/archives.regards.fr\/index.php?rest_route=\/wp\/v2\/posts\/8365","targetHints":{"allow":["GET"]}}],"collection":[{"href":"https:\/\/archives.regards.fr\/index.php?rest_route=\/wp\/v2\/posts"}],"about":[{"href":"https:\/\/archives.regards.fr\/index.php?rest_route=\/wp\/v2\/types\/post"}],"author":[{"embeddable":true,"href":"https:\/\/archives.regards.fr\/index.php?rest_route=\/wp\/v2\/users\/1188"}],"replies":[{"embeddable":true,"href":"https:\/\/archives.regards.fr\/index.php?rest_route=%2Fwp%2Fv2%2Fcomments&post=8365"}],"version-history":[{"count":0,"href":"https:\/\/archives.regards.fr\/index.php?rest_route=\/wp\/v2\/posts\/8365\/revisions"}],"wp:attachment":[{"href":"https:\/\/archives.regards.fr\/index.php?rest_route=%2Fwp%2Fv2%2Fmedia&parent=8365"}],"wp:term":[{"taxonomy":"category","embeddable":true,"href":"https:\/\/archives.regards.fr\/index.php?rest_route=%2Fwp%2Fv2%2Fcategories&post=8365"},{"taxonomy":"post_tag","embeddable":true,"href":"https:\/\/archives.regards.fr\/index.php?rest_route=%2Fwp%2Fv2%2Ftags&post=8365"}],"curies":[{"name":"wp","href":"https:\/\/api.w.org\/{rel}","templated":true}]}}