{"id":8364,"date":"2015-02-08T22:15:22","date_gmt":"2015-02-08T21:15:22","guid":{"rendered":"https:\/\/wp.muchomaas.com\/article-les-syndicalistes-allemands\/"},"modified":"2023-06-23T23:18:55","modified_gmt":"2023-06-23T21:18:55","slug":"article-les-syndicalistes-allemands","status":"publish","type":"post","link":"https:\/\/archives.regards.fr\/?p=8364","title":{"rendered":"Les syndicalistes allemands soutiennent la Gr\u00e8ce"},"content":{"rendered":"<p class=\"post_excerpt\">Dans un appel commun, les principaux dirigeants syndicaux allemands soutiennent les demandes grecques et alertent sur les cons\u00e9quences d\u00e9sastreuses de leur rejet par les instances europ\u00e9ennes. La Conf\u00e9d\u00e9ration europ\u00e9enne des syndicats a pris  position dans le m\u00eame sens.<\/p>\n<p>Contrairement \u00e0 ce que les m\u00e9dias, pour la plupart, veulent faire croire, les Grecs ne se battent pas seuls contre la sinistre obstination de Mme Merkel, de MM. Scha\u00fcble, Dijsselbloem, Juncker, Draghi, et le l\u00e2chage en rase campagne de MM. Hollande et Sapin. Certes, ils ont jusqu\u2019ici re\u00e7u peu de soutien de la part des gouvernements et des dirigeants des institutions europ\u00e9ennes. Mais dans la bataille engag\u00e9e, les peuples et leurs repr\u00e9sentants sociaux ont aussi leur mot \u00e0 dire. Ce qu\u2019ils feront p\u00e8sera lourd. <\/p>\n<p>C\u2019est pourquoi il faut souligner l\u2019importance de l\u2019appel sign\u00e9 par les principaux dirigeants syndicaux allemands, car il vient du pays qui semble dicter les positions de l\u2019Europe toute enti\u00e8re et dont le gouvernement est le plus acharn\u00e9 contre les demandes grecques. La presse fran\u00e7aise n\u2019en a absolument pas parl\u00e9, comme elle n\u2019a du reste pas, non plus, \u00e9voqu\u00e9 la prise de position de la Conf\u00e9d\u00e9ration europ\u00e9enne des syndicats. Raison de plus pour en informer ici.<\/p>\n<p><strong><em>\u00ab Une chance pour l\u2019Europe, non une menace \u00bb<br \/>\n<\/strong><\/em><\/p>\n<p>L\u2019appel <a href=\"http:\/\/wp.europa-neu-begruenden.de\/griechenland-chance-fuer-europa\/la-grece-au-lendemain-des-elections-une-chance-pour-leurope-non-une-menace\/\">&#8220;La Gr\u00e8ce au lendemain des \u00e9lections \u2013 une chance pour l\u2019Europe, non une menace&#8221;<\/a> a eu comme premiers signataires le pr\u00e9sident du DGB, la grande conf\u00e9d\u00e9ration syndicale allemande, ainsi que ceux des principales f\u00e9d\u00e9rations professionnelles \u2013 celles des services (Ver di), de la Construction, de l&#8217;agriculture et de l&#8217;environnement (IG BAU), celle de transports (EVG), celle de l\u2019alimentation (NGG), de l\u2019\u00e9ducation (GEW), des mines, de la chimie et de l\u2019\u00e9nergie (IG BCE) et de la m\u00e9tallurgie (IG Metall).<\/p>\n<p><strong><em>Fausses et vraies r\u00e9formes de structures<br \/>\n<\/strong><\/em><\/p>\n<p>Les signataires soulignent d\u2019abord l\u2019\u00e9chec de la brutale politique d\u2019aust\u00e9rit\u00e9 impos\u00e9e \u00e0 la Gr\u00e8ce en contrepartie des aides financi\u00e8res accord\u00e9es. <em>\u00ab Elles ont \u00e9t\u00e9 utilis\u00e9s avant tout pour stabiliser le secteur de la finance&#8230; Elles ne m\u00e9ritent en aucun cas le qualificatif de r\u00e9formes structurelles&#8230; Elles ont \u00e9t\u00e9 conduites pour d\u00e9truire pas pour construire&#8230; Elles ont eu pour cons\u00e9quence de d\u00e9clencher une crise humanitaire et sociale sans pr\u00e9c\u00e9dent en Europe. \u00bb<\/em> Dans ces conditions, <em>\u00ab les r\u00e9sultats \u00e9lectoraux constituent un r\u00e9quisitoire d\u00e9finitif contre ces politiques qui ont \u00e9chou\u00e9 \u00bb.<\/em><\/p>\n<p>Les syndicalistes insistent particuli\u00e8rement sur la question des r\u00e9formes structurelles dont ils s\u2019attachent l\u00e9gitimement \u00e0 laisser l\u2019apanage aux partisans des politiques n\u00e9olib\u00e9rales et d\u2019aust\u00e9rit\u00e9. Ils soutiennent en la mati\u00e8re les orientations du programme d\u00e9fendu par Syriza : <em>\u00ab Des r\u00e9formes structurelles dignes de ce nom ouvriraient de nouveaux horizons au pays afin que celui-ci renoue avec la croissance \u00e9conomique, au lieu de chasser toute une g\u00e9n\u00e9ration de jeunes hautement qualifi\u00e9s vers l\u2019\u00e9tranger. De v\u00e9ritables r\u00e9formes structurelles devraient s\u2019attaquer sans d\u00e9tour \u00e0 la fraude et l\u2019\u00e9vasion fiscales. De v\u00e9ritables r\u00e9formes structurelles devraient lutter contre les politiques client\u00e9listes et la corruption sur les march\u00e9s publics. Le nouveau gouvernement grec doit relever de nombreux d\u00e9fis : mener un projet de reconstruction et de d\u00e9veloppement, qui devra faire partie d\u2019un &#8220;plan d\u2019investissement europ\u00e9en&#8221;, comme le demandent depuis longtemps les syndicats. \u00bb<\/em><\/p>\n<p><strong><em>\u00ab Dire &#8220;\u00e7a ne fait rien, on continue&#8221; n\u2019est pas une option ! \u00bb<br \/>\n<\/strong><\/em><\/p>\n<p>La suite s\u2019adresse aux dirigeants europ\u00e9ens. Ils doivent r\u00e9pondre favorablement \u00e0 des demandes l\u00e9gitimes et raisonnables : <em>\u00ab Il faut r\u00e9ellement n\u00e9gocier avec le gouvernement grec sans chercher \u00e0 faire pression, afin de d\u00e9passer les politiques d\u2019aust\u00e9rit\u00e9 et d\u2019ouvrir des perspectives sociales et \u00e9conomiques au pays. Ceci s\u2019applique en particulier aux conditions d\u00e9vastatrices accept\u00e9es par le gouvernement pr\u00e9c\u00e9dent, maintenant d\u00e9savou\u00e9 par les urnes, en vue d\u2019obtenir des emprunts internationaux. L\u2019Europe ne doit pas s\u2019obstiner dans la poursuite d\u2019une politique aux d\u00e9pens des peuples, une politique qui a \u00e9t\u00e9 rejet\u00e9e sans \u00e9quivoque par la majorit\u00e9 des \u00e9lecteurs et \u00e9lectrices. Dire &#8220;\u00e7a ne fait rien, on continue&#8221; n\u2019est pas une option ! \u00bb<\/em><\/p>\n<p><strong><em>Une grave menace pour l\u2019Europe<br \/>\n<\/strong><\/em><\/p>\n<p>Les syndicalistes soulignent enfin la menace potentielle pour l\u2019Europe que constituerait le refus de toute r\u00e9orientation <em>\u00ab l\u00e9gitim\u00e9e d\u00e9mocratiquement \u00bb<\/em> de la politique grecque : <em>\u00ab S\u2019il s\u2019av\u00e9rait qu\u2019une telle politique de r\u00e9orientation ne serait possible que dans le cas o\u00f9 d\u2019une sortie de la Gr\u00e8ce de l\u2019Union mon\u00e9taire europ\u00e9enne, alors ceci prouverait l\u2019incompatibilit\u00e9 des institutions europ\u00e9ennes avec les d\u00e9cisions d\u00e9mocratiques prises au sein des \u00c9tats membres. C\u2019est ce qui permet aux courants nationalistes, actuellement en plein essor en Europe, d\u2019avoir d\u2019autant plus le vent en poupe. \u00bb<\/em> Et, ajoutent-ils, <em>\u00ab le d\u00e9ficit de l\u00e9gitimation d\u00e9mocratique au niveau europ\u00e9en, r\u00e9guli\u00e8rement d\u00e9plor\u00e9, et qui reste toujours non r\u00e9sorb\u00e9, ne doit pas venir aggraver les carences d\u00e9mocratiques que connaissent les \u00c9tats membres. La d\u00e9mocratie au niveau de l\u2019Union europ\u00e9enne doit \u00eatre renforc\u00e9e, si l\u2019on veut donner une nouvelle cr\u00e9dibilit\u00e9 au projet europ\u00e9en&#8230; Ce n\u2019est pas le diktat de l\u2019aust\u00e9rit\u00e9 qui fortifiera le projet europ\u00e9en, mais seulement l\u2019initiative d\u00e9mocratie impuls\u00e9e par le bas en vue d\u2019instaurer la reconstruction \u00e9conomique et plus de justice sociale \u00bb<\/em>.<\/p>\n<p><strong><em>\u00ab Des propositions mod\u00e9r\u00e9es et raisonnables \u00bb<br \/>\n<\/strong><\/em><\/p>\n<p>Reiner Hoffmann, le pr\u00e9sident du DGB, a pr\u00e9cis\u00e9 les choses apr\u00e8s les propositions formul\u00e9es par le ministre des Finances grecques Yanis Varoufakis (interview publi\u00e9e le 5 f\u00e9vrier <a href=\"http:\/\/www.socialeurope.eu\/2015\/02\/way-forward-greece-europe\/\">sur le site Social que Europe<\/a>). Il consid\u00e8re positivement le fait que le nouveau gouvernement grec ne semble plus exiger une annulation pure et simple de sa dette.<em> \u00ab La proposition mod\u00e9r\u00e9e de Yanis Varoufakis de r\u00e9duire l\u2019exigence de l&#8217;UE d\u2019un exc\u00e9dent budg\u00e9taire primaire de 4% \u00e0 1,5% me semble raisonnable et justifi\u00e9e. Sa proposition de coupler le taux de paiements d&#8217;int\u00e9r\u00eats \u00e0 la croissance \u00e9conomique \u00e0 l&#8217;avenir devrait \u00eatre consid\u00e9r\u00e9e de fa\u00e7on positive. Tout le monde sait que se d\u00e9barrasser de la dette ne prendra pas trois ou cinq ans ; nous devrions assumer une plus longue p\u00e9riode. C\u2019est une course longue distance et non le sprint exig\u00e9 par la Tro\u00efka. L&#8217;ancien secr\u00e9taire g\u00e9n\u00e9ral de la CES, John Monks, dont je \u00e9tais adjoint, a d\u00e9j\u00e0 compar\u00e9 la demande de compressions budg\u00e9taires \u00e0 un trait\u00e9 de Versailles \u00e9conomique. Il a averti que conduire d&#8217;un pays \u00e0 la ruine ne peut en aucun cas constituer une strat\u00e9gie durable. \u00bb<\/em><\/p>\n<p><em>\u00ab Le DGB,<\/em> ajoute son pr\u00e9sident, <em>demande une solution globale pour les pays d\u00e9biteurs. Nous voulons de nouvelles n\u00e9gociations dans le cadre d&#8217;une conf\u00e9rence europ\u00e9enne sur la dette pour tous les pays en crise en vue de r\u00e9tablir la viabilit\u00e9 de la dette et, par cons\u00e9quent, de stabiliser la zone euro. Nous rejetons les faux bavardages autour du Grexit; il serait dommageable que la Gr\u00e8ce quitte l&#8217;union mon\u00e9taire. Loin de constituer une solution durable, mais cela aurait tout simplement pour cons\u00e9quence d\u2019aggraver les probl\u00e8mes en raison des risques d\u2019effet domino. \u00bb<\/em><\/p>\n<p>Plus globalement, Reiner Hoffmann r\u00e9affirme l\u2019exigence d\u2019en finir avec les politiques d\u2019aust\u00e9rit\u00e9 budg\u00e9taires et salariales dans la zone euro. Il est sceptique sur les chances de succ\u00e8s de la politique mon\u00e9taire d\u2019assouplissement quantitatif (<em>\u00ab Sans soutien de la demande globale personne ne va investir un seul euro \u00bb<\/em>), et <em>\u00ab le plan de Juncker est insuffisamment ambitieux, par son volume, par ses financements et par les clauses restrictives qu\u2019il contient \u00bb<\/em>. <\/p>\n<h2>\u00ab Laisser au nouveau gouvernement grec le temps de mettre en place de nouvelles politiques \u00bb<\/h2>\n<p>Par la voix de sa pr\u00e9sidente, Bernadette Segol, la Conf\u00e9d\u00e9ration europ\u00e9enne vient  (le 5 f\u00e9vrier) \u00e9galement de <a href=\"http:\/\/www.etuc.org\/fr\/presse\/la-gr%C3%A8ce-une-opportunit%C3%A9-pour-toute-l%E2%80%99europe#.VNeTEC4f2_A\">soutenir la demande du peuple grec<\/a> de mettre fin \u00e0 l\u2019aust\u00e9rit\u00e9 \u2013 sans cependant prendre position sur la question de la dette : <em>\u00ab Il faut laisser au nouveau gouvernement grec le temps de mettre en place de nouvelles politiques. Il est vital pour la d\u00e9mocratie en Europe que soit respect\u00e9e la volont\u00e9 clairement exprim\u00e9e par le peuple grec de mettre fin \u00e0 l\u2019aust\u00e9rit\u00e9. \u00bb \u00ab La situation en Gr\u00e8ce,<\/em> affirme encore Bernadette S\u00e9gol,<em> repr\u00e9sente une opportunit\u00e9 non seulement pour la Gr\u00e8ce mais aussi pour l\u2019Europe toute enti\u00e8re. C\u2019est l\u2019occasion de r\u00e9\u00e9valuer les politiques \u00e9conomiques et sociales men\u00e9es depuis le d\u00e9but de la crise et d\u2019adopter une nouvelle voie. (\u2026) Seuls des investissements au niveau propos\u00e9 par la CES \u2013 soit 2% du PIB sur dix ans \u2013 peuvent stimuler la croissance et g\u00e9n\u00e9rer les emplois dont la Gr\u00e8ce et toute l\u2019Europe ont si d\u00e9sesp\u00e9r\u00e9ment besoin. \u00bb<\/em><\/p>\n<p>Certes, ces interventions ne font pas \u00e0 elles seules une mobilisation de masse. Mais, on dira ce qu\u2019on voudra de leurs limites, l\u2019absence d\u2019initiatives des syndicalistes fran\u00e7ais fait jusqu\u2019ici peine \u00e0 voir.<br \/>\n<div id='gallery-1' class='gallery galleryid-8364 gallery-columns-3 gallery-size-thumbnail'><figure class='gallery-item'>\n\t\t\t<div class='gallery-icon landscape'>\n\t\t\t\t<a href='https:\/\/archives.regards.fr\/wp-content\/uploads\/2015\/02\/grece-syndicats-84d.jpg'><img loading=\"lazy\" decoding=\"async\" width=\"150\" height=\"150\" src=\"https:\/\/archives.regards.fr\/wp-content\/uploads\/2015\/02\/grece-syndicats-84d-150x150.jpg\" class=\"attachment-thumbnail size-thumbnail\" alt=\"grece-syndicats.jpg\" \/><\/a>\n\t\t\t<\/div><\/figure>\n\t\t<\/div>\n<\/p>\n","protected":false},"excerpt":{"rendered":"<p>Dans un appel commun, les principaux dirigeants syndicaux allemands soutiennent les demandes grecques et alertent sur les cons\u00e9quences d\u00e9sastreuses de leur rejet par les instances europ\u00e9ennes. La Conf\u00e9d\u00e9ration europ\u00e9enne des syndicats a pris  position dans le m\u00eame sens.<\/p>\n","protected":false},"author":1,"featured_media":21475,"comment_status":"open","ping_status":"open","sticky":false,"template":"","format":"standard","meta":{"_themeisle_gutenberg_block_has_review":false,"footnotes":""},"categories":[157],"tags":[420,315,478],"class_list":["post-8364","post","type-post","status-publish","format-standard","has-post-thumbnail","hentry","category-web","tag-grece","tag-syndicats","tag-syriza"],"_links":{"self":[{"href":"https:\/\/archives.regards.fr\/index.php?rest_route=\/wp\/v2\/posts\/8364","targetHints":{"allow":["GET"]}}],"collection":[{"href":"https:\/\/archives.regards.fr\/index.php?rest_route=\/wp\/v2\/posts"}],"about":[{"href":"https:\/\/archives.regards.fr\/index.php?rest_route=\/wp\/v2\/types\/post"}],"author":[{"embeddable":true,"href":"https:\/\/archives.regards.fr\/index.php?rest_route=\/wp\/v2\/users\/1"}],"replies":[{"embeddable":true,"href":"https:\/\/archives.regards.fr\/index.php?rest_route=%2Fwp%2Fv2%2Fcomments&post=8364"}],"version-history":[{"count":0,"href":"https:\/\/archives.regards.fr\/index.php?rest_route=\/wp\/v2\/posts\/8364\/revisions"}],"wp:featuredmedia":[{"embeddable":true,"href":"https:\/\/archives.regards.fr\/index.php?rest_route=\/wp\/v2\/media\/21475"}],"wp:attachment":[{"href":"https:\/\/archives.regards.fr\/index.php?rest_route=%2Fwp%2Fv2%2Fmedia&parent=8364"}],"wp:term":[{"taxonomy":"category","embeddable":true,"href":"https:\/\/archives.regards.fr\/index.php?rest_route=%2Fwp%2Fv2%2Fcategories&post=8364"},{"taxonomy":"post_tag","embeddable":true,"href":"https:\/\/archives.regards.fr\/index.php?rest_route=%2Fwp%2Fv2%2Ftags&post=8364"}],"curies":[{"name":"wp","href":"https:\/\/api.w.org\/{rel}","templated":true}]}}