{"id":8356,"date":"2015-02-06T15:28:15","date_gmt":"2015-02-06T14:28:15","guid":{"rendered":"https:\/\/wp.muchomaas.com\/article-comprendre-la-dette-grecque\/"},"modified":"2015-02-06T15:28:15","modified_gmt":"2015-02-06T14:28:15","slug":"article-comprendre-la-dette-grecque","status":"publish","type":"post","link":"https:\/\/archives.regards.fr\/?p=8356","title":{"rendered":"Comprendre la dette grecque"},"content":{"rendered":"<p class=\"post_excerpt\">La fin de non-recevoir adress\u00e9e par la BCE aux demandes de ren\u00e9gociation de la dette du nouveau pouvoir a sonn\u00e9 comme une d\u00e9claration de guerre. Pour comprendre le &#8220;bras de fer&#8221; en cours, il faut aussi comprendre en quoi consiste cette dette. <\/p>\n<p>Trois \u00e9clairages pr\u00e9cieux pour comprendre la probl\u00e9matique de la dette de la Gr\u00e8ce : sa dimension \u00e9conomique et ses enjeux politiques pour l&#8217;Europe.<\/p>\n<h2><a href=\"http:\/\/blogs.mediapart.fr\/blog\/pierre-khalfa\/040215\/questions-sur-la-dette-grecque\">Questions sur la dette grecque<\/a><\/h2>\n<p>\nCopr\u00e9sident de la Fondation Copernic, membre du conseil scientifique d&#8217;Attac, Pierre Khalfa a publi\u00e9 un expos\u00e9 factuel des origines de la dette grecques, de sa restructuration, des demandes du nouveau gouvernement la concernant ou encore des cons\u00e9quences qu&#8217;aurait son effacement.<\/p>\n<p><em>\u00ab\u00a0La Gr\u00e8ce a r\u00e9ussi, au prix d\u2019une d\u00e9vastation sociale sans pr\u00e9c\u00e9dent, \u00e0 d\u00e9gager un l\u00e9ger exc\u00e9dent primaire en 2014. Mais cela est totalement insuffisant pour lui permettre de payer les int\u00e9r\u00eats de la dette (\u2026) Malgr\u00e9 des efforts inou\u00efs, le peuple grec est toujours pris dans une spirale mortif\u00e8re dont il ne peut sortir.\u00a0\u00bb<\/em><\/p>\n<p><a href=\"http:\/\/blogs.mediapart.fr\/blog\/pierre-khalfa\/040215\/questions-sur-la-dette-grecque\">Lire le texte<\/a><\/p>\n<h2><a href=\"http:\/\/www.ofce.sciences-po.fr\/blog\/la-dette-grecque-une-histoire-europeenne\/\">La dette grecque, une histoire europ\u00e9enne\u2026<\/a><\/h2>\n<p>\nLes \u00e9conomistes de l&#8217;OFCE Catherine Mathieu et Henri Sterdyniak expliquent en quoi la dette grecque est un probl\u00e8me intrins\u00e8quement europ\u00e9en, et pourquoi un compromis est la seule solution. Ils appellent notamment la France \u00e0 soutenir la proposition de Syriza d\u2019une conf\u00e9rence europ\u00e9enne de la dette.<\/p>\n<p><em>\u00ab\u00a0Le programme de Syriza comporte la reconstitution de la protection sociale, des services publics, d\u2019un niveau de vie acceptable des retrait\u00e9s et salari\u00e9s, mais aussi, tr\u00e8s clairement, la r\u00e9forme fiscale, la lutte contre la corruption et la mauvaise gouvernance, la recherche d\u2019un nouveau mode de d\u00e9veloppement (\u2026). C\u2019est un chemin ambitieux qui suppose de lutter contre l\u2019avidit\u00e9 et l\u2019inertie des classes dominantes et de mobiliser la soci\u00e9t\u00e9 tout enti\u00e8re, mais c\u2019est le seul porteur d\u2019avenir.\u00a0\u00bb<\/em><\/p>\n<p><a href=\"http:\/\/www.ofce.sciences-po.fr\/blog\/la-dette-grecque-une-histoire-europeenne\/\">Lire le texte<\/a><\/p>\n<h2><a href=\"http:\/\/www.latribune.fr\/opinions\/tribunes\/20150206trib083bb894c\/la-bien-triste-europe-de-monsieur-leparmentier.html\">La bien triste Europe de monsieur Leparmentier<\/a><\/h2>\n<p>\nEnfin, sur un registre plus pol\u00e9mique mais pas moins n\u00e9cessaire, Romaric Godin, r\u00e9dacteur en chef adjoint \u00e9conomie de <em>La Tribune<\/em>, revient sur la pr\u00e9sentation des faits par un des \u00e9ditorialistes les plus en pointe de la d\u00e9testation du nouveau pouvoir grec et de la r\u00e9p\u00e9tition de la doxa lib\u00e9rale : Arnaud Leparmentier, son confr\u00e8re du <em>Monde<\/em> (lire aussi <a href=\"https:\/\/wp.muchomaas.com\/web\/article\/reactions-a-la-victoire-de-syriza\">&#8220;R\u00e9actions \u00e0 la victoire de Syriza : les plus belles tartufferies&#8221;<\/a>).<\/p>\n<p><em>\u00ab\u00a0Au final, que retenir de cet \u00e9ditorial ? L&#8217;image d&#8217;une Europe condamn\u00e9e aux &#8220;ajustements&#8221;, refusant toute solidarit\u00e9 interne et en m\u00eame temps toute diff\u00e9rence, montant les peuples les uns contre les autres, \u00e9tablissant une d\u00e9mocratie sur la base de crit\u00e8res \u00e9conomiques. L&#8217;Europe dont r\u00eave Arnaud Leparmentier n&#8217;est en fait qu&#8217;un immense g\u00e2chis.\u00a0\u00bb<\/em><\/p>\n<p><a href=\"http:\/\/www.latribune.fr\/opinions\/tribunes\/20150206trib083bb894c\/la-bien-triste-europe-de-monsieur-leparmentier.html\">Lire le texte<\/a><\/p>\n","protected":false},"excerpt":{"rendered":"<p>La fin de non-recevoir adress\u00e9e par la BCE aux demandes de ren\u00e9gociation de la dette du nouveau pouvoir a sonn\u00e9 comme une d\u00e9claration de guerre. Pour comprendre le &#8220;bras de fer&#8221; en cours, il faut aussi comprendre en quoi consiste cette dette. <\/p>\n","protected":false},"author":1,"featured_media":0,"comment_status":"open","ping_status":"open","sticky":false,"template":"","format":"standard","meta":{"_themeisle_gutenberg_block_has_review":false,"footnotes":""},"categories":[208],"tags":[359,420,478],"class_list":["post-8356","post","type-post","status-publish","format-standard","hentry","category-vigie-idees","tag-exclure-de-la-home","tag-grece","tag-syriza"],"_links":{"self":[{"href":"https:\/\/archives.regards.fr\/index.php?rest_route=\/wp\/v2\/posts\/8356","targetHints":{"allow":["GET"]}}],"collection":[{"href":"https:\/\/archives.regards.fr\/index.php?rest_route=\/wp\/v2\/posts"}],"about":[{"href":"https:\/\/archives.regards.fr\/index.php?rest_route=\/wp\/v2\/types\/post"}],"author":[{"embeddable":true,"href":"https:\/\/archives.regards.fr\/index.php?rest_route=\/wp\/v2\/users\/1"}],"replies":[{"embeddable":true,"href":"https:\/\/archives.regards.fr\/index.php?rest_route=%2Fwp%2Fv2%2Fcomments&post=8356"}],"version-history":[{"count":0,"href":"https:\/\/archives.regards.fr\/index.php?rest_route=\/wp\/v2\/posts\/8356\/revisions"}],"wp:attachment":[{"href":"https:\/\/archives.regards.fr\/index.php?rest_route=%2Fwp%2Fv2%2Fmedia&parent=8356"}],"wp:term":[{"taxonomy":"category","embeddable":true,"href":"https:\/\/archives.regards.fr\/index.php?rest_route=%2Fwp%2Fv2%2Fcategories&post=8356"},{"taxonomy":"post_tag","embeddable":true,"href":"https:\/\/archives.regards.fr\/index.php?rest_route=%2Fwp%2Fv2%2Ftags&post=8356"}],"curies":[{"name":"wp","href":"https:\/\/api.w.org\/{rel}","templated":true}]}}