{"id":8337,"date":"2015-02-03T10:37:33","date_gmt":"2015-02-03T09:37:33","guid":{"rendered":"https:\/\/wp.muchomaas.com\/article-a-l-impossible-syriza-s-est-tenu\/"},"modified":"2015-02-03T10:37:33","modified_gmt":"2015-02-03T09:37:33","slug":"article-a-l-impossible-syriza-s-est-tenu","status":"publish","type":"post","link":"https:\/\/archives.regards.fr\/?p=8337","title":{"rendered":"Comment Syriza a fait advenir l&#8217;invraisemblable"},"content":{"rendered":"<p class=\"post_excerpt\">En quelques jours, et en quelques coups de force symboliques, le nouveau gouvernement grec a boulevers\u00e9 les \u00e9quilibres politiques et plac\u00e9 l&#8217;UE au pied du mur. La partie va devenir plus difficile, mais elle a \u00e9t\u00e9 particuli\u00e8rement bien engag\u00e9e.<\/p>\n<p>Selon une r\u00e8gle en vigueur chez les sc\u00e9naristes de cin\u00e9ma, le spectateur est pr\u00eat \u00e0 admettre n&#8217;importe quelle atteinte \u00e0 la vraisemblance au cours des premi\u00e8res minutes d&#8217;un film, dont il faut donc profiter pour \u00e9tablir le cadre de l&#8217;intrigue si celle-ci implique une r\u00e9alit\u00e9 que d&#8217;ordinaire on consid\u00e9rerait comme fantastique. Plus tard, il est trop tard.<\/p>\n<p>Il est aussi d&#8217;usage de dire que dans la foul\u00e9e d&#8217;une victoire \u00e9lectorale, le parti qui arrive au pouvoir b\u00e9n\u00e9ficie d&#8217;un \u00e9tat de gr\u00e2ce temporaire durant lequel il a la possibilit\u00e9 d&#8217;adopter des mesures radicales sans subir d&#8217;opposition trop vive. On a vu qu&#8217;en 2012, Fran\u00e7ois Hollande avait fait exactement le contraire en y voyant l&#8217;opportunit\u00e9 de renier imm\u00e9diatement ses promesses de campagne. Pour Syriza, qui ne saurait prendre pareille voie sans imploser, la difficult\u00e9 est d&#8217;inscrire son action \u00e0 la fois dans le contexte politique national, qui lui est donc favorable, et dans celui de l&#8217;Union europ\u00e9enne, o\u00f9 il a la certitude de rencontrer une puissante hostilit\u00e9. <\/p>\n<p><strong><em>\u00ab Vous venez de tuer la Tro\u00efka \u00bb<br \/>\n<\/strong><\/em><\/p>\n<p>Cependant, l&#8217;obtention d&#8217;une majorit\u00e9 suffisante pour gouverner a en soi cr\u00e9\u00e9 un possible dont l&#8217;impact r\u00e9side pr\u00e9cis\u00e9ment dans son invraisemblance ant\u00e9rieure : l&#8217;arriv\u00e9e au pouvoir d&#8217;un parti de gauche radicale dans un pays o\u00f9 l&#8217;ordre lib\u00e9ral s&#8217;est exerc\u00e9 avec une violence particuli\u00e8re. Ce possible est aussi, en m\u00eame temps qu&#8217;un d\u00e9menti, une gifle ass\u00e9n\u00e9e \u00e0 tous les gardiens \u2013 m\u00e9diatiques ou institutionnels \u2013 de cet ordre fond\u00e9 sur l&#8217;id\u00e9e qu&#8217;il &#8220;n&#8217;y a pas d&#8217;alternative&#8221; (on a pu mesurer l&#8217;ampleur de ce qui a constitu\u00e9 <a href=\"https:\/\/wp.muchomaas.com\/web\/article\/reactions-a-la-victoire-de-syriza\">une vexation personnelle pour eux<\/a>). Mais, m\u00eame s&#8217;ils peuvent encore esp\u00e9rer que Syriza \u00e9choue \u00e0 l&#8217;\u00e9preuve de la r\u00e9alit\u00e9, ils ne peuvent que constater l&#8217;\u00e9branlement de leurs certitudes, bien plus fragiles qu&#8217;elles ne paraissaient.<\/p>\n<p>Et de fait, apr\u00e8s avoir imm\u00e9diatement pris une s\u00e9rie de mesures hautement \u2013 mais pas seulement \u2013 symboliques (lire <a href=\"https:\/\/wp.muchomaas.com\/vigie-medias\/article\/des-bonnes-nouvelles-de-grece\">&#8220;De (bonnes) nouvelles de Gr\u00e8ce&#8221;<\/a>), le nouveau gouvernement est parti \u00e0 l&#8217;assaut de la citadelle Europe. <\/p>\n<p>Les premiers contacts peuvent \u00eatre r\u00e9sum\u00e9s par <a href=\"https:\/\/www.youtube.com\/watch?v=LPmFHW60Ho8\">la sc\u00e8ne tr\u00e8s divertissante<\/a> de la rencontre entre le ministre des Finances Yanis Varoufakis et le pr\u00e9sident hollandais de l\u2019Eurogroupe Jeroen Dijsselbloem, le premier d\u00e9savouant l&#8217;hydre UE-BCE-FMI comme interlocuteur valable, le second lui glissant en apart\u00e9 : <em>\u00ab Vous venez de tuer la Tro\u00efka. \u00bb<\/em> Varoufakis venait de rejeter le versement de 7 milliards d&#8217;euros d&#8217;aides europ\u00e9ennes pr\u00e9vu en f\u00e9vrier, signifiant ainsi qu&#8217;il s&#8217;agirait bien d&#8217;un bras de fer.<\/p>\n<p><strong><em>Prendre un avantage strat\u00e9gique<br \/>\n<\/strong><\/em><\/p>\n<p>Si le rapport de forces para\u00eet toujours d\u00e9s\u00e9quilibr\u00e9, il est patent qu&#8217;il a d\u00e9j\u00e0 \u00e9volu\u00e9. Lundi, dans le quotidien allemand <em>Handelsbatt<\/em>, Jean-Claude Juncker s&#8217;exprimait en faveur d&#8217;une suppression de la Tro\u00efka. Sans surestimer la port\u00e9e de cette disparition (toutefois, m\u00eame sur le seul plan symbolique, cette port\u00e9e est en soi consid\u00e9rable), cette \u00e9volution montre que les parties sont entr\u00e9es dans une phase de r\u00e9elles n\u00e9gociations, et que ces derni\u00e8res feront reconnaissance aux revendications du gouvernement grec. On n&#8217;est d\u00e9j\u00e0 plus dans le moment o\u00f9 le pr\u00e9sident de la Commission europ\u00e9enne d\u00e9clarait : <em>\u00ab Il ne peut y avoir de choix d\u00e9mocratique contre les trait\u00e9s europ\u00e9ens. \u00bb<\/em> Et d\u00e9j\u00e0, ce qui \u00e9tait \u00e0 peu pr\u00e8s impensable \u2013 la ren\u00e9gociation de la dette \u2013 ne l&#8217;est plus.<\/p>\n<p>Dans cette interview accord\u00e9e \u00e0 la BBC samedi soir, Yanis Varoufakis insiste sur la ferme volont\u00e9 d&#8217;entrer en discussion avec toutes les parties prenantes (y compris, individuellement, celles de la Tro\u00efka), afin de mettre un terme \u00e0 une politique qui <em>\u00ab en cinq ans, n&#8217;a jamais fait la preuve de ses b\u00e9n\u00e9fices attendus \u00bb<\/em>, de parvenir \u00e0 un <em>\u00ab New Deal \u00bb<\/em> avec les cr\u00e9anciers de la Gr\u00e8ce, mais aussi de mener des r\u00e9formes qui n&#8217;ont jamais pu \u00eatre men\u00e9es dans le pays[[\u00ab Nous disons \u00e0 nos partenaires que nous avons besoin de quelques semaines pour trouver ensemble des solutions rationnelles et intelligentes visant \u00e0 minimiser les cons\u00e9quences de crise pour tous les contribuables europ\u00e9ens, pas seulement pour les Grecs. \u00bb]]. <\/p>\n<p>L&#8217;expression de cette bonne volont\u00e9 assortie d&#8217;un discours parfaitement raisonnable, la d\u00e9monstration assur\u00e9e par la mise en place imm\u00e9diate d&#8217;un gouvernement op\u00e9rationnel, tous ces \u00e9l\u00e9ments accordent \u00e0 ce gouvernement des atouts strat\u00e9giques de premier ordre : il ne peut d&#8217;ores et d\u00e9j\u00e0 plus \u00eatre disqualifi\u00e9 comme irrationnel ou irresponsable. Il parvient aussi \u00e0 \u00e9largir la br\u00e8che dans le barrage oppos\u00e9 \u00e0 ceux qui contestent les politiques d&#8217;aust\u00e9rit\u00e9 et, au-del\u00e0, les dogmes lib\u00e9raux, dont les d\u00e9sastreuses cons\u00e9quences peuvent de plus en plus difficilement \u00eatre ni\u00e9es. <\/p>\n<p><strong><em>Le choc de la v\u00e9rit\u00e9<br \/>\n<\/strong><\/em><\/p>\n<p>Pass\u00e9 le moment de ces gestes symboliques, s&#8217;ouvre maintenant une p\u00e9riode de n\u00e9gociations plus techniques et plus politiques (lire <a href=\"http:\/\/www.filoche.net\/2015\/02\/02\/bras-de-fer-qui-s\u2019est-engage-entre-la-droite-europeenne-la-commission-et-le-nouveau-gouvernement-grec\/\">l&#8217;analyse de G\u00e9rard Filoche<\/a> sur leurs termes et les risques encourus par les parties). Le gouvernement d&#8217;Alexis Tsipras s&#8217;est engag\u00e9 dans cette phase en suivant une strat\u00e9gie de la fermet\u00e9 dont <a href=\"http:\/\/www.latribune.fr\/actualites\/economie\/union-europeenne\/20150202trib8cbf2dbf0\/pourquoi-la-grece-est-deja-en-position-de-force.html\">Romaric Godin explique dans <em>La Tribune<\/em><\/a> ce qui l&#8217;\u00e9taye [[Le constat des \u00e9checs de Hollande et Renzi face Angela Merkel lorsqu&#8217;ils lui propos\u00e8rent &#8220;r\u00e9formes contre soutien&#8221; ; la crainte qu&#8217;un \u00e9chec de Syriza, ultime recours, ne pr\u00e9cipite l&#8217;\u00e9lectorat vers l&#8217;extr\u00eame droite ; la menace d&#8217;une nouvelle crise de la zone euro ; le cadeau fait aux partis souverainistes ; l&#8217;isolement de la BCE apr\u00e8s la dissolution de la Tro\u00efka, etc.]]. \u00c0 quoi il faut ajouter le fait que les experts financiers s&#8217;accordent d\u00e9sormais \u00e0 reconna\u00eetre que <a href=\"http:\/\/www.lemonde.fr\/economie\/article\/2015\/02\/02\/compte-a-rebours-pour-eviter-un-defaut-grec_4567885_3234.html\">la dette grecque est insoutenable<\/a>. <em>\u00ab D\u00e8s lors, la partie semble jou\u00e9e d&#8217;avance : les Europ\u00e9ens vont devoir n\u00e9gocier sur la base du plan grec. Ou accepter la responsabilit\u00e9 du chaos \u00bb<\/em>, \u00e9crit Romaric Godin. <\/p>\n<p>Au-del\u00e0 du nouvel \u00e9quilibre obtenu en \u00e0 peine une semaine, la force du nouveau gouvernement grec ne r\u00e9side pas seulement dans la rationalit\u00e9 de sa d\u00e9marche, mais aussi dans un autre choc, bien plus consid\u00e9rable : celui de la v\u00e9rit\u00e9 qui commence \u00e0 se faire entendre, comme dans la remarquable <a href=\"http:\/\/www.newspress.fr\/Communique_FR_286047_6425.aspx\">lettre ouverte d&#8217;Alexis Tsipras aux citoyens allemands<\/a>. Le discours du pr\u00e9sident grec, empreint d&#8217;un humanisme qui a totalement disparu \u2013 sinon au travers de formules d\u00e9sesp\u00e9r\u00e9ment creuses \u2013 de la novlangue eurocratique, exprime en toute s\u00e9r\u00e9nit\u00e9 une force de conviction dont on commence \u00e0 mesurer ce qu&#8217;elle peut emporter sur son passage.<\/p>\n<p>\u00c9conomiste chevronn\u00e9, son ministre Yanis Varoufakis est aussi un sp\u00e9cialiste de la th\u00e9orie des jeux. Des atouts qui seront d\u00e9sormais au moins aussi utiles que son charme tr\u00e8s physique et sa remarquable \u00e9loquence pour rester l&#8217;acteur et le co-auteur d&#8217;un sc\u00e9nario qui, apr\u00e8s ce tonitruant prologue, para\u00eet \u00e0 ses spectateurs, jour apr\u00e8s jour, de plus en plus vraisemblable. <\/p>\n","protected":false},"excerpt":{"rendered":"<p>En quelques jours, et en quelques coups de force symboliques, le nouveau gouvernement grec a boulevers\u00e9 les \u00e9quilibres politiques et plac\u00e9 l&#8217;UE au pied du mur. La partie va devenir plus difficile, mais elle a \u00e9t\u00e9 particuli\u00e8rement bien engag\u00e9e.<\/p>\n","protected":false},"author":1188,"featured_media":0,"comment_status":"open","ping_status":"open","sticky":false,"template":"","format":"standard","meta":{"_themeisle_gutenberg_block_has_review":false,"footnotes":""},"categories":[157],"tags":[420,478],"class_list":["post-8337","post","type-post","status-publish","format-standard","hentry","category-web","tag-grece","tag-syriza"],"_links":{"self":[{"href":"https:\/\/archives.regards.fr\/index.php?rest_route=\/wp\/v2\/posts\/8337","targetHints":{"allow":["GET"]}}],"collection":[{"href":"https:\/\/archives.regards.fr\/index.php?rest_route=\/wp\/v2\/posts"}],"about":[{"href":"https:\/\/archives.regards.fr\/index.php?rest_route=\/wp\/v2\/types\/post"}],"author":[{"embeddable":true,"href":"https:\/\/archives.regards.fr\/index.php?rest_route=\/wp\/v2\/users\/1188"}],"replies":[{"embeddable":true,"href":"https:\/\/archives.regards.fr\/index.php?rest_route=%2Fwp%2Fv2%2Fcomments&post=8337"}],"version-history":[{"count":0,"href":"https:\/\/archives.regards.fr\/index.php?rest_route=\/wp\/v2\/posts\/8337\/revisions"}],"wp:attachment":[{"href":"https:\/\/archives.regards.fr\/index.php?rest_route=%2Fwp%2Fv2%2Fmedia&parent=8337"}],"wp:term":[{"taxonomy":"category","embeddable":true,"href":"https:\/\/archives.regards.fr\/index.php?rest_route=%2Fwp%2Fv2%2Fcategories&post=8337"},{"taxonomy":"post_tag","embeddable":true,"href":"https:\/\/archives.regards.fr\/index.php?rest_route=%2Fwp%2Fv2%2Ftags&post=8337"}],"curies":[{"name":"wp","href":"https:\/\/api.w.org\/{rel}","templated":true}]}}