{"id":8336,"date":"2015-02-02T18:40:30","date_gmt":"2015-02-02T17:40:30","guid":{"rendered":"https:\/\/wp.muchomaas.com\/article-legislatives-du-doubs-fausse\/"},"modified":"2023-06-23T23:18:51","modified_gmt":"2023-06-23T21:18:51","slug":"article-legislatives-du-doubs-fausse","status":"publish","type":"post","link":"https:\/\/archives.regards.fr\/?p=8336","title":{"rendered":"L\u00e9gislatives du Doubs : fausse embellie et vrai signe de crise"},"content":{"rendered":"<p class=\"post_excerpt\">Si le candidat socialiste est en mesure de l&#8217;emporter au second tour de l&#8217;\u00e9lection partielle, l&#8217;analyse des r\u00e9sultats fait la d\u00e9monstration d&#8217;une situation critique pour le PS\u2026 aussi bien que pour l&#8217;UMP et les formations de la gauche radicale. <\/p>\n<p>Un \u00e9v\u00e9nement incroyable s&#8217;est produit dimanche soir au fond des urnes de la quatri\u00e8me circonscription du Doubs : le candidat socialiste Fr\u00e9d\u00e9ric Barbier, suppl\u00e9ant de Pierre Moscovici, a r\u00e9ussi \u00e0 se qualifier pour le second tour de cette \u00e9lection l\u00e9gislative partielle qui le verra affronter le Front national. Autant dire, un truc de dingue, aussit\u00f4t relay\u00e9 fa\u00e7on breaking news par toutes les r\u00e9dactions qui se respectent. <\/p>\n<p>Que la pr\u00e9sence au second tour d&#8217;une l\u00e9gislative du parti majoritaire de ce pays puisse faire sensation en dit long sur l&#8217;\u00e9tat du syst\u00e8me politique. C&#8217;est tout juste si le fait que le FN soit largement en t\u00eate est mentionn\u00e9, un non \u00e9v\u00e9nement qui rel\u00e8ve d\u00e9sormais de la normalit\u00e9. Il n&#8217;y a pas si longtemps, il aurait suscit\u00e9 protestations et mobilisations. Mais s&#8217;agit-il d&#8217;une spectaculaire embellie pour la gauche gouvernementale ? L&#8217;\u00e9tude des r\u00e9sultats se r\u00e9v\u00e8le plus pr\u00e9occupante que rassurante. S&#8217;il faut se garder de g\u00e9n\u00e9raliser les r\u00e9sultats d&#8217;une unique \u00e9lection partielle, il est toutefois possible d&#8217;\u00e9tayer quelques hypoth\u00e8ses.<\/p>\n<p><strong><em>Un effet Charlie minimum<br \/>\n<\/strong><\/em><\/p>\n<p>Avec 28,85% des voix, Fr\u00e9d\u00e9ric Barbier se place en deuxi\u00e8me position devant l&#8217;UMP Charles Demouge, troisi\u00e8me avec 26,54%. Ce score, s&#8217;il pr\u00e9serve l&#8217;essentiel \u2013 la pr\u00e9sence au second tour \u2013 est en r\u00e9alit\u00e9 peu flatteur pour le repr\u00e9sentant socialiste. En 2012, avec 16.421 voix Pierre Moscovici avait obtenu 40,81%, le PS n&#8217;obtient cette fois-ci que 7.416 voix et perd donc pr\u00e8s de 12% et plus de 9.000 voix. L&#8217;UMP qui avait 7.000 voix de retard en 2012 n&#8217;en a plus que 600 \u00e0 l&#8217;\u00e9lection de dimanche soir. <\/p>\n<p>Cette deuxi\u00e8me place socialiste s&#8217;est donc jou\u00e9e \u00e0 peu de choses. Dans cette circonscription, plut\u00f4t favorable au PS, la droite ne l&#8217;a emport\u00e9 qu&#8217;en 1993 et en 2002, deux moments tr\u00e8s particuliers des rapports gauche \/ droite. Si l&#8217;effet Charlie existe sans doute, il est de tr\u00e8s faible intensit\u00e9 et ce alors m\u00eame que la proximit\u00e9 avec le 7 janvier devrait le porter \u00e0 son plus haut niveau. Une bien mauvaise nouvelle pour la direction du Parti socialiste, alors que se profilent les \u00e9lections d\u00e9partementales en mars et les r\u00e9gionales \u00e0 la fin de l&#8217;ann\u00e9e.<\/p>\n<p><strong><em>Le FN se porte bien<br \/>\n<\/strong><\/em><\/p>\n<p>Avec 32,60%, la candidate du FN est largement en t\u00eate, gagnant 8,7% (et ne perdant que 1.200 voix) par rapport \u00e0 2012. Malgr\u00e9 la forte abstention (pass\u00e9e de 40 \u00e0 60%), la capacit\u00e9 de mobilisation de l&#8217;\u00e9lectorat FN est demeur\u00e9e \u00e0 un tr\u00e8s haut niveau. Entre 2012 et 2015, le FN pr\u00e9serve 87% de ses voix quand l&#8217;UMP n&#8217;en garde que 73% et le PS 45%. Les analyses aussi empress\u00e9es que pr\u00e9matur\u00e9es qui, \u00e0 la mi-janvier, avaient pr\u00e9dit un affaiblissement du parti de Marine Le Pen se sont r\u00e9v\u00e9l\u00e9es particuli\u00e8rement hasardeuses. <\/p>\n<p>De RTL expliquant <em>\u00ab Charlie Hebdo: Marine Le Pen n&#8217;a pas compris \u00bb<\/em> (<a href=\"http:\/\/www.rtl.fr\/actu\/politique\/video-charlie-hebdo-marine-le-pen-n-a-pas-compris-7776212917\">ici<\/a>), au <em>Nouvel Observateur<\/em> : <em>\u00ab Marine Le Pen est dans une impasse. Elle a commis une double erreur \u00bb<\/em> (si, si, <a href=\"http:\/\/leplus.nouvelobs.com\/contribution\/1307478-charlie-hebdo-marine-le-pen-est-dans-une-impasse-elle-a-commis-une-double-erreur.html\">c&#8217;est l\u00e0<\/a>) en passant par <em>Le Monde<\/em> <em>\u00ab Comment Marine Le Pen s\u2019est mise hors jeu \u00bb<\/em> (eh oui, <a href=\"http:\/\/www.lemonde.fr\/politique\/article\/2015\/01\/19\/comment-marine-le-pen-s-est-mise-hors-jeu_4558787_823448.html\">c&#8217;est l\u00e0<\/a>), nombreux sont les \u00e9ditorialistes \u00e0 avoir confondu analyses et esp\u00e9rances. Tout entiers tourn\u00e9s vers l&#8217;unit\u00e9 nationale, ils en avaient oubli\u00e9 que les raisons ayant permis le succ\u00e8s du Front national sont extr\u00eamement profondes. Le racisme, les in\u00e9galit\u00e9s sociales, la perte de l\u00e9gitimit\u00e9 des diff\u00e9rentes institutions, les probl\u00e8mes qui minent la soci\u00e9t\u00e9 fran\u00e7aise appellent des solutions de fond et non des petites man\u0153uvres tacticiennes.<\/p>\n<p><strong><em>L&#8217;UMP dans la nasse<br \/>\n<\/strong><\/em><\/p>\n<p>D\u00e9cid\u00e9ment, rien ne va pour Nicolas Sarkozy. Sa tentative de retour, qu&#8217;il esp\u00e9rait triomphante, rel\u00e8ve d\u00e9sormais du chemin de croix. Avec l&#8217;\u00e9pineuse question de la consigne de vote, il se retrouve face \u00e0 un choix impossible que son parti paiera dans tous les cas de figure. L&#8217;appel au vote PS au nom du front r\u00e9publicain ? Cela permettrait \u00e0 Marine Le Pen de faire des gorges chaudes sur l&#8217;UMPS et d\u00e9clencherait imm\u00e9diatement la fureur de ceux qui, au sein du principal parti de la droite, lorgnent avec insistance du c\u00f4t\u00e9 du FN. <\/p>\n<p>Mais le ni-ni, qui semble avoir les faveurs de l&#8217;ancien pr\u00e9sident de la R\u00e9publique, entra\u00eenera aussit\u00f4t des prises de positions individuelles en faveur du PS. Ce sc\u00e9nario est d\u00e9j\u00e0 en marche, et <a href=\"http:\/\/www.lefigaro.fr\/politique\/le-scan\/decryptages\/2015\/02\/02\/25003-20150202ARTFIG00180-front-republicain-ou-ni-ni-l-ump-en-ordre-disperse.php\"><em>Le Figaro<\/em><\/a> doit constater avec amertume que <em>\u00ab L&#8217;UMP est en ordre dispers\u00e9 \u00bb<\/em>. Surtout, cette absence de choix va renforcer le foss\u00e9 avec les centristes qui, d\u00e8s l&#8217;annonce des r\u00e9sultats du scrutin, ont appel\u00e9 \u00e0 faire barrage au Front national. C&#8217;est donc une bien mauvaise op\u00e9ration pour une UMP d\u00e9j\u00e0 sans projet politique.<\/p>\n<p><strong><em>L&#8217;effet Syriza ne franchit pas le Jura<br \/>\n<\/strong><\/em><\/p>\n<p>C&#8217;est peu dire que les r\u00e9sultats \u00e0 la gauche du Parti socialiste sont modestes. Avec 3,66% pour le candidat Front de gauche et 3,11% pour celui des Verts, c&#8217;est la grande stabilit\u00e9 \u2013 \u00e0 des niveaux tr\u00e8s bas \u2013 qui se confirme. Certes, cette circonscription ne figure pas parmi les fiefs de la gauche radicale, mais les scores obtenus \u00e0 chacune des treize \u00e9lections partielles depuis 2012 ont tous donn\u00e9 la m\u00eame indication : le d\u00e9samour de l&#8217;\u00e9lectorat vis \u00e0 vis des socialistes n&#8217;a jamais produit de renforcement, m\u00eame modeste, du Front de gauche. <\/p>\n<p>Ni la victoire de Syriza une semaine auparavant, ni les dizaines de milliers de manifestants \u00e0 Madrid dimanche apr\u00e8s-midi, n&#8217;ont de traduction politique en France.<\/p>\n<p><strong><em>Et maintenant ?<br \/>\n<\/strong><\/em><\/p>\n<p>L&#8217;issue du second tour devrait voir la victoire du socialiste Fr\u00e9d\u00e9ric Barbier. Il dispose d&#8217;un petit r\u00e9servoir de voix sur sa gauche, peut esp\u00e9rer une remobilisation partielle de son \u00e9lectorat et \u00e0 droite il lui suffit que la logique habituelle des trois tiers s&#8217;applique : un tiers pour le PS, un autre pour le FN et un dernier qui se r\u00e9fugie dans l&#8217;abstention. Une mauvaise surprise est toujours possible, mais la victoire du FN n&#8217;est pas le plus probable. <\/p>\n<p>La situation appara\u00eet pourtant bien d\u00e9t\u00e9rior\u00e9e. En 2012, au terme d&#8217;une triangulaire, Pierre Moscovici l&#8217;emportait avec 49,32% contre 26,21% \u00e0 l&#8217;UMP et 24,47% au FN. Le niveau de l&#8217;abstention rend impossible, cette fois-ci, une triangulaire qui sinon aurait \u00e9t\u00e9 \u00e0 tr\u00e8s hauts risques pour les socialistes. Surtout, les faiblesses de l&#8217;UMP font du Front national le principal opposant au Parti socialiste au pouvoir. Les 25% obtenus par le parti d&#8217;extr\u00eame droite aux europ\u00e9ennes de 2014 ne sont pas un accident, mais traduisent des \u00e9l\u00e9ments profonds de la situation politique et sociale. La direction du Parti socialiste, prisonni\u00e8re de calculs \u00e0 tr\u00e8s courte vue, peut y voir un effet d&#8217;aubaine. Ce serait une lourde erreur. Au moment o\u00f9 l&#8217;INSEE annonce d&#8217;ores et d\u00e9j\u00e0 que l&#8217;ann\u00e9e 2015 s&#8217;ach\u00e8vera avec 100.000 ch\u00f4meurs suppl\u00e9mentaires, les raisons de s&#8217;inqui\u00e9ter sont nombreuses.<br \/>\n<div id='gallery-1' class='gallery galleryid-8336 gallery-columns-3 gallery-size-thumbnail'><figure class='gallery-item'>\n\t\t\t<div class='gallery-icon landscape'>\n\t\t\t\t<a href='https:\/\/archives.regards.fr\/wp-content\/uploads\/2015\/02\/partielle-doubs-a43.jpg'><img loading=\"lazy\" decoding=\"async\" width=\"150\" height=\"150\" src=\"https:\/\/archives.regards.fr\/wp-content\/uploads\/2015\/02\/partielle-doubs-a43-150x150.jpg\" class=\"attachment-thumbnail size-thumbnail\" alt=\"partielle-doubs.jpg\" \/><\/a>\n\t\t\t<\/div><\/figure>\n\t\t<\/div>\n<\/p>\n","protected":false},"excerpt":{"rendered":"<p>Si le candidat socialiste est en mesure de l&#8217;emporter au second tour de l&#8217;\u00e9lection partielle, l&#8217;analyse des r\u00e9sultats fait la d\u00e9monstration d&#8217;une situation critique pour le PS\u2026 aussi bien que pour l&#8217;UMP et les formations de la gauche radicale. <\/p>\n","protected":false},"author":1097,"featured_media":21424,"comment_status":"open","ping_status":"open","sticky":false,"template":"","format":"standard","meta":{"_themeisle_gutenberg_block_has_review":false,"footnotes":""},"categories":[157],"tags":[355,390],"class_list":["post-8336","post","type-post","status-publish","format-standard","has-post-thumbnail","hentry","category-web","tag-extreme-droite","tag-parti-socialiste"],"_links":{"self":[{"href":"https:\/\/archives.regards.fr\/index.php?rest_route=\/wp\/v2\/posts\/8336","targetHints":{"allow":["GET"]}}],"collection":[{"href":"https:\/\/archives.regards.fr\/index.php?rest_route=\/wp\/v2\/posts"}],"about":[{"href":"https:\/\/archives.regards.fr\/index.php?rest_route=\/wp\/v2\/types\/post"}],"author":[{"embeddable":true,"href":"https:\/\/archives.regards.fr\/index.php?rest_route=\/wp\/v2\/users\/1097"}],"replies":[{"embeddable":true,"href":"https:\/\/archives.regards.fr\/index.php?rest_route=%2Fwp%2Fv2%2Fcomments&post=8336"}],"version-history":[{"count":0,"href":"https:\/\/archives.regards.fr\/index.php?rest_route=\/wp\/v2\/posts\/8336\/revisions"}],"wp:featuredmedia":[{"embeddable":true,"href":"https:\/\/archives.regards.fr\/index.php?rest_route=\/wp\/v2\/media\/21424"}],"wp:attachment":[{"href":"https:\/\/archives.regards.fr\/index.php?rest_route=%2Fwp%2Fv2%2Fmedia&parent=8336"}],"wp:term":[{"taxonomy":"category","embeddable":true,"href":"https:\/\/archives.regards.fr\/index.php?rest_route=%2Fwp%2Fv2%2Fcategories&post=8336"},{"taxonomy":"post_tag","embeddable":true,"href":"https:\/\/archives.regards.fr\/index.php?rest_route=%2Fwp%2Fv2%2Ftags&post=8336"}],"curies":[{"name":"wp","href":"https:\/\/api.w.org\/{rel}","templated":true}]}}