{"id":8330,"date":"2015-02-01T13:25:44","date_gmt":"2015-02-01T12:25:44","guid":{"rendered":"https:\/\/wp.muchomaas.com\/article-l-espoir-grec-ne-pas-se-tromper-de\/"},"modified":"2023-07-03T14:34:29","modified_gmt":"2023-07-03T12:34:29","slug":"article-l-espoir-grec-ne-pas-se-tromper-de","status":"publish","type":"post","link":"https:\/\/archives.regards.fr\/?p=8330","title":{"rendered":"L\u2019espoir grec : ne pas se tromper de bataille"},"content":{"rendered":"<p class=\"post_excerpt\">L\u2019espoir grec est-il que la victoire de Syriza va aider \u00e0 faire bouger l\u2019Union Europ\u00e9enne ? Ou bien est-il que cette victoire va entra\u00eener un processus de destruction de cette Union et d\u2019abord de l\u2019euro ? <\/p>\n<p>Dans mon <a href=\"https:\/\/wp.muchomaas.com\/economie\/les-economistes-ne-sont-pas-tous\/article\/a-j-4-des-elections\">compte rendu des prises de position des \u00e9conomistes<\/a> \u00e0 l\u2019approche des \u00e9lections grecques, j\u2019avais not\u00e9 le soutien \u00e0 Syriza de nombreux \u00e9conomistes critiques fran\u00e7ais et \u00e9trangers et le silence bruyant des \u00e9conomistes fran\u00e7ais orthodoxes partisans, en toutes choses des r\u00e8gles du march\u00e9 et <a href=\"http:\/\/www.lejdd.fr\/Economie\/Tribune-Pourquoi-il-faut-voter-la-loi-Macron-714404\">de la lutte contre les rentes de situation<\/a>, <a href=\"http:\/\/assoeconomiepolitique.org\/\">sauf pour ce qui les concerne<\/a>. Constatons que le silence perdure, alors que tout le monde a maintenant le devoir d\u2019agir. <\/p>\n<p><strong><em>Illusion \u00ab europ\u00e9iste \u00bb ?<br \/>\n<\/strong><\/em><\/p>\n<p>Mais je dois dire que j\u2019\u00e9tais pass\u00e9 \u00e0 c\u00f4t\u00e9 du <a href=\"http:\/\/blog.mondediplo.net\/2015-01-19-L-alternative-de-Syriza-passer-sous-la-table-ou\">point de vue de Fr\u00e9d\u00e9ric Lordon<\/a>, l\u2019un des fondateurs des \u00c9conomistes atterr\u00e9s, tr\u00e8s critique \u00e0 l\u2019\u00e9gard du programme de Syriza et de son leader Alexis Tsipras : <em>\u00ab l\u2019\u00e9tau allemand et les incons\u00e9quences de la formation grecque condamnent celle-ci \u00e0 des acrobaties douloureuses \u00bb.<\/em><\/p>\n<p>Fr\u00e9d\u00e9ric Lordon pourfend, en fait, toute volont\u00e9 de rester dans l\u2019euro, toute aspiration \u00e0 un New Deal europ\u00e9en. Tout cela n\u2019est, selon lui, qu\u2019<em>\u00ab europ\u00e9isme \u00bb<\/em> et illusion. Illusion qu\u2019il soit possible de faire r\u00e9ellement changer de cap \u00e0 l\u2019Union europ\u00e9enne sans la d\u00e9truire pr\u00e9alablement. Et illusion qu\u2019un tel programme puisse \u00eatre autre chose que des am\u00e9nagements mineurs. Le fond de l\u2019affaire serait que l\u2019Allemagne ne voudra pas et que c\u2019est elle qui m\u00e8ne la danse. Le compromis est impossible. Tsipras et Syriza ont tort de s\u2019inscrire dans la recherche d\u2019un accord. <em>\u00ab Le salut pour Syriza ne viendra ni de quelque compromis europ\u00e9en, ni d\u2019une chim\u00e9rique reconstruction institutionnelle \u00e0 froid, promesse aussi vide de r\u00e9alisme politique que faite pour \u00eatre renvoy\u00e9e \u00e0 des horizons perp\u00e9tuellement repouss\u00e9s. Mais l\u2019inanit\u00e9 des fausses solutions n\u2019exclut pas qu\u2019il y en ait de s\u2019inscrire dans la recherche de vraies. Puisqu\u2019il y a toujours une alternative. En l\u2019occurrence, non pas caler le pied de table, pour ravauder son estime de soi avant de passer dessous, mais la renverser. \u00bb <\/em> <\/p>\n<p><strong><em>En \u00e9trange compagnie<br \/>\n<\/strong><\/em><\/p>\n<p>Affublant d\u2019un petit nom qui se veut m\u00e9prisant tous ceux qui ne partagent pas son point de vue, Fr\u00e9d\u00e9ric Lordon ne devra pas s\u2019\u00e9tonner d\u2019\u00eatre rang\u00e9 lui-m\u00eame dans la case nationaliste, quoi qu\u2019il en dise. Car enfin, dans sa prise de position en faveur de la sortie de la Gr\u00e8ce de l\u2019euro, il ne se trouve pas seulement en compagnie de son coll\u00e8gue <a href=\"http:\/\/russeurope.hypotheses.org\/3233\">Jacques Sapir<\/a>, mais aussi de celle de <a href=\"http:\/\/blogs.rue89.nouvelobs.com\/chez-les-economistes-atterres\/2014\/02\/11\/sortir-la-monnaie-unique-de-lordoliberalisme-232283\">Hans-Werner Sinn<\/a>, le tr\u00e8s ordolib\u00e9ral et influent \u00e9conomiste allemand, sans compter les propos de madame Merkel indiquant aux Grecs, deux semaines avant les \u00e9lections, que la porte de la sortie de l\u2019euro leur \u00e9tait effectivement ouverte s\u2019il leur prenait le d\u00e9sir de changer de programme et de vouloir obtenir une r\u00e9duction de leur dette.Face \u00e0 quoi, Fr\u00e9d\u00e9ric Lordon se livre \u00e0 beaucoup de circonvolutions pour expliquer \u00e0 la fois que l\u2019Allemagne use de la menace et que la Gr\u00e8ce devrait n\u00e9anmoins le faire. <\/p>\n<p>Pour joindre les deux bouts de cette \u00e9trange dialectique, il explique que le but de l\u2019Allemagne est d\u2019emp\u00eacher la contagion \u00e0 L\u2019Espagne qui va bient\u00f4t voter&#8230; avant que la Gr\u00e8ce ne tire b\u00e9n\u00e9fice de sa sortie de l\u2019euro. <em>\u00ab Car il faut avoir l\u2019honn\u00eatet\u00e9 de reconna\u00eetre qu\u2019entre difficult\u00e9s logistiques de la r\u00e9installation de la drachme, imperfections de la mise en place des contr\u00f4les de capitaux, super-d\u00e9valuation de fait, imm\u00e9diatet\u00e9 de l\u2019inflation import\u00e9e, temps de r\u00e9ponse des exportations, etc., un processus de sortie-d\u00e9faut commencera par une phase passablement chaotique, dont la stabilisation, puis la mat\u00e9rialisation des b\u00e9n\u00e9fices, demanderont au moins douze et plus probablement dix-huit mois. Fin 2015, ce sera le fond du creux \u2013 soit la plus mauvaise image possible \u00e0 offrir pour une strat\u00e9gie de sortie de l\u2019euro, et un caviar pour les &#8220;on vous l\u2019avait bien dit&#8221; europ\u00e9istes. \u00bb <\/em> <\/p>\n<p>Dix-mois mois, deux ans pour qu\u2019une sortie de l\u2019euro r\u00e9ussisse, foi d\u2019\u00e9conomiste h\u00e9t\u00e9rodoxe qui n\u2019a pas lu cela dans le marc de caf\u00e9 mais vous le garantit du plus profond de sa science ! Foi partag\u00e9e par Hans Werner Sinn qui le dit aussi : la sortie de l\u2019euro pour les Grecs c\u2019est <em>\u00ab la sortie de la vall\u00e9e des larmes \u00bb<\/em>. <\/p>\n<p><strong><em>Illusion souverainiste<br \/>\n<\/strong><\/em><\/p>\n<p>Comme si la sortie de la Gr\u00e8ce de l\u2019euro ne serait pas une premi\u00e8re \u00e9tape dans un d\u00e9mant\u00e8lement plus que chaotique de toute la zone. Comme si cela ouvrirait la voie \u00e0 moins de comp\u00e9tition par les co\u00fbts salariaux. Comme si cela ouvrirait la voie \u00e0 plus de transferts de solidarit\u00e9 et de coop\u00e9rations productives. Comme si cela n\u2019entra\u00eenerait pas une surench\u00e8re de d\u00e9valuations comp\u00e9titives et de r\u00e9torsions protectionnistes. Comme si, dans un contexte de crise europ\u00e9enne durable et profonde, ce n\u2019\u00e9tait pas ouvrir une redoutable bo\u00eete de pandore politique. C\u2019est une illusion que de penser que le peuple grec, et \u00e0 leur suite les autres peuples d\u2019Europe, pourraient ainsi retrouver leur souverainet\u00e9, c\u2019est-\u00e0-dire leur libert\u00e9 de choix d\u00e9mocratique, seuls, dans la mondialisation capitaliste financiaris\u00e9. <\/p>\n<p>C\u2019est pourquoi, en ce qui me concerne, je me situe, modestement mais r\u00e9solument, dans l\u2019hypoth\u00e8se que le gouvernement Tsipras est un espoir pour modifier le cours de l\u2019Union europ\u00e9enne et de la zone euro, ici et maintenant. \u00c0 condition bien s\u00fbr de ne pas rester les bras crois\u00e9s contre tous ceux qui ne veulent rien changer ou qui veulent changer trop peu.<\/p>\n<p>Dans la partie cruciale qui s\u2019engage, les questions forment un bloc. Ce sont la r\u00e9duction de la dette grecque, le rejet de la tutelle de la Tro\u00efka, la fin de l\u2019aust\u00e9rit\u00e9, la mise en \u0153uvre de r\u00e9formes structurelles qui s\u2019attaquent au client\u00e9lisme et aux autres formes de pillage de la Gr\u00e8ce. C\u2019est en m\u00eame temps un nouveau d\u00e9veloppement des capacit\u00e9s de production de ce pays et la mani\u00e8re dont l\u2019Europe doit y contribuer. Et d\u00e9j\u00e0, nous avons affaire non seulement \u00e0 Mme Merkel et \u00e0 M. Juncker, mais aussi \u00e0 <a href=\"http:\/\/www.france24.com\/fr\/20150129-tsipras-macron-voit-pas-lui-possibilite-dune-nouvelle-politique-economique\/\">M. Macron<\/a> qui proclame qu\u2019il ne voit pas en Gr\u00e8ce <em>\u00ab la possibilit\u00e9 d\u2019une nouvelle politique \u00e9conomique \u00bb<\/em> et \u00e0 M. Sapin qui ne veut pas entendre parler d\u2019une annulation de la dette grecque. Et aussi aux dirigeants de la BCE ou \u00e0 ceux du FMI qui proclament qu\u2019il n\u2019est pas question de r\u00e9duire les dettes grecques qu\u2019ils d\u00e9tiennent, etc. Comme nous avons affaire avec l\u2019id\u00e9e que r\u00e9duire la dette grecque, ce serait faire payer les contribuables europ\u00e9ens et notamment fran\u00e7ais.<\/p>\n<p>Bref, pour que vive l\u2019espoir grec, nous ne devons pas nous tromper de bataille. <\/p>\n","protected":false},"excerpt":{"rendered":"<p>L\u2019espoir grec est-il que la victoire de Syriza va aider \u00e0 faire bouger l\u2019Union Europ\u00e9enne ? Ou bien est-il que cette victoire va entra\u00eener un processus de destruction de cette Union et d\u2019abord de l\u2019euro ? <\/p>\n","protected":false},"author":1240,"featured_media":0,"comment_status":"open","ping_status":"open","sticky":false,"template":"","format":"standard","meta":{"_themeisle_gutenberg_block_has_review":false,"footnotes":""},"categories":[186],"tags":[352,420,478],"class_list":["post-8330","post","type-post","status-publish","format-standard","hentry","category-les-choses-lues-par-monsieur-marx","tag-europe","tag-grece","tag-syriza"],"_links":{"self":[{"href":"https:\/\/archives.regards.fr\/index.php?rest_route=\/wp\/v2\/posts\/8330","targetHints":{"allow":["GET"]}}],"collection":[{"href":"https:\/\/archives.regards.fr\/index.php?rest_route=\/wp\/v2\/posts"}],"about":[{"href":"https:\/\/archives.regards.fr\/index.php?rest_route=\/wp\/v2\/types\/post"}],"author":[{"embeddable":true,"href":"https:\/\/archives.regards.fr\/index.php?rest_route=\/wp\/v2\/users\/1240"}],"replies":[{"embeddable":true,"href":"https:\/\/archives.regards.fr\/index.php?rest_route=%2Fwp%2Fv2%2Fcomments&post=8330"}],"version-history":[{"count":0,"href":"https:\/\/archives.regards.fr\/index.php?rest_route=\/wp\/v2\/posts\/8330\/revisions"}],"wp:attachment":[{"href":"https:\/\/archives.regards.fr\/index.php?rest_route=%2Fwp%2Fv2%2Fmedia&parent=8330"}],"wp:term":[{"taxonomy":"category","embeddable":true,"href":"https:\/\/archives.regards.fr\/index.php?rest_route=%2Fwp%2Fv2%2Fcategories&post=8330"},{"taxonomy":"post_tag","embeddable":true,"href":"https:\/\/archives.regards.fr\/index.php?rest_route=%2Fwp%2Fv2%2Ftags&post=8330"}],"curies":[{"name":"wp","href":"https:\/\/api.w.org\/{rel}","templated":true}]}}