{"id":8325,"date":"2015-01-30T15:23:42","date_gmt":"2015-01-30T14:23:42","guid":{"rendered":"https:\/\/wp.muchomaas.com\/article-des-bonnes-nouvelles-de-grece\/"},"modified":"2023-06-23T23:18:49","modified_gmt":"2023-06-23T21:18:49","slug":"article-des-bonnes-nouvelles-de-grece","status":"publish","type":"post","link":"https:\/\/archives.regards.fr\/?p=8325","title":{"rendered":"Des (bonnes) nouvelles de Gr\u00e8ce"},"content":{"rendered":"<p class=\"post_excerpt\">Allez faire un tour sur le site okeanews.fr\u2026 \u00ab L\u2019actu en Gr\u00e8ce pas comme ailleurs \u00bb, dit la ligne \u00e9ditoriale. C\u2019est vrai et, en ce moment, c\u2019est assez r\u00e9jouissant.<\/p>\n<p>Prenez par exemple la page d&#8217;accueil actuelle. Il y a un <a href=\"http:\/\/www.okeanews.fr\/20150128-portrait-du-nouveau-gouvernement-en-grece\">portrait du nouveau gouvernement<\/a> (vous pouvez aussi <a href=\"https:\/\/wp.muchomaas.com\/web\/article\/grece-un-gouvernement-pour-relever \">lire le n\u00f4tre<\/a>). Il vaut un d\u00e9tour rien que pour cette photo <a href=\"https:\/\/twitter.com\/YiannisBab\/status\/560132729313193984\/photo\/1\">issue de Twitter<\/a> qui figure en illustration.<\/p>\n<p> <img loading=\"lazy\" decoding=\"async\" class=\" aligncenter size-full wp-image-21399\" src=\"https:\/\/wp.muchomaas.com\/wp-content\/uploads\/2015\/01\/vigie-okeanews-2-1de.jpg\" alt=\"vigie-okeanews-2.jpg\" align=\"center\" width=\"460\" height=\"289\" srcset=\"https:\/\/archives.regards.fr\/wp-content\/uploads\/2015\/01\/vigie-okeanews-2-1de.jpg 460w, https:\/\/archives.regards.fr\/wp-content\/uploads\/2015\/01\/vigie-okeanews-2-1de-300x188.jpg 300w\" sizes=\"auto, (max-width: 460px) 100vw, 460px\" \/><br \/>\nAvec la mention : <em>\u00ab Le vieil homme au milieu est maintenant ministre de l&#8217;Int\u00e9rieur et chef de la police grecque. \u00bb<\/em> <\/p>\n<p>On trouve aussi sur <em>Okeanews<\/em> les premi\u00e8res d\u00e9cisions du gouvernement. Et l\u00e0, miracle \u00e0 la grecque : Tsipras n\u2019est pas Hollande. Lui et ses ministres commencent \u00e0 appliquer ce sur quoi ils ont \u00e9t\u00e9 \u00e9lus. Voici les infos : <\/p>\n<p><a href=\"http:\/\/www.okeanews.fr\/20150128-le-parlement-nest-plus-protege-de-son-peuple\">Le parlement n&#8217;est plus &#8220;prot\u00e9g\u00e9&#8221; de son peuple<\/a><br \/>\n<a href=\" http:\/\/www.okeanews.fr\/20150128-education-reintegration-des-enseignants-et-personnels\">R\u00e9int\u00e9gration des enseignants et des personnels<br \/>\n<\/a><br \/>\n<a href=\"http:\/\/www.okeanews.fr\/20150128-retablissement-du-salaire-minimum-751e\">R\u00e9tablissement du salaire minimum \u00e0 751 euros<\/a><br \/>\n<a href=\"http:\/\/www.okeanews.fr\/20150128-le-nouveau-gouvernement-donnera-une-conference-de-presse-quotidienne\">Le nouveau gouvernement donnera une conf\u00e9rence de presse quotidienne<\/a><br \/>\n<a href=\"http:\/\/www.okeanews.fr\/20150128-la-nationalite-pour-les-enfants-dimmigres-nes-en-grece\">La nationalit\u00e9 pour les enfants d&#8217;immigr\u00e9s n\u00e9s en Gr\u00e8ce<\/a><br \/>\n<a href=\"http:\/\/www.okeanews.fr\/20150128-arret-de-la-privatisation-de-lelectricite-grecque-et-du-port-du-piree\">Arr\u00eat de la privatisation de l&#8217;\u00e9lectricit\u00e9 grecque et du port du Pir\u00e9e<\/a><br \/>\n<a href=\"http:\/\/www.okeanews.fr\/20150128-les-fonctionnaires-mis-en-disponibilite-seront-reintegres\">Les fonctionnaires mis en disponibilit\u00e9 seront r\u00e9int\u00e9gr\u00e9s<\/a><\/p>\n<p><strong><a href=\"http:\/\/www.okeanews.fr\">Okeanews<\/a><\/strong><div id='gallery-1' class='gallery galleryid-8325 gallery-columns-3 gallery-size-thumbnail'><figure class='gallery-item'>\n\t\t\t<div class='gallery-icon landscape'>\n\t\t\t\t<a href='https:\/\/archives.regards.fr\/wp-content\/uploads\/2015\/01\/vigie-okeanews-dcd.jpg'><img loading=\"lazy\" decoding=\"async\" width=\"150\" height=\"150\" src=\"https:\/\/archives.regards.fr\/wp-content\/uploads\/2015\/01\/vigie-okeanews-dcd-150x150.jpg\" class=\"attachment-thumbnail size-thumbnail\" alt=\"vigie-okeanews.jpg\" \/><\/a>\n\t\t\t<\/div><\/figure><figure class='gallery-item'>\n\t\t\t<div class='gallery-icon landscape'>\n\t\t\t\t<a href='https:\/\/archives.regards.fr\/wp-content\/uploads\/2015\/01\/vigie-okeanews-2-6d0.jpg'><img loading=\"lazy\" decoding=\"async\" width=\"150\" height=\"150\" src=\"https:\/\/archives.regards.fr\/wp-content\/uploads\/2015\/01\/vigie-okeanews-2-6d0-150x150.jpg\" class=\"attachment-thumbnail size-thumbnail\" alt=\"vigie-okeanews-2.jpg\" \/><\/a>\n\t\t\t<\/div><\/figure>\n\t\t<\/div>\n<\/p>\n","protected":false},"excerpt":{"rendered":"<p>Allez faire un tour sur le site okeanews.fr\u2026 \u00ab L\u2019actu en Gr\u00e8ce pas comme ailleurs \u00bb, dit la ligne \u00e9ditoriale. C\u2019est vrai et, en ce moment, c\u2019est assez r\u00e9jouissant.<\/p>\n","protected":false},"author":1,"featured_media":21399,"comment_status":"open","ping_status":"open","sticky":false,"template":"","format":"standard","meta":{"_themeisle_gutenberg_block_has_review":false,"footnotes":""},"categories":[208],"tags":[359,420,478],"class_list":["post-8325","post","type-post","status-publish","format-standard","has-post-thumbnail","hentry","category-vigie-idees","tag-exclure-de-la-home","tag-grece","tag-syriza"],"_links":{"self":[{"href":"https:\/\/archives.regards.fr\/index.php?rest_route=\/wp\/v2\/posts\/8325","targetHints":{"allow":["GET"]}}],"collection":[{"href":"https:\/\/archives.regards.fr\/index.php?rest_route=\/wp\/v2\/posts"}],"about":[{"href":"https:\/\/archives.regards.fr\/index.php?rest_route=\/wp\/v2\/types\/post"}],"author":[{"embeddable":true,"href":"https:\/\/archives.regards.fr\/index.php?rest_route=\/wp\/v2\/users\/1"}],"replies":[{"embeddable":true,"href":"https:\/\/archives.regards.fr\/index.php?rest_route=%2Fwp%2Fv2%2Fcomments&post=8325"}],"version-history":[{"count":0,"href":"https:\/\/archives.regards.fr\/index.php?rest_route=\/wp\/v2\/posts\/8325\/revisions"}],"wp:featuredmedia":[{"embeddable":true,"href":"https:\/\/archives.regards.fr\/index.php?rest_route=\/wp\/v2\/media\/21399"}],"wp:attachment":[{"href":"https:\/\/archives.regards.fr\/index.php?rest_route=%2Fwp%2Fv2%2Fmedia&parent=8325"}],"wp:term":[{"taxonomy":"category","embeddable":true,"href":"https:\/\/archives.regards.fr\/index.php?rest_route=%2Fwp%2Fv2%2Fcategories&post=8325"},{"taxonomy":"post_tag","embeddable":true,"href":"https:\/\/archives.regards.fr\/index.php?rest_route=%2Fwp%2Fv2%2Ftags&post=8325"}],"curies":[{"name":"wp","href":"https:\/\/api.w.org\/{rel}","templated":true}]}}