{"id":8310,"date":"2015-01-27T21:05:46","date_gmt":"2015-01-27T20:05:46","guid":{"rendered":"https:\/\/wp.muchomaas.com\/article-q-r-sur-le-qe-de-la-bce\/"},"modified":"2023-07-03T14:34:29","modified_gmt":"2023-07-03T12:34:29","slug":"article-q-r-sur-le-qe-de-la-bce","status":"publish","type":"post","link":"https:\/\/archives.regards.fr\/?p=8310","title":{"rendered":"BCE : pourquoi le &#8220;quantitative easing&#8221; ne marchera pas"},"content":{"rendered":"<p class=\"post_excerpt\">En quoi consiste le nouveau plan de politique mon\u00e9taire de la Banque centrale europ\u00e9enne ? Quels sont ses objectifs ? Peut-il r\u00e9ussir ? Que faudrait-il faire ? D\u00e9cryptage de l\u2019op\u00e9ration &#8220;Quantitative Easing&#8221; (QE) sous forme de questions \/ r\u00e9ponses. <\/p>\n<p>Apr\u00e8s des semaines de pr\u00e9paration de terrain m\u00e9diatique et de concertation de ses dirigeants statutairement ind\u00e9pendants avec les dirigeants politiques de l\u2019Allemagne, la Banque centrale europ\u00e9enne a annonc\u00e9, jeudi 22 janvier, son nouveau plan de politique mon\u00e9taire. Jusqu\u2019en septembre 2016, a expliqu\u00e9 son pr\u00e9sident Mario Draghi, la BCE va racheter chaque mois 50 milliards de dettes publiques d\u00e9j\u00e0 \u00e9mises par les pays de la zone euro et 10 milliards de dettes priv\u00e9es. Au total, la BCE devrait ainsi refinancer quelques 800 milliards de dettes. <\/p>\n<p><strong><em>De quoi s\u2019agit-il ?<br \/>\n<\/strong><\/em><\/p>\n<p>En bon jargon de banquier central, cela s\u2019appelle une op\u00e9ration de &#8220;quantitative easing&#8221; (QE) ou &#8220;assouplissement mon\u00e9taire&#8221;. Il s\u2019agit d\u2019une op\u00e9ration d\u2019\u00e9mission de liquidit\u00e9s ayant pour contrepartie une augmentation des actifs d\u00e9tenus par les banques centrales. Depuis 2008, c\u2019est la quatri\u00e8me op\u00e9ration de ce type conduite par le BCE, apr\u00e8s le rachat de dettes grecques et portugaises en 2010 et 2012, l\u2019op\u00e9ration de pr\u00eat \u00e0 long terme de 1.000 milliards aux banques de la zone euro en 2011\/2012 et l\u2019op\u00e9ration de refinancement cibl\u00e9 de dettes priv\u00e9es conduite au quatri\u00e8me trimestre 2014. <\/p>\n<p><strong><em>Quel est l\u2019objectif ?<br \/>\n<\/strong><\/em><\/p>\n<p>Le but est d\u2019\u00e9viter que la zone euro ne s\u2019installe dans une d\u00e9flation (baisse des prix autoentretenue), dont il est extr\u00eamement difficile de sortir, comme le montre le Japon depuis le milieu des ann\u00e9es 1990 et qui n\u2019en est pas encore vraiment sorti. Depuis sa cr\u00e9ation, la BCE est cens\u00e9e conduire sa politique mon\u00e9taire avec l\u2019objectif d\u2019une inflation de 2%. On est tomb\u00e9 en dessous de z\u00e9ro en d\u00e9cembre 2014. Bien entendu, cette situation est ins\u00e9parable d\u2019une absence durable de croissance. L\u2019objectif est donc \u00e0 la fois d\u2019enrayer la faiblesse de l\u2019inflation et de combattre le marasme \u00e9conomique. <\/p>\n<p><strong><em>Qu\u2019y a-t-il de nouveau par rapport aux op\u00e9rations pr\u00e9c\u00e9dentes ?<br \/>\n<\/strong><\/em><\/p>\n<p>La nouveaut\u00e9 r\u00e9side dans le fait que la BCE rach\u00e8te de la dette publique \u00e0 une assez grande \u00e9chelle. Les statuts du syst\u00e8me des banques centrales europ\u00e9ennes lui interdisent de financer directement une \u00e9mission de dette publique en fonction de l\u2019id\u00e9e que ce serait inflationniste et que cela encouragerait des comportements laxistes des \u00c9tats. En vertu de quoi, on a plac\u00e9 la politique budg\u00e9taire sous le contr\u00f4le des march\u00e9s financiers. De plus, sous la pression principale de l\u2019Allemagne, le m\u00eame principe s\u2019est appliqu\u00e9 y compris aux dettes d\u00e9j\u00e0 \u00e9mises et souscrites par des banques et des fonds d\u2019investissement. Contrairement aux banques centrales des \u00c9tats-Unis et du Royaume-Uni qui ont appliqu\u00e9 des programmes de rachats de dettes publiques depuis plusieurs ann\u00e9es. <\/p>\n<p>Pour la BCE, il s\u2019agit d\u2019un changement notable qui, dans son principe, va dans le bon sens et qui aurait d\u00fb \u00eatre r\u00e9alis\u00e9 depuis longtemps. Mais, si ce verrou a saut\u00e9, c\u2019est avant tout parce que les autres op\u00e9rations de politique mon\u00e9taire mis en \u0153uvre n\u2019ont pas march\u00e9. Le taux directeur de la BCE est d\u00e9j\u00e0 pratiquement \u00e0 z\u00e9ro. Et l\u2019op\u00e9ration de rachats cibl\u00e9s d\u2019actifs priv\u00e9s lanc\u00e9e en septembre ne fonctionne pas. D\u2019une part la BCE rach\u00e8te des pr\u00eats aux PME, \u00e0 condition qu\u2019ils soient titris\u00e9s, ce qui n\u2019est pas si fr\u00e9quent, et d\u2019autre part, les banques ne courent pas apr\u00e8s les liquidit\u00e9s pour faire des cr\u00e9dits.<\/p>\n<p><strong><em>Comment \u00e7a marche ?<br \/>\n<\/strong><\/em><\/p>\n<p>Le Quantitative Easing est suppos\u00e9 constituer un message suffisamment fort adress\u00e9 aux acteurs \u00e9conomiques pour qu\u2019ils modifient leurs comportements. La baisse de l\u2019inflation en dessous de z\u00e9ro pousse \u00e0 la rente, \u00e0 la non consommation et au non investissement. La BCE veut envoyer le message qu\u2019elle agira avec constance et vaillance pour ramener l\u2019inflation \u00e0 2%. Elle esp\u00e8re \u00eatre crue, c\u2019est-\u00e0-dire que les m\u00e9nages, les entreprises et les financiers vont relever leurs anticipations d\u2019inflation&#8230; et qu\u2019en cons\u00e9quence, ils se comporteront comme si l\u2019inflation \u00e9tait de 2%&#8230; et qu\u2019en cons\u00e9quence, l\u2019inflation repartira effectivement vers les 2%.<\/p>\n<p>Plus prosa\u00efquement il est \u00e9galement esp\u00e9r\u00e9 que les rachats massifs d\u2019actifs en fassent monter les prix et baisser les taux d\u2019int\u00e9r\u00eat. D\u2019un c\u00f4t\u00e9, les m\u00e9nages devraient se sentir plus riches et devraient consommer et investir plus (effet dit effet de richesse). De l\u2019autre, les banques et les financiers qui auront revendu des titres \u00e0 la BCE sont suppos\u00e9s utiliser leurs liquidit\u00e9s suppl\u00e9mentaires \u00e0 de nouveaux financements propos\u00e9s \u00e0 moindre prix sur des p\u00e9riodes plus longues qu\u2019aujourd\u2019hui. Ce qui est cens\u00e9 aider \u00e0 la reprise des investissements \u00e9conomiques, y compris dans les pays en difficult\u00e9 de la zone euro. <\/p>\n<p><em>\u00ab Ce que nous avons fait jusqu\u2019\u00e0 pr\u00e9sent a stabilis\u00e9 les conditions de financement \u00e0 un horizon d\u2019un ou deux ans. L\u00e0, il s\u2019agit de jouer sur les conditions de financement \u00e0 long terme, notamment \u2013 mais pas seulement \u2013 dans les pays dits p\u00e9riph\u00e9riques qui en ont le plus besoin \u00bb<\/em>, expliquait Beno\u00eet C\u0153ur\u00e9, membre du directoire de l\u2019institution europ\u00e9enne <a href=\"http:\/\/www.liberation.fr\/economie\/2015\/01\/15\/bce-il-faut-montrer-qu-on-peut-creer-de-la-croissance_1181590\">au journal <em>Lib\u00e9ration<\/em><\/a>, \u00e0 la veille de la d\u00e9cision de la BCE. <\/p>\n<p>Enfin, l\u2019\u00e9mission de liquidit\u00e9s et la baisse des taux d\u2019int\u00e9r\u00eat sur les obligations de la zone euro devraient entrainer une baisse du taux de change de l\u2019euro, notamment vis-\u00e0-vis du dollar et du franc suisse. Ceci devrait favoriser les exportations de la zone euro en m\u00eame temps que l\u2019inflation par la hausse des prix des produits import\u00e9s.<\/p>\n<p><strong><em>Pourquoi \u00e7a ne marchera pas ?<br \/>\n<\/strong><\/em><\/p>\n<p>Comme toujours, le diagnostic de l\u2019efficacit\u00e9 d\u2019une politique \u00e9conomique d\u00e9pend de celui des probl\u00e8mes. Ainsi <a href=\"http:\/\/cib.natixis.com\/flushdoc.aspx?id=81294\">selon l\u2019\u00e9conomiste Patrick Artus<\/a>, d\u00e9cid\u00e9ment  <a href=\"https:\/\/wp.muchomaas.com\/economie\/les-economistes-ne-sont-pas-tous\/article\/a-j-4-des-elections\">tr\u00e8s en forme<\/a>, la BCE a eu tort de lancer son plan parce que <em>\u00ab la situation \u00e9conomique de la zone euro s\u2019am\u00e9liore \u00bb<\/em>, que la croissance se redresse, que <em>\u00ab l\u2019inflation sous-jacente \u00bb<\/em> est sensiblement plus \u00e9lev\u00e9e que l\u2019inflation n\u00e9gative constat\u00e9e, et parce qu\u2019elle b\u00e9n\u00e9ficie en plus d\u2019un <em>\u00ab tr\u00e8s important stimulus de demande \u00bb<\/em> du fait de la baisse du prix du p\u00e9trole, de taux d\u2019int\u00e9r\u00eat tr\u00e8s bas et d\u2019une politique budg\u00e9taire <em>\u00ab qui n\u2019est plus restrictive \u00bb<\/em>. Dans ces conditions, le plan Draghi aurait, selon lui, pour effet principal de favoriser des rel\u00e2chements budg\u00e9taires inefficaces et dangereux au lieu de <em>\u00ab s\u2019attaquer aux probl\u00e8mes structurels \u00bb<\/em> suppos\u00e9s plomber son potentiel de croissance.<\/p>\n<p>\u00c9videmment, si la BCE a agi comme elle l\u2019a fait, c\u2019est parce qu\u2019elle consid\u00e8re que la situation de la zone euro est ce qu\u2019elle est, c\u2019est-\u00e0-dire beaucoup plus grave que ne le pr\u00e9tend Patrick Artus. Ce n\u2019est pas seulement l\u2019inflation constat\u00e9e, mais les anticipations d\u2019inflation qui sont au plus bas. La croissance ne repart pratiquement pas et le ch\u00f4mage de masse mine l\u2019\u00e9conomie et les soci\u00e9t\u00e9s.<\/p>\n<p>C\u2019est du reste pour cela que l\u2019op\u00e9ration de la BCE ne devrait pas marcher. Les liquidit\u00e9s d\u00e9vers\u00e9es sur le march\u00e9 n\u2019alimenteront l&#8217;\u00e9conomie r\u00e9elle que s&#8217;il existe une volont\u00e9 de d\u00e9velopper l\u2019emploi et les investissements productifs. Or, <em>\u00ab La baisse de l&#8217;euro ne r\u00e9sout pas l&#8217;atonie de la demande mondiale, ni celui de la demande int\u00e9rieure europ\u00e9enne \u00bb<\/em> (Romaric Godin, <em>La Tribune<\/em> 22 janvier 2015). Dans ces conditions, <a href=\"http:\/\/alternatives-economiques.fr\/blogs\/harribey\/2015\/01\/26\/de-frankfort-a-athenes-qui-change-vraiment\/\">explique l\u2019\u00e9conomiste atterr\u00e9 Jean-Marie Harribey<\/a>,<em> \u00ab les institutions financi\u00e8res ne vendront pas leurs titres \u00e0 la BCE parce qu\u2019elles n\u2019auront pas besoin de cash, ou bien elles utiliseront celui-ci pour refinancer des op\u00e9rations de placements purement financiers, nourrissant ainsi de nouvelles bulles boursi\u00e8res ou immobili\u00e8res. Le maintien de taux d\u2019int\u00e9r\u00eat bas gr\u00e2ce ou \u00e0 cause de cette injection de liquidit\u00e9s fera monter le cours des actions, incitant un peu plus les banques et autres fonds \u00e0 sp\u00e9culer. D\u00e8s la d\u00e9claration de Mario Draghi, les bourses se sont mises \u00e0 grimper, acc\u00e9l\u00e9rant le mouvement enregistr\u00e9 depuis le d\u00e9but de l\u2019ann\u00e9e (le CAC 40 a augment\u00e9 de 8,6 % en trois semaines). La cr\u00e9ation de monnaie est vitale pour la dynamique productive, mais elle est mortelle pour la stabilit\u00e9 financi\u00e8re \u00bb<\/em>.<\/p>\n<p>En fait Mario Draghi lui-m\u00eame l\u2019avait reconnu en aout 2014 <a href=\" https:\/\/wp.muchomaas.com\/web\/l-autre-front-de-la-rentree-la,7946\">lors de la r\u00e9union annuelle des banquiers centraux<\/a> \u00e0 Jackson Hole en situation de quasi d\u00e9flation, la politique mon\u00e9taire ne peut pas faire le travail \u00e0 elle seule. Des politiques budg\u00e9taires de relance sont indispensables. Or la l\u00e9g\u00e8re adaptation de l\u2019application du pacte budg\u00e9taire n\u2019emp\u00eache pas que les politiques budg\u00e9taires restent restrictives et le plan Juncker ne fait certainement pas la maille.<\/p>\n<p><strong><em>La coh\u00e9sion entre les pays de la zone euro va-t-elle progresser ?<br \/>\n<\/strong><\/em><\/p>\n<p>En principe, l\u2019un des objectifs du plan est de r\u00e9duire les diff\u00e9rences de taux d\u2019int\u00e9r\u00eat entre les diff\u00e9rents pays de la zone \u00e0 commencer par les taux d\u2019int\u00e9r\u00eat sur les dettes publiques. Ainsi les pays les plus en difficult\u00e9 seraient ceux qui b\u00e9n\u00e9ficieraient le plus de l\u2019op\u00e9ration de la BCE. Un moyen aurait \u00e9t\u00e9 que les rachats de dette par la BCE se fassent au prorata de la quantit\u00e9 de dettes publiques ou en fonction du poids des dettes par rapport au revenu national. Un autre moyen serait de mutualiser les dettes rachet\u00e9es par la BCE. C\u2019est-\u00e0-dire qu\u2019elles soient des actifs d\u00e9tenus effectivement par la BCE. L\u2019Allemagne s\u2019y est oppos\u00e9e avec succ\u00e8s. Le motif est double : d\u2019une part, ne pas l\u00e2cher la bride aux politiques d\u2019aust\u00e9rit\u00e9 budg\u00e9taires dans les pays qui ne respecte pas le pacte budg\u00e9taire ; d\u2019autre part, ne pas engager le contribuable europ\u00e9en (et donc le contribuable allemand) \u00e0 devoir renflouer la BCE en cas de d\u00e9faut sur les dettes rachet\u00e9es. <\/p>\n<p>Ce dernier argument ne vaut pas. Une banque centrale n\u2019est pas une banque comme les autres. Elle est une institution publique qui a le pouvoir d\u2019\u00e9mettre de la monnaie. Au contraire des autres banques, elle n\u2019a donc pas besoin de se recapitaliser en cas de d\u00e9faillance de ses d\u00e9biteurs. Le seul risque est celui d\u2019une \u00e9mission inflationniste de monnaie, mais il n\u2019est pas vraiment d\u2019actualit\u00e9. Pour une analyse d\u00e9taill\u00e9e de cette question voir par exemple l\u2019article de Paul de Grauwe et Andr\u00e9 Grjebine <a href=\"http:\/\/www.lemonde.fr\/crise-de-l-euro\/article\/2015\/01\/22\/n-ayons-pas-peur-des-rachats-de-titres-publics-par-la-bce_4561188_1656955.html\">&#8220;N\u2019ayons pas peur des rachats de titres publics par la BCE&#8221;<\/a>. <\/p>\n<p>Il reste que la BCE a une fois de plus c\u00e9d\u00e9 : les rachats de dette se feront au prorata de la part du capital de la BCE d\u00e9tenue par chaque Etat. L\u2019Allemagne sera la premi\u00e8re &#8220;b\u00e9n\u00e9ficiaire&#8221; des rachats, puis la France, puis l\u2019Italie etc&#8230; Au lieu de resserrer les taux d\u2019int\u00e9r\u00eat sur les dettes des Etats cela pourrait les accentuer au profit d\u2019abord de l\u2019Allemagne puis de la France. Mais de l\u00e0 \u00e0 penser que cela permettra la reprise des investissements dans ces pays et surtout dans les autres, il y a un pas que peu d\u2019\u00e9conomistes franchissent. <\/p>\n<p>De plus, la Gr\u00e8ce est pour l\u2019instant exclue du programme de rachat. Cela n\u2019\u00e9tonnera pas, venant de l\u2019un des acteurs de la Tro\u00efka. Mais cela devrait, au contraire, inciter \u00e0 demander des comptes \u00e0 ces &#8220;gestionnaires&#8221; des contreparties des pr\u00eats assez r\u00e9mun\u00e9rateurs accord\u00e9s \u00e0 la Gr\u00e8ce. Ils l\u2019ont si bien agi, que la dette de la Gr\u00e8ce est devenue insoutenable. Il est vrai que ces pr\u00eats avaient pour vocation premi\u00e8re de permettre le d\u00e9sengagement, sans trop de d\u00e9g\u00e2ts, des banques priv\u00e9es allemandes et fran\u00e7aises. <\/p>\n<p>Enfin les dettes rachet\u00e9es ne seront mutualis\u00e9e par la BCE que pour 8% d\u2019entre elles. Pour le reste, ce seront les banques centrales nationales qui feront les rachats et qui resteront d\u00e9tentrices des titres. Or, a contrario d\u2019une banque centrale de plein exercice, aucune d\u2019entre elles n\u2019a de pouvoir d\u2019\u00e9mission de monnaie. L\u2019euro continue de fonctionner comme une devise \u00e9trang\u00e8re pour chacun des pays membres.<em> \u00ab Ce refus du partage des risques et de la mutualisation des rachats est plus qu&#8217;une occasion manqu\u00e9e, c&#8217;est une nouvelle prise de risque pour les pays p\u00e9riph\u00e9riques \u00bb,<\/em> <a href=\"http:\/\/www.latribune.fr\/actualites\/economie\/union-europeenne\/20150122trib10d21e099\/bce-un-assouplissement-quantitatif-faute-de-mieux.html\">commente Romaric Godin<\/a> (<em>La Tribune<\/em>, 22 janvier 2015). <\/p>\n<p><strong><em>Que faudrait-il faire ?<br \/>\n<\/strong><\/em><\/p>\n<p>D\u2019abord, ne pas se contenter de faire \u00e9voluer la politique mon\u00e9taire. La zone euro ne sortira pas de la quasi d\u00e9flation et du marasme \u00e9conomique par ce seul levier. Bien entendu, la victoire de Syriza en Gr\u00e8ce en renforce l\u2019opportunit\u00e9 contre laquelle, la Commission europ\u00e9enne, l\u2019Allemagne et la BCE restent, jusqu\u2019ici, arc bout\u00e9s. Le changement de la politique \u00e9conomique europ\u00e9enne doit \u00eatre beaucoup plus global insistent des \u00e9conomistes d\u2019inspirations tr\u00e8s diff\u00e9rentes comme l\u2019Am\u00e9ricain <a href=\"http:\/\/dealbook.nytimes.com\/2015\/01\/22\/the-powers-and-limits-of-e-c-b-stimulus-as-viewed-from-davos\/?_r=0\">Larry Summers<\/a>, les Fran\u00e7ais <a href=\"http:\/\/www.franceinter.fr\/video-piketty-tant-quon-aura-une-monnaie-unique-avec-18-dettes-publiques-il-y-aura-dautres\">Thomas Piketty<\/a>, ou Jean-Marie Harribey. Ainsi, pour ce dernier, la victoire \u00e9lectorale de Syriza devrait aider \u00e0 ce que les <em>\u00ab vraies questions qui f\u00e2chent \u00bb <\/em> ne soient plus \u00e9lud\u00e9es :<em> \u00ab Quand imposera-t-on \u00e0 la BCE l\u2019obligation d\u2019\u00eatre un pr\u00eateur en dernier ressort pour les \u00c9tats et que sera officiellement lev\u00e9e l\u2019interdiction d\u2019accepter directement des titres publics ? Jusqu\u2019\u00e0 quand les investissements d\u2019avenir d\u00e9pendront-ils quasi exclusivement de fonds priv\u00e9s visant la rentabilit\u00e9 \u00e0 court terme, ainsi que le pr\u00e9voit le plan Juncker ? Quand la question de l\u2019emploi sera-t-elle vue autrement que comme une affaire de co\u00fbt du travail qui se r\u00e9soudrait par la baisse des salaires et de la protection sociale ? Quand mettra-t-on fin aux paradis fiscaux \u00e0 l\u2019int\u00e9rieur m\u00eame de l\u2019UE (et de la zone euro !) ? Quand limitera-t-on l\u2019\u00e9vasion fiscale en d\u00e9cidant un imp\u00f4t consolid\u00e9 sur les b\u00e9n\u00e9fices de soci\u00e9t\u00e9s ? Quand instaurera-t-on une v\u00e9ritable taxe sur les transactions financi\u00e8res pour limiter la circulation effr\u00e9n\u00e9e des capitaux ? \u00bb<\/em><\/p>\n<p>Ensuite, la politique mon\u00e9taire elle-m\u00eame et l\u2019action de la BCE devraient \u00eatre conduites diff\u00e9remment. Bien s\u00fbr, <a href=\"http:\/\/www.lemonde.fr\/crise-de-l-euro\/article\/2015\/01\/23\/a-quoi-doit-servir-l-argent-de-la-bce_4562354_1656955.html\">expliquent les \u00e9conomistes Fr\u00e9d\u00e9ric Boccara du PCF et Alain Granjean de la fondation Nicolas Hulot<\/a>, <em>\u00ab il faut stimuler massivement la demande en injectant des liquidit\u00e9s, mais pas seulement, et pas comme \u00e7a ! \u00bb<\/em><\/p>\n<p>Il s\u2019agit d\u2019abord d\u2019emp\u00eacher que cette monnaie aille \u00e0 la sp\u00e9culation, aux d\u00e9localisations et contre l\u2019emploi, et <em>\u00ab de veiller \u00e0 ce qu\u2019elle serve aux investissements n\u00e9cessaires \u00e0 la transition \u00e9nerg\u00e9tique et \u00e9cologique et \u00e0 un grand essor des services publics entr\u00e9s en d\u00e9sh\u00e9rence (\u00e9ducation, recherche, sant\u00e9, logement social, \u00e9cologie&#8230;) \u00bb<\/em>. Pour cela, disent ces \u00e9conomistes,<em> \u00ab il est grand temps de commencer \u00e0 &#8220;changer de logiciel&#8221;. Bref d\u2019engager une politique mon\u00e9taire s\u00e9lective \u00bb<\/em>. Les refinancements \u00e0 tr\u00e8s bas taux de la BCE devraient \u00eatre <em>\u00ab seulement pour les pr\u00eats qui financent des investissements porteurs de plus et mieux d\u2019emploi et de formation, d\u2019\u00e9conomies de mati\u00e8res, d\u2019\u00e9nergie et de rejets polluants, dont bien s\u00fbr les gaz \u00e0 effet de serre. Quant aux autres pr\u00eats, la BCE devrait annoncer qu\u2019elle les refinancera plus cher, et \u00e0 terme pas du tout \u00bb.<\/em> <div id='gallery-1' class='gallery galleryid-8310 gallery-columns-3 gallery-size-thumbnail'><figure class='gallery-item'>\n\t\t\t<div class='gallery-icon landscape'>\n\t\t\t\t<a href='https:\/\/archives.regards.fr\/wp-content\/uploads\/2015\/01\/bm-bce-qe-177.jpg'><img loading=\"lazy\" decoding=\"async\" width=\"150\" height=\"150\" src=\"https:\/\/archives.regards.fr\/wp-content\/uploads\/2015\/01\/bm-bce-qe-177-150x150.jpg\" class=\"attachment-thumbnail size-thumbnail\" alt=\"bm-bce-qe.jpg\" \/><\/a>\n\t\t\t<\/div><\/figure>\n\t\t<\/div>\n<\/p>\n","protected":false},"excerpt":{"rendered":"<p>En quoi consiste le nouveau plan de politique mon\u00e9taire de la Banque centrale europ\u00e9enne ? Quels sont ses objectifs ? Peut-il r\u00e9ussir ? Que faudrait-il faire ? D\u00e9cryptage de l\u2019op\u00e9ration &#8220;Quantitative Easing&#8221; (QE) sous forme de questions \/ r\u00e9ponses. <\/p>\n","protected":false},"author":1240,"featured_media":21377,"comment_status":"open","ping_status":"open","sticky":false,"template":"","format":"standard","meta":{"_themeisle_gutenberg_block_has_review":false,"footnotes":""},"categories":[186],"tags":[352],"class_list":["post-8310","post","type-post","status-publish","format-standard","has-post-thumbnail","hentry","category-les-choses-lues-par-monsieur-marx","tag-europe"],"_links":{"self":[{"href":"https:\/\/archives.regards.fr\/index.php?rest_route=\/wp\/v2\/posts\/8310","targetHints":{"allow":["GET"]}}],"collection":[{"href":"https:\/\/archives.regards.fr\/index.php?rest_route=\/wp\/v2\/posts"}],"about":[{"href":"https:\/\/archives.regards.fr\/index.php?rest_route=\/wp\/v2\/types\/post"}],"author":[{"embeddable":true,"href":"https:\/\/archives.regards.fr\/index.php?rest_route=\/wp\/v2\/users\/1240"}],"replies":[{"embeddable":true,"href":"https:\/\/archives.regards.fr\/index.php?rest_route=%2Fwp%2Fv2%2Fcomments&post=8310"}],"version-history":[{"count":0,"href":"https:\/\/archives.regards.fr\/index.php?rest_route=\/wp\/v2\/posts\/8310\/revisions"}],"wp:featuredmedia":[{"embeddable":true,"href":"https:\/\/archives.regards.fr\/index.php?rest_route=\/wp\/v2\/media\/21377"}],"wp:attachment":[{"href":"https:\/\/archives.regards.fr\/index.php?rest_route=%2Fwp%2Fv2%2Fmedia&parent=8310"}],"wp:term":[{"taxonomy":"category","embeddable":true,"href":"https:\/\/archives.regards.fr\/index.php?rest_route=%2Fwp%2Fv2%2Fcategories&post=8310"},{"taxonomy":"post_tag","embeddable":true,"href":"https:\/\/archives.regards.fr\/index.php?rest_route=%2Fwp%2Fv2%2Ftags&post=8310"}],"curies":[{"name":"wp","href":"https:\/\/api.w.org\/{rel}","templated":true}]}}