{"id":8309,"date":"2015-01-27T14:45:53","date_gmt":"2015-01-27T13:45:53","guid":{"rendered":"https:\/\/wp.muchomaas.com\/article-la-loi-macron-seduit-la-droite\/"},"modified":"2015-01-27T14:45:53","modified_gmt":"2015-01-27T13:45:53","slug":"article-la-loi-macron-seduit-la-droite","status":"publish","type":"post","link":"https:\/\/archives.regards.fr\/?p=8309","title":{"rendered":"La loi Macron s\u00e9duit la droite autant qu&#8217;elle l&#8217;embarrasse"},"content":{"rendered":"<p class=\"post_excerpt\">La loi du ministre de l&#8217;\u00c9conomie a tout pour obtenir le soutien des partis de droite dont elle reprend bien des propositions majeures. En leur sein, certains parlementaires franchissent le pas, d&#8217;autres se contentent d&#8217;une opposition de fa\u00e7ade.<\/p>\n<p>Dur d\u2019\u00eatre d\u00e9put\u00e9 UMP sous Fran\u00e7ois Hollande. Jouer le r\u00f4le de l\u2019opposition n\u2019est pas chose ais\u00e9e lorsque le gouvernement &#8220;socialiste&#8221; ne cesse de proposer des r\u00e9formes plus lib\u00e9rales les unes que les autres\u2026 Alors que le projet de loi Macron a commenc\u00e9 \u00e0 \u00eatre d\u00e9battu \u00e0 l\u2019Assembl\u00e9e lundi, les parlementaires de droite ont du mal \u00e0 trouver des excuses pour voter contre. <\/p>\n<p><strong><em>Fin de la com\u00e9die<br \/>\n<\/strong><\/em><\/p>\n<p>Certains se raccrochent \u00e0 des critiques sur la forme. <em>\u00ab Ce n&#8217;est pas une loi, c&#8217;est un monstre. On m\u00e9lange dans le m\u00eame texte les notaires, les huissiers, les experts-comptables, les bus, les d\u00e9chets nucl\u00e9aires \u00bb,<\/em> a fustig\u00e9 Henri Guaino sur Europe 1. <em>\u00ab On ne peut pas discuter d&#8217;une loi qui touche autant de sujets, qui pourraient faire l&#8217;objet d&#8217;une dizaine de lois qu&#8217;on pourrait tranquillement discuter l&#8217;une apr\u00e8s l&#8217;autre. \u00bb<\/em> D\u2019autres se d\u00e9couvrent une \u00e9tonnante fibre sociale, \u00e0 l\u2019instar du d\u00e9put\u00e9 des Yvelines Jean-Fr\u00e9d\u00e9ric Poisson, qui d\u00e9nonce, dans un entretien au <em>Figaro, \u00ab l\u2019extension du travail dominical au m\u00e9pris de la vie des salari\u00e9s \u00bb<\/em>. <\/p>\n<p>Mais pour une partie des troupes UMP, la com\u00e9die a assez dur\u00e9 : bravant la consigne du chef de l\u2019UMP Nicolas Sarkozy, plus d\u2019une dizaine d\u2019\u00e9lus de droite ont d\u2019ores et d\u00e9j\u00e0 annonc\u00e9 qu\u2019ils voteraient en faveur du projet de loi sur &#8220;la croissance et l\u2019activit\u00e9&#8221; du ministre de l\u2019\u00c9conomie.<\/p>\n<p><strong><em>\u00ab Un bout de chemin les uns vers les autres \u00bb<br \/>\n<\/strong><\/em><\/p>\n<p>Il en fallait un pour franchir le pas en premier, c\u2019est Herv\u00e9 Mariton qui s\u2019est d\u00e9vou\u00e9. L\u2019\u00e9lu de la Dr\u00f4me a fait son coming out le 15 d\u00e9cembre dernier. Sachons lui gr\u00e9 de son honn\u00eatet\u00e9 intellectuelle : <em>\u00ab Cette loi, l\u2019UMP aurait d\u00fb la faire \u00bb<\/em>, d\u00e9clare-t-il au <em>Monde<\/em>. Selon lui, <em>\u00ab ce texte d\u00e9bloque plusieurs situations archa\u00efques \u00bb. \u00ab Le lib\u00e9ral que je suis appr\u00e9cie le renforcement du r\u00f4le de l\u2019autorit\u00e9 de la concurrence ; un nouveau mouvement de cession des participations de l\u2019\u00c9tat, avec l\u2019ouverture du capital des a\u00e9roports de province ; la lib\u00e9ralisation du transport par autocars\u2026 \u00bb<\/em><\/p>\n<p>Herv\u00e9 Mariton a depuis \u00e9t\u00e9 rejoint par bon nombre de parlementaires, sans doute soulag\u00e9s de ne plus avoir \u00e0 faire semblant. Fr\u00e9d\u00e9ric Lefebvre confirme ainsi que <em>\u00ab sur nombre de points, ce sont nos propres propositions \u00bb<\/em>. Gilles Carrez, Olivier Carr\u00e9, Thierry Mariani, Benoist Apparu et Luc Chatel ont \u00e9galement fait savoir qu\u2019ils pourraient se laisser tenter. Au s\u00e9nat, G\u00e9rard Longuet votera pour tandis que Roger Karoutchi h\u00e9site encore. Comme le r\u00e9sume Herv\u00e9 Novelli dans <em>L\u2019Opinion<\/em>, il sera difficile de <em>\u00ab ne pas participer \u00e0 lever des blocages que nous avons nous-m\u00eames d\u00e9nonc\u00e9s \u00bb<\/em> (lire aussi <a href=\"https:\/\/wp.muchomaas.com\/web\/article\/la-loi-macron-ou-comment-revenir\">&#8220;La loi Macron, ou comment revenir au contrat de travail du XIXe si\u00e8cle&#8221;<\/a>).<\/p>\n<p><strong><em>\u00ab Voter avec la partie \u00e9clair\u00e9e de la gauche \u00bb<br \/>\n<\/strong><\/em><\/p>\n<p>Bien s\u00fbr, pour maintenir les apparences d\u2019un minimum d\u2019opposition gauche \/ droite, ce d\u00e9put\u00e9s s\u2019empressent d\u2019ajouter un couplet sur <em>\u00ab l\u2019insuffisance \u00bb<\/em> des r\u00e9formes. Ils ont d\u2019ailleurs d\u00e9pos\u00e9 des centaines d\u2019amendements pour <em>\u00ab muscler \u00bb<\/em> le texte. Mais en fin de compte, comment voter contre un texte publiquement soutenu par le directeur g\u00e9n\u00e9ral d\u00e9l\u00e9gu\u00e9 de BNP Paribas Fran\u00e7ois Villeroy de Galhau et par l&#8217;initiateur du mouvement des &#8220;Pigeons&#8221; et associ\u00e9 du fonds de capital-risque Isai, Jean-David Chamboredon ? Ces derniers ont en effet sign\u00e9 dans le <em>Journal du Dimanche<\/em> un appel intitul\u00e9 <a href=\"http:\/\/www.lejdd.fr\/Economie\/Tribune-Pourquoi-il-faut-voter-la-loi-Macron-714404\">&#8220;Pourquoi il faut voter la loi Macron&#8221;<\/a>. M\u00eame l\u2019\u00e9ditorial de l\u2019ultralib\u00e9ral Nicolas Beytout dans <em>L&#8217;Opinion<\/em> appelle l\u2019UMP \u00e0<em> \u00ab \u00e0 assumer de voter avec la partie \u00e9clair\u00e9e de la gauche \u00bb.<\/em><\/p>\n<p>Serait-ce la magie de &#8220;l\u2019unit\u00e9 nationale&#8221; qui op\u00e8re? Pour Fran\u00e7ois Fillon, interrog\u00e9 mardi sur France Info, la loi Macron est en tout cas l&#8217;occasion pour le gouvernement <em>\u00ab d\u2019aller vers l\u2019opposition \u00bb<\/em> et <em>\u00ab pour l\u2019opposition d\u2019aller vers le gouvernement \u00bb<\/em>. L\u2019occasion, aussi, <em>\u00ab de faire preuve, dans une situation d\u2019urgence, d\u2019un peu d\u2019intelligence pour faire ce que j\u2019appelle un agenda national, c\u2019est-\u00e0-dire un programme \u00e9conomique qui d\u00e9passe les partis politiques \u00bb<\/em>. On aurait tort de le croire. Il n\u2019y a pas d\u2019union entre la gauche et la droite autour de la Loi Macron. Il y a juste l\u2019unit\u00e9 de toutes les forces de la droite, qu\u2019elles soient issues de l\u2019UMP, de l\u2019UDI ou du PS. Les \u00e9cologistes, le Front de gauche et les frondeurs de l\u2019aile gauche du PS ne s\u2019y trompent pas, et sont bien d\u00e9cid\u00e9s \u00e0 s\u2019abstenir ou \u00e0 voter contre le texte. Et qu\u2019on ne vienne pas invoquer &#8220;l\u2019esprit du 11 janvier&#8221;. Comme dit le frondeur Pouria Amirshahi, <em>\u00ab on ne peut pas r\u00e9clamer la libert\u00e9 d\u2019expression et refuser le d\u00e9bat ici \u00bb. <\/em> <\/p>\n","protected":false},"excerpt":{"rendered":"<p>La loi du ministre de l&#8217;\u00c9conomie a tout pour obtenir le soutien des partis de droite dont elle reprend bien des propositions majeures. En leur sein, certains parlementaires franchissent le pas, d&#8217;autres se contentent d&#8217;une opposition de fa\u00e7ade.<\/p>\n","protected":false},"author":1098,"featured_media":0,"comment_status":"open","ping_status":"open","sticky":false,"template":"","format":"standard","meta":{"_themeisle_gutenberg_block_has_review":false,"footnotes":""},"categories":[157],"tags":[487],"class_list":["post-8309","post","type-post","status-publish","format-standard","hentry","category-web","tag-emmanuel-macron"],"_links":{"self":[{"href":"https:\/\/archives.regards.fr\/index.php?rest_route=\/wp\/v2\/posts\/8309","targetHints":{"allow":["GET"]}}],"collection":[{"href":"https:\/\/archives.regards.fr\/index.php?rest_route=\/wp\/v2\/posts"}],"about":[{"href":"https:\/\/archives.regards.fr\/index.php?rest_route=\/wp\/v2\/types\/post"}],"author":[{"embeddable":true,"href":"https:\/\/archives.regards.fr\/index.php?rest_route=\/wp\/v2\/users\/1098"}],"replies":[{"embeddable":true,"href":"https:\/\/archives.regards.fr\/index.php?rest_route=%2Fwp%2Fv2%2Fcomments&post=8309"}],"version-history":[{"count":0,"href":"https:\/\/archives.regards.fr\/index.php?rest_route=\/wp\/v2\/posts\/8309\/revisions"}],"wp:attachment":[{"href":"https:\/\/archives.regards.fr\/index.php?rest_route=%2Fwp%2Fv2%2Fmedia&parent=8309"}],"wp:term":[{"taxonomy":"category","embeddable":true,"href":"https:\/\/archives.regards.fr\/index.php?rest_route=%2Fwp%2Fv2%2Fcategories&post=8309"},{"taxonomy":"post_tag","embeddable":true,"href":"https:\/\/archives.regards.fr\/index.php?rest_route=%2Fwp%2Fv2%2Ftags&post=8309"}],"curies":[{"name":"wp","href":"https:\/\/api.w.org\/{rel}","templated":true}]}}