{"id":8303,"date":"2015-01-26T18:00:01","date_gmt":"2015-01-26T17:00:01","guid":{"rendered":"https:\/\/wp.muchomaas.com\/article-reactions-a-la-victoire-de-syriza\/"},"modified":"2023-06-23T23:18:46","modified_gmt":"2023-06-23T21:18:46","slug":"article-reactions-a-la-victoire-de-syriza","status":"publish","type":"post","link":"https:\/\/archives.regards.fr\/?p=8303","title":{"rendered":"R\u00e9actions \u00e0 la victoire de Syriza : les plus belles tartufferies"},"content":{"rendered":"<p class=\"post_excerpt\">L&#8217;onde de choc des \u00e9lections grecques a eu des effets terribles : on a d\u00e9couvert un PS de gauche, une UMP d&#8217;extr\u00eame gauche et \u2013 mais c&#8217;est moins surprenant \u2013 des \u00e9ditorialistes d\u00e9pit\u00e9s qui ont mal v\u00e9cu leur d\u00e9faite. Compilation.<\/p>\n<p>La gauche radicale au pouvoir dans le pays le plus dramatiquement ravag\u00e9 par l&#8217;aust\u00e9rit\u00e9 : l&#8217;\u00e9v\u00e9nement a de quoi renverser bien des perspectives, et susciter quelques prises de paroles acrobatiques.<\/p>\n<p><em> <strong><em>Les socialistes, au secours de la victoire<br \/>\n<\/strong><\/em> <\/em><\/p>\n<p>Sans surprise, c&#8217;est au sein du PS que se sont exprim\u00e9s les plus grands virtuoses du retournement de veste et du contorsionnisme s\u00e9mantique. Leur chef de file a \u00e9t\u00e9 digne de l&#8217;exercice, aussi grosse fut la ficelle. <strong>Jean-Christophe Cambad\u00e9lis<\/strong> :<em> \u00ab La victoire d\u2019un parti de gauche est toujours une bonne nouvelle pour le Parti socialiste. \u00bb<\/em><\/p>\n<p><strong>Philip Cordery<\/strong>, secr\u00e9taire national \u00e0 l\u2019Europe (un expert, donc) a fait le pari que le ridicule ne tuait pas : <em>\u00ab La ligne anti-aust\u00e9rit\u00e9 est aujourd\u2019hui renforc\u00e9e en Europe. Depuis 2012, Fran\u00e7ois Hollande et les leaders sociaux-d\u00e9mocrates sont \u00e0 l\u2019\u0153uvre pour r\u00e9orienter l\u2019Union europ\u00e9enne. Ils trouveront en Alexis Tsipras un nouvel alli\u00e9. \u00bb<\/em><\/p>\n<p><strong>Bruno Le Roux<\/strong>, chef de file des d\u00e9put\u00e9s PS, donne dans la redondance, peut-\u00eatre pour essayer de se convaincre lui-m\u00eame : <em>\u00ab Nous partageons beaucoup de choses en commun <\/em> [avec Syriza]<em>. \u00bb<\/em> Lui aussi \u00e9voque la volont\u00e9 partag\u00e9e<em> \u00ab de r\u00e9orienter la construction europ\u00e9enne, de sortir des politiques d&#8217;aust\u00e9rit\u00e9 \u00bb<\/em>.<\/p>\n<p>Lui aussi adepte de la m\u00e9thode Cou\u00e9 pour oublier la m\u00e9thode couac de Fran\u00e7ois Hollande, <strong>Julien Dray<\/strong> fustige les <em>\u00ab politiques d&#8217;aust\u00e9rit\u00e9 qui ne donnent pas de r\u00e9sultats \u00bb.<\/em> Peut-\u00eatre croit-il remettre sa montre \u00e0 l&#8217;heure en ajoutant\u00a0: <em>\u00ab une partie de la gauche de la gauche risque d&#8217;avoir des d\u00e9sillusions parce que le programme de Tsipras est plus un programme de social-d\u00e9mocratie que proche de Jean-Luc M\u00e9lenchon. \u00bb<\/em><\/p>\n<p><strong>St\u00e9phane le Foll<\/strong> tente pour sa part de conjurer le sc\u00e9nario Syriza : <em>\u00ab Je sais une chose : il n\u2019y aura pas d\u2019alternative \u00e0 gauche<\/em> (en France), <em>la gauche c\u2019est celle qui gouverne aujourd\u2019hui. \u00bb<\/em> <\/p>\n<p><strong>R\u00c9SUM\u00c9<\/strong> <br \/>\n\u2013 la victoire de Syriza est une grande victoire pour la social-d\u00e9mocratie (dont un vaste complot illuminati fait croire qu&#8217;elle cautionne la politique aust\u00e9ritaire de l&#8217;UE).<br \/>\n\u2013 le Parti socialiste est de gauche.<br \/>\n\u2013 le Parti socialiste m\u00e8ne des politiques audacieuses contre l&#8217;aust\u00e9rit\u00e9 (dans un univers parall\u00e8le dont le chemin d&#8217;acc\u00e8s n&#8217;est pas indiqu\u00e9).<\/p>\n<p><em> <strong><em>\u00c0 droite, des \u00e9lus d\u00e9boussol\u00e9s<br \/>\n<\/strong><\/em> <\/em><\/p>\n<p>Le tweet de <strong>Christian Estrosi<\/strong> est pour sa part assez inqui\u00e9tant sur le plan psychiatrique.<em> \u00ab Les grecs n\u2019ont pas vot\u00e9 pour l\u2019extr\u00eame gauche, ils ont vot\u00e9 contre l&#8217;aust\u00e9rit\u00e9, la m\u00eame que les socialistes fran\u00e7ais veulent nous imposer. \u00bb<\/em> On attend avec impatience que le maire de Nice nous explique la diff\u00e9rence entre l&#8217;aust\u00e9rit\u00e9 du PS et celle de l&#8217;UMP.<\/p>\n<p>Autre sympt\u00f4me de la perte des rep\u00e8res au sein de la droite, la d\u00e9claration de <strong>Nicolas Dupont-Aignan<\/strong>, en vol plan\u00e9 (et sur le dos) au dessus d&#8217;un nid de coucous : <em>\u00ab Si c\u2019est pour sauver la France et si c\u2019est sur un programme intelligent de cr\u00e9ation de richesses, pourquoi pas<\/em> [passer un accord avec le Front de gauche]<em>\u00a0?\u00a0\u00bb<\/em><\/p>\n<p><strong>Xavier Bertrand<\/strong> joue les blas\u00e9s : <em>\u00ab Si Syriza gagne, ce n&#8217;est pas une surprise : trop d&#8217;aust\u00e9rit\u00e9 en Gr\u00e8ce et faillite d&#8217;une classe politique. <\/em> (&#8230;) <em>Vous pouvez demander des r\u00e9formes structurelles, mais vous ne pouvez pas demander trop et saigner un peuple. \u00bb<\/em> Pour ce qui est de la faillite, l&#8217;ex-secr\u00e9taire g\u00e9n\u00e9ral de l&#8217;UMP s&#8217;y conna\u00eet, mais en tant qu&#8217;ancien secr\u00e9taire d&#8217;\u00c9tat charg\u00e9 de l&#8217;Assurance maladie, il n&#8217;est peut-\u00eatre pas le mieux plac\u00e9 pour \u00e9voquer le dosage des saign\u00e9es.<\/p>\n<p><strong>Henri Guaino<\/strong> a rench\u00e9ri : <em>\u00ab Lorsqu&#8217;on fait souffrir des peuples, il ne faut pas s&#8217;attendre \u00e0 des votes mod\u00e9r\u00e9s. \u00bb <\/em> Ah, la l\u00e9gendaire mod\u00e9ration d&#8217;Henri Guaino\u2026 qui semble lui aussi souffrir de schizophr\u00e9nie : <em>\u00ab La pens\u00e9e unique est bien ancr\u00e9e dans la t\u00eate d&#8217;une partie de nos \u00e9lites europ\u00e9ennes, il faut en sortir. \u00bb<\/em> <\/p>\n<p><strong>R\u00c9SUM\u00c9<\/strong> <br \/>\n\u2013 la victoire de Syriza est une grande victoire pour l&#8217;UMP.<br \/>\n\u2013 l&#8217;UMP n&#8217;a rien \u00e0 voir avec les politiques d&#8217;aust\u00e9rit\u00e9 de l&#8217;Europe.<br \/>\n\u2013 l&#8217;UMP n&#8217;a rien \u00e0 voir avec l&#8217;UMP.<\/p>\n<p><em> <strong><em>Les \u00e9ditorialistes, sur le front de l&#8217;aigreur<br \/>\n<\/strong><\/em> <\/em><\/p>\n<p>\u00c9videmment, le traitement de l&#8217;\u00e9lection dans les m\u00e9dias dominants a donn\u00e9 lieu \u00e0 de grands aveux (involontaires) d&#8217;incompr\u00e9hension. Laurent Delahousse, anxieux, interrogea sur France 2 : <em>\u00ab Est-ce qu&#8217;il y a une possibilit\u00e9 de contagion ? \u00bb<\/em> Tandis que le bandeau d&#8217;i-T\u00e9l\u00e9, conform\u00e9ment \u00e0 sa fonction de sous-titrage de l&#8217;id\u00e9ologie ambiante, demandait : <em>\u00ab Faut-il laisser la Gr\u00e8ce faire ce qu&#8217;elle veut ? \u00bb<\/em> Il vaudrait en effet mieux faire \u00e9lire le parlement grec par les \u00e9lecteurs allemands, ce serait plus s\u00fbr. <\/p>\n<p>Rageur, <strong>Laurent Joffrin<\/strong> concluait d\u00e8s samedi son \u00e9dito pour <em>Lib\u00e9ration<\/em> en essayant, comme pour limiter les d\u00e9g\u00e2ts inflig\u00e9s \u00e0 ses certitudes, de retirer \u00e0 la gauche radicale fran\u00e7aise toute vell\u00e9it\u00e9 d&#8217;y voir une victoire : <em>\u00ab Quand<\/em> (sic) <em>au grand soir dont r\u00eavent les m\u00e9lenchonnistes exalt\u00e9s, il y a fort \u00e0 parier qu&#8217;il sera remis\u2026 aux calendes grecques. \u00bb<\/em> (rires enregistr\u00e9s). <\/p>\n<p>Sur Twitter, l&#8217;in\u00e9narrable <strong>Arnaud Leparmentier<\/strong> du <em>Monde<\/em>, auteur mercredi d&#8217;une diatribe apocalyptique (<em>\u00ab tout cela peut mal finir \u00bb<\/em>), n&#8217;a pas retenu grand-chose d&#8217;autre de l&#8217;\u00e9v\u00e9nement que la baisse de l&#8217;euro, qui a sembl\u00e9 beaucoup l&#8217;affecter. Il s&#8217;est content\u00e9 de relayer des coll\u00e8gues proph\u00e8tes de malheur (et bigots des march\u00e9s financiers) : <em>\u00ab Ils ne comprennent pas qu&#8217;une dette \u00e7a ne s&#8217;efface pas ; les gens la paieront d&#8217;une fa\u00e7on ou d&#8217;une autre. \u00bb<\/em> <\/p>\n<p>Eurol\u00e2tre convaincu, <strong>Jean Quatremer<\/strong> s&#8217;est plus notoirement agit\u00e9, quoique de fa\u00e7on d\u00e9sordonn\u00e9e. Mais son premier r\u00e9flexe a \u00e9t\u00e9 de minimiser la victoire : <em>\u00ab Syriza \u00e0 36,5%. On est loin de la vague \u00e9voqu\u00e9e par le Front de gauche. Le Pasok avait obtenu 48% en 1981. \u00bb<\/em> On retiendra cette touchante profession de foi, au d\u00e9tour d&#8217;un \u00e9change : <em>\u00ab On est de la m\u00eame famille, surtout quand on partage la m\u00eame monnaie. C\u2019est l\u2019UE. \u00bb <\/em> <\/p>\n<p>Mais le plus boulevers\u00e9 a probablement \u00e9t\u00e9 <strong>Jean-Michel Aphatie<\/strong>, qui nous a fait part de ses \u00e9motions de contribuable : <em>\u00ab Si la Gr\u00e8ce ne rembourse pas ses emprunts, la France perd 40 milliards. Donc plus d&#8217;imp\u00f4ts pour nous et en plus, on dira: &#8220;bravo la Gr\u00e8ce&#8221;. \u00bb<\/em> Comme tout fondamentaliste, il s&#8217;est outrag\u00e9 que d&#8217;autres croyances puissent faire concurrence \u00e0 la sienne en fustigeant ceux qui croient aux miracles (<em>\u00ab L&#8217;homme qui a promis de marcher sur l&#8217;eau a gagn\u00e9 en Gr\u00e8ce \u00bb<\/em>) ou <em>\u00ab au p\u00e8re No\u00ebl \u00bb<\/em>. De pens\u00e9e unique, il ne saurait exister d&#8217;autre que la sienne : <em>\u00ab Ce soir, la pens\u00e9e unique pour tous c&#8217;est : Vive Syriza. \u00bb<\/em><\/p>\n<p><strong>R\u00c9SUM\u00c9<\/strong> <br \/>\n\u2013 la victoire de Syriza est une grande d\u00e9faite pour les \u00e9ditocrates.<br \/>\n\u2013 vous allez le payer cher, bande de m\u00e9cr\u00e9ants.<\/p>\n<p>Vivement les \u00e9lections en Espagne.<div id='gallery-1' class='gallery galleryid-8303 gallery-columns-3 gallery-size-thumbnail'><figure class='gallery-item'>\n\t\t\t<div class='gallery-icon landscape'>\n\t\t\t\t<a href='https:\/\/archives.regards.fr\/wp-content\/uploads\/2015\/01\/syriza-tartufferies-8a7.jpg'><img loading=\"lazy\" decoding=\"async\" width=\"150\" height=\"150\" src=\"https:\/\/archives.regards.fr\/wp-content\/uploads\/2015\/01\/syriza-tartufferies-8a7-150x150.jpg\" class=\"attachment-thumbnail size-thumbnail\" alt=\"syriza-tartufferies.jpg\" \/><\/a>\n\t\t\t<\/div><\/figure>\n\t\t<\/div>\n<\/p>\n","protected":false},"excerpt":{"rendered":"<p>L&#8217;onde de choc des \u00e9lections grecques a eu des effets terribles : on a d\u00e9couvert un PS de gauche, une UMP d&#8217;extr\u00eame gauche et \u2013 mais c&#8217;est moins surprenant \u2013 des \u00e9ditorialistes d\u00e9pit\u00e9s qui ont mal v\u00e9cu leur d\u00e9faite. Compilation.<\/p>\n","protected":false},"author":1188,"featured_media":21365,"comment_status":"open","ping_status":"open","sticky":false,"template":"","format":"standard","meta":{"_themeisle_gutenberg_block_has_review":false,"footnotes":""},"categories":[157],"tags":[420,478],"class_list":["post-8303","post","type-post","status-publish","format-standard","has-post-thumbnail","hentry","category-web","tag-grece","tag-syriza"],"_links":{"self":[{"href":"https:\/\/archives.regards.fr\/index.php?rest_route=\/wp\/v2\/posts\/8303","targetHints":{"allow":["GET"]}}],"collection":[{"href":"https:\/\/archives.regards.fr\/index.php?rest_route=\/wp\/v2\/posts"}],"about":[{"href":"https:\/\/archives.regards.fr\/index.php?rest_route=\/wp\/v2\/types\/post"}],"author":[{"embeddable":true,"href":"https:\/\/archives.regards.fr\/index.php?rest_route=\/wp\/v2\/users\/1188"}],"replies":[{"embeddable":true,"href":"https:\/\/archives.regards.fr\/index.php?rest_route=%2Fwp%2Fv2%2Fcomments&post=8303"}],"version-history":[{"count":0,"href":"https:\/\/archives.regards.fr\/index.php?rest_route=\/wp\/v2\/posts\/8303\/revisions"}],"wp:featuredmedia":[{"embeddable":true,"href":"https:\/\/archives.regards.fr\/index.php?rest_route=\/wp\/v2\/media\/21365"}],"wp:attachment":[{"href":"https:\/\/archives.regards.fr\/index.php?rest_route=%2Fwp%2Fv2%2Fmedia&parent=8303"}],"wp:term":[{"taxonomy":"category","embeddable":true,"href":"https:\/\/archives.regards.fr\/index.php?rest_route=%2Fwp%2Fv2%2Fcategories&post=8303"},{"taxonomy":"post_tag","embeddable":true,"href":"https:\/\/archives.regards.fr\/index.php?rest_route=%2Fwp%2Fv2%2Ftags&post=8303"}],"curies":[{"name":"wp","href":"https:\/\/api.w.org\/{rel}","templated":true}]}}