{"id":8298,"date":"2015-01-25T21:46:24","date_gmt":"2015-01-25T20:46:24","guid":{"rendered":"https:\/\/wp.muchomaas.com\/article-triomphe-de-syriza-ce-n-est-qu-un\/"},"modified":"2023-06-23T23:18:46","modified_gmt":"2023-06-23T21:18:46","slug":"article-triomphe-de-syriza-ce-n-est-qu-un","status":"publish","type":"post","link":"https:\/\/archives.regards.fr\/?p=8298","title":{"rendered":"Triomphe de Syriza : ce n&#8217;est qu&#8217;un d\u00e9but, mais quel d\u00e9but !"},"content":{"rendered":"<p class=\"post_excerpt\">Avec 36,34 % et 149 d\u00e9put\u00e9s, le succ\u00e8s de Syriza est historique. Sa port\u00e9e est immense pour le pays, mais aussi pour l&#8217;Europe et pour la gauche qui veut \u00eatre de gauche.<\/p>\n<p>Avec 36,35% et 149 d\u00e9put\u00e9s, le succ\u00e8s de Syriza est historique. Sa port\u00e9e est immense pour le pays, mais aussi pour l&#8217;Europe et pour la gauche qui veut \u00eatre de gauche. Selon les derniers chiffres du minist\u00e8re de l&#8217;Int\u00e9rieur grec et apr\u00e8s d\u00e9pouillement de 99,80% des bulletins, la coalition de la gauche radicale obtient 36,34 % des voix contre 27,81 % pour la Nouvelle D\u00e9mocratie d&#8217;Antonis Samaras. <\/p>\n<p>Dans la derni\u00e8re ligne droite, la dynamique du changement, la perspective d&#8217;une rupture avec les politiques de la Tro\u00efka qui ont litt\u00e9ralement d\u00e9vast\u00e9 tout un pays a \u00e9t\u00e9 irr\u00e9sistible. Avec 149 si\u00e8ges, Syriza rate cependant de peu la majorit\u00e9 absolue au parlement qui est de 151.<\/p>\n<p>Un immense bonheur<\/p>\n<p>La premi\u00e8re r\u00e9action est d&#8217;abord celle d&#8217;une joie intense. Le peuple grec qui, tout au long de ces ann\u00e9es, a \u00e9t\u00e9 martyris\u00e9 sur l&#8217;autel de la finance a choisi la voie de l&#8217;espoir et de la dignit\u00e9. Les pressions en tous genres, les menaces de la Communaut\u00e9 europ\u00e9enne, les chantages du FMI\u2026 rien n&#8217;avait \u00e9t\u00e9 \u00e9pargn\u00e9 aux \u00e9lecteurs grecs. Leur vote, limpide, exemplaire est l&#8217;expression du refus des politiques d&#8217;aust\u00e9rit\u00e9 aux cons\u00e9quences dramatiques sans c\u00e9der aux sir\u00e8nes de l&#8217;extr\u00eame-droite et du populisme. <\/p>\n<p><em>\u00ab Le choix est plus clair que jamais. Soit la Tro\u00efka revient et poursuit le travail de Samaras et la catastrophique politique d\u2019aust\u00e9rit\u00e9, soit on va vers une ren\u00e9gociation dure et difficile avec nos partenaires pour reconqu\u00e9rir une vie digne \u00bb,<\/em> avait d\u00e9clar\u00e9 Alexis Tsipras \u00e0 la sortie de son bureau de vote en milieu de matin\u00e9e. Et bien, c&#8217;est fait, ce soir l&#8217;espoir rena\u00eet.<\/p>\n<p><strong><em>Une t\u00e2che immense<br \/>\n<\/strong><\/em><\/p>\n<p>Le succ\u00e8s \u00e9lectoral acquis, le plus dur est d\u00e9sormais \u00e0 venir. D&#8217;abord parce ceux qui ont tout fait pour barrer la route \u00e0 un changement de politique en Gr\u00e8ce n&#8217;ont en rien abdiqu\u00e9 et vont s&#8217;\u00e9chiner d\u00e9sormais \u00e0 torpiller les aspirations au changement du peuple grec : la Commission europ\u00e9enne, bien s\u00fbr, mais aussi les gouvernements allemands et fran\u00e7ais. En 2012, Fran\u00e7ois Hollande \u00e0 peine investi, avait d\u00e9clar\u00e9 \u00e0 quatre jours des pr\u00e9c\u00e9dentes l\u00e9gislatives : <em>\u00ab Si l&#8217;impression est donn\u00e9e que les Grecs veulent s&#8217;\u00e9loigner des engagements qui ont \u00e9t\u00e9 pris et abandonner toute la perspective de redressement, alors il y aura des pays dans la zone euro qui pr\u00e9f\u00e9reront en terminer avec la pr\u00e9sence de la Gr\u00e8ce dans la zone euro \u00bb<\/em>. Un message qui ressemblait bigrement \u00e0 une menace. Il ne faut pas oublier que 70% des aides \u00e0 la Gr\u00e8ce sont all\u00e9s au secteur de la finance, c&#8217;est \u00e0 dire in fine \u00e0 des banques fran\u00e7aises et allemandes. <\/p>\n<p>Ensuite, la Gr\u00e8ce est un petit pays de 11 millions d&#8217;habitants qui ne repr\u00e9sente que 1,6% du PIB de la Communaut\u00e9. Cette r\u00e9alit\u00e9 \u00e9conomique et d\u00e9mographique p\u00e8se \u00e9videmment dans la capacit\u00e9 \u00e0 ren\u00e9gocier avec les autres pays. Face \u00e0 cette coalition des puissants, la vigilance, le soutien et la solidarit\u00e9 des forces de gauche europ\u00e9ennes vont \u00eatre indispensables dans les semaines et les mois \u00e0 venir. <\/p>\n<p><strong><em>Une victoire de port\u00e9e europ\u00e9enne<br \/>\n<\/strong><\/em><\/p>\n<p>La victoire de Syriza d\u00e9passe de beaucoup les fronti\u00e8res de la Gr\u00e8ce. C\u2019est \u00abun message qui n\u2019affecte pas seulement les Grecs mais qui r\u00e9sonne dans toute l\u2019Europe\u00bb, a d\u00e9clar\u00e9 \u00e0 la t\u00e9l\u00e9vision Mega Panos Skourletis, le porte-parole de Syriza. C&#8217;est, en effet, toute la gauche europ\u00e9enne qui peut \u00eatre revigor\u00e9e. Ce succ\u00e8s est une premi\u00e8re victoire qui en appelle d&#8217;autres et qui peut d\u00e9clencher un effet domino salvateur. <\/p>\n<p>Les \u00e9lections g\u00e9n\u00e9rales en Espagne \u00e0 la fin de l&#8217;ann\u00e9e 2015 sont un autre espoir si comme c&#8217;est possible Podemos remporte le scrutin. <em>\u00ab Nous prendrons d&#8217;abord Ath\u00e8nes, puis Madrid \u00bb,<\/em> a d\u00e9clar\u00e9 r\u00e9cemment Alexis Tsipras. Ce n&#8217;est qu&#8217;un d\u00e9but, mais quel d\u00e9but !<\/p>\n<div id='gallery-1' class='gallery galleryid-8298 gallery-columns-3 gallery-size-thumbnail'><figure class='gallery-item'>\n\t\t\t<div class='gallery-icon landscape'>\n\t\t\t\t<a href='https:\/\/archives.regards.fr\/wp-content\/uploads\/2015\/01\/tsipras-portrait-d89.jpg'><img loading=\"lazy\" decoding=\"async\" width=\"150\" height=\"150\" src=\"https:\/\/archives.regards.fr\/wp-content\/uploads\/2015\/01\/tsipras-portrait-d89-150x150.jpg\" class=\"attachment-thumbnail size-thumbnail\" alt=\"tsipras-portrait.jpg\" \/><\/a>\n\t\t\t<\/div><\/figure><figure class='gallery-item'>\n\t\t\t<div class='gallery-icon landscape'>\n\t\t\t\t<a href='https:\/\/archives.regards.fr\/wp-content\/uploads\/2015\/01\/grece-chroniques-1e3.jpg'><img loading=\"lazy\" decoding=\"async\" width=\"150\" height=\"150\" src=\"https:\/\/archives.regards.fr\/wp-content\/uploads\/2015\/01\/grece-chroniques-1e3-150x150.jpg\" class=\"attachment-thumbnail size-thumbnail\" alt=\"grece-chroniques.jpg\" \/><\/a>\n\t\t\t<\/div><\/figure>\n\t\t<\/div>\n\n","protected":false},"excerpt":{"rendered":"<p>Avec 36,34 % et 149 d\u00e9put\u00e9s, le succ\u00e8s de Syriza est historique. Sa port\u00e9e est immense pour le pays, mais aussi pour l&#8217;Europe et pour la gauche qui veut \u00eatre de gauche.<\/p>\n","protected":false},"author":1097,"featured_media":21358,"comment_status":"open","ping_status":"open","sticky":false,"template":"","format":"standard","meta":{"_themeisle_gutenberg_block_has_review":false,"footnotes":""},"categories":[157],"tags":[420,478],"class_list":["post-8298","post","type-post","status-publish","format-standard","has-post-thumbnail","hentry","category-web","tag-grece","tag-syriza"],"_links":{"self":[{"href":"https:\/\/archives.regards.fr\/index.php?rest_route=\/wp\/v2\/posts\/8298","targetHints":{"allow":["GET"]}}],"collection":[{"href":"https:\/\/archives.regards.fr\/index.php?rest_route=\/wp\/v2\/posts"}],"about":[{"href":"https:\/\/archives.regards.fr\/index.php?rest_route=\/wp\/v2\/types\/post"}],"author":[{"embeddable":true,"href":"https:\/\/archives.regards.fr\/index.php?rest_route=\/wp\/v2\/users\/1097"}],"replies":[{"embeddable":true,"href":"https:\/\/archives.regards.fr\/index.php?rest_route=%2Fwp%2Fv2%2Fcomments&post=8298"}],"version-history":[{"count":0,"href":"https:\/\/archives.regards.fr\/index.php?rest_route=\/wp\/v2\/posts\/8298\/revisions"}],"wp:featuredmedia":[{"embeddable":true,"href":"https:\/\/archives.regards.fr\/index.php?rest_route=\/wp\/v2\/media\/21358"}],"wp:attachment":[{"href":"https:\/\/archives.regards.fr\/index.php?rest_route=%2Fwp%2Fv2%2Fmedia&parent=8298"}],"wp:term":[{"taxonomy":"category","embeddable":true,"href":"https:\/\/archives.regards.fr\/index.php?rest_route=%2Fwp%2Fv2%2Fcategories&post=8298"},{"taxonomy":"post_tag","embeddable":true,"href":"https:\/\/archives.regards.fr\/index.php?rest_route=%2Fwp%2Fv2%2Ftags&post=8298"}],"curies":[{"name":"wp","href":"https:\/\/api.w.org\/{rel}","templated":true}]}}