{"id":8288,"date":"2015-01-22T14:56:02","date_gmt":"2015-01-22T13:56:02","guid":{"rendered":"https:\/\/wp.muchomaas.com\/article-quand-le-guen-part-en-guerre\/"},"modified":"2023-06-23T23:18:45","modified_gmt":"2023-06-23T21:18:45","slug":"article-quand-le-guen-part-en-guerre","status":"publish","type":"post","link":"https:\/\/archives.regards.fr\/?p=8288","title":{"rendered":"Quand Le Guen part en guerre contre Duflot"},"content":{"rendered":"<p class=\"post_excerpt\">Mercredi 21 janvier, Jean Marie Le Guen \u00e9tait l&#8217;invit\u00e9 de l&#8217;\u00e9mission &#8220;Question d&#8217;info&#8221; LCP-France Info-Le Monde-AFP. L\u00e9ger et a\u00e9rien comme un char d&#8217;assaut, il en a profit\u00e9 pour \u00e9pancher son fiel \u00e0 l&#8217;encontre de C\u00e9cile Duflot et de la gauche du PS.<\/p>\n<p>Passons rapidement sur le langage un peu curieux utilis\u00e9 par le secr\u00e9taire d&#8217;\u00c9tat aux relations avec le parlement \u00e0 l&#8217;encontre de C\u00e9cile Duflot : <em>\u00ab Elle est dans une esp\u00e8ce de voie de radicalisation. \u00bb<\/em> En plein d\u00e9bat sur la pr\u00e9vention contre le djihadisme et apr\u00e8s les annonces de Manuel Valls, la ficelle est un peu grosse, pour ne pas dire grossi\u00e8re. Un peu comme si, profitant du contexte, on caract\u00e9risait Jean-Marie Le Guen de taliban du lib\u00e9ralisme et d&#8217;assassin des id\u00e9aux socialistes. Des all\u00e9gories sans doute utiles pour faire un minimum de <em>buzz<\/em> mais qui n&#8217;apportent pas grand-chose au d\u00e9bat public \u2013 si ce n&#8217;est un peu plus de confusion.<\/p>\n<p><strong><em>Un &#8220;bon Vert&#8221;, \u00e7a soutient le gouvernement<br \/>\n<\/strong><\/em><\/p>\n<p>Jean-Marie Le Guen a une id\u00e9e tr\u00e8s pr\u00e9cise de ce que devrait \u00eatre la politique de EELV. Nul ne peut lui en vouloir de pr\u00e9f\u00e9rer le d\u00e9put\u00e9 Fran\u00e7ois de Rugy, qui aurait tant souhait\u00e9 que les Verts fassent partie du gouvernement Valls, \u00e0 C\u00e9cile Duflot. De l\u00e0 \u00e0 confondre d\u00e9sir et r\u00e9alit\u00e9, il n&#8217;y a qu&#8217;un pas que franchit all\u00e8grement notre vindicatif secr\u00e9taire d&#8217;\u00c9tat. Ainsi, <em>\u00ab C\u00e9cile Duflot, ce n&#8217;est pas les Verts \u00bb<\/em>, et celle-ci essaie <em>\u00ab de se d\u00e9marquer, non seulement de la majorit\u00e9, mais quelque part du fonctionnement de son propre groupe \u00bb. <\/em> Le propos est pour le moins surprenant. Comme toute organisation politique EELV dispose d&#8217;instances de d\u00e9cisions, en l&#8217;occurrence un bureau ex\u00e9cutif de quinze membres et un parlement appel\u00e9 Conseil f\u00e9d\u00e9ral. <\/p>\n<p>Le changement d&#8217;orientation amorc\u00e9 par les \u00e9cologistes depuis le printemps n&#8217;est pas le fait d&#8217;un individu isol\u00e9, mais bien d&#8217;une majorit\u00e9 de EELV : c&#8217;est par sept voix contre trois que le bureau ex\u00e9cutif a refus\u00e9 de participer au gouvernement le 1er avril. Un choix largement ratifi\u00e9 par le Conseil f\u00e9d\u00e9ral du 6 avril qui s\u2019est prononc\u00e9 \u00e0 83% pour appeler les parlementaires \u00e0 s\u2019abstenir lors du vote de confiance au nouveau gouvernement. Que dix des dix-sept d\u00e9put\u00e9s n&#8217;aient pas respect\u00e9 ce vote, le 8 avril, traduirait plut\u00f4t que ce sont les parlementaires pro-gouvernementaux de EELV qui ne repr\u00e9sentent pas tout \u00e0 fait leur parti. <\/p>\n<p>Autre exemple, <a href=\"https:\/\/wp.muchomaas.com\/web\/article\/les-verts-rejoignent-le-front-de\">le soutien \u00e0 Syriza<\/a> pour les prochaines \u00e9lections l\u00e9gislatives a \u00e9t\u00e9 adopt\u00e9 par le Conseil f\u00e9d\u00e9ral d&#8217;EELV par soixante-et-onze votes pour, trois blanc, trois contre. C&#8217;est net, c&#8217;est sans bavure. On se doute que le c\u0153ur de Jean-Marie Le Guen penche plut\u00f4t du c\u00f4t\u00e9 de son ami Pierre Moscovici, qui est all\u00e9 en Gr\u00e8ce pour soutenir le gouvernement de droite d&#8217;Antonis Samaras, mais c&#8217;est ainsi.<\/p>\n<p><strong><em>La petite musique de la scission<br \/>\n<\/strong><\/em><\/p>\n<p>La vraie question qui pourrait \u00eatre adress\u00e9e aux Verts serait plut\u00f4t : &#8220;Pourquoi se d\u00e9finir encore comme membre de la majorit\u00e9 parlementaire ?&#8221; Le d\u00e9licat \u00e9quilibre interne appara\u00eet de plus en plus compliqu\u00e9, quand il ne rel\u00e8ve pas du mariage de la carpe et du lapin. Entre l&#8217;alliance avec l&#8217;UDI qui a <a href=\"https:\/\/wp.muchomaas.com\/web\/jean-vincent-place-lorgne-au,7773\">les faveurs d&#8217;un Jean-Vincent Plac\u00e9<\/a> et la volont\u00e9 d&#8217;un accord avec le Front de gauche pour les futures \u00e9lections r\u00e9gionales d\u00e9fendue par nombre de dirigeants de EELV (lire <a href=\"https:\/\/wp.muchomaas.com\/web\/article\/sergio-coronado-les-elections-de\">l&#8217;interview de Sergio Coronado<\/a>), existe un grand \u00e9cart qui ne peut perdurer bien longtemps. <\/p>\n<p>D&#8217;une mani\u00e8re ou d&#8217;une autre, la contradiction, parce qu&#8217;elle porte sur l&#8217;essentiel de la politique \u00e0 mener, doit se r\u00e9soudre. L&#8217;hypoth\u00e8se d&#8217;un rassemblement de tout ce petit monde sur une ligne d&#8217;autonomie politique au nom du paradigme \u00e9cologiste reste possible, mais appara\u00eet de moins en moins praticable. La suite la plus probable est donc une poursuite des d\u00e9cantations politiques. <\/p>\n<p>La petite musique d&#8217;une scission du parti \u00e9cologiste a \u00e9t\u00e9 aliment\u00e9e ces derni\u00e8res semaines par ceux qui ne se reconnaissent pas dans la distanciation vis \u00e0 vis du gouvernement. Au-del\u00e0 de sa grossi\u00e8ret\u00e9, la charge de Jean-Marie Le Guen est donc bien une tentative de s&#8217;immiscer dans les d\u00e9bats internes de EELV en donnant la position du grand fr\u00e8re socialiste. Est-ce le plus habile, de son propre point de vue, c&#8217;est une autre affaire.  <\/p>\n<p><strong><em>L&#8217;unit\u00e9 contre la droite, arl\u00e9sienne socialiste<br \/>\n<\/strong><\/em><\/p>\n<p>Plus g\u00e9n\u00e9ralement, c&#8217;est toute la gauche non gouvernementale qui est dans la ligne de vis\u00e9e de Jean-Marie Le Guen. Ainsi, toute une partie de la gauche radicale serait \u00e0 c\u00f4t\u00e9 de <em>\u00ab la r\u00e9alit\u00e9 politique et sociale de notre pays \u00bb<\/em> en ne voulant pas se rassembler derri\u00e8re le Parti socialiste. <\/p>\n<p>Il ajoute : <em>\u00ab Ne pas avoir ce r\u00e9flexe de rassemblement de la gauche, c&#8217;est une perte d&#8217;identit\u00e9 pour cette gauche de la gauche. C&#8217;est la gauche de la gauche qui a perdu son identit\u00e9 unitaire. Elle peut faire perdre la gauche, et je dirais m\u00eame plus, \u00e0 certains endroits, elle peut faire perdre la R\u00e9publique. \u00bb<\/em> Et voil\u00e0, les grands mots sont l\u00e2ch\u00e9s, une victoire de la droite voire dans certains cantons du Front national et ce sera la faute de la gauche radicale. Le ch\u00f4mage qui s&#8217;envole, pas un mot, les cadeaux multiples au Medef sans aucune contrepartie, rien. Juste \u2013 mais sans doute est-ce de saison \u2013 une tentative de mise au pas. <\/p>\n<p>Les propos du secr\u00e9taire d&#8217;\u00c9tat socialiste pourraient n&#8217;\u00eatre que path\u00e9tiques s&#8217;ils ne d\u00e9notaient pas une vision absolument dogmatique de la politique. <em>\u00ab Notre action est un \u00e9chec, mais nous avons raison et c&#8217;est pourquoi nous voulons la poursuivre \u00bb<\/em>, tel est le credo gouvernemental depuis pr\u00e8s de trois ans. Il est temps que cela change.<br \/>\n<div id='gallery-1' class='gallery galleryid-8288 gallery-columns-3 gallery-size-thumbnail'><figure class='gallery-item'>\n\t\t\t<div class='gallery-icon landscape'>\n\t\t\t\t<a href='https:\/\/archives.regards.fr\/wp-content\/uploads\/2015\/01\/leguen-duflot-2-33c.jpg'><img loading=\"lazy\" decoding=\"async\" width=\"150\" height=\"150\" src=\"https:\/\/archives.regards.fr\/wp-content\/uploads\/2015\/01\/leguen-duflot-2-33c-150x150.jpg\" class=\"attachment-thumbnail size-thumbnail\" alt=\"leguen-duflot-2.jpg\" \/><\/a>\n\t\t\t<\/div><\/figure>\n\t\t<\/div>\n<\/p>\n","protected":false},"excerpt":{"rendered":"<p>Mercredi 21 janvier, Jean Marie Le Guen \u00e9tait l&#8217;invit\u00e9 de l&#8217;\u00e9mission &#8220;Question d&#8217;info&#8221; LCP-France Info-Le Monde-AFP. L\u00e9ger et a\u00e9rien comme un char d&#8217;assaut, il en a profit\u00e9 pour \u00e9pancher son fiel \u00e0 l&#8217;encontre de C\u00e9cile Duflot et de la gauche du PS.<\/p>\n","protected":false},"author":1097,"featured_media":21343,"comment_status":"open","ping_status":"open","sticky":false,"template":"","format":"standard","meta":{"_themeisle_gutenberg_block_has_review":false,"footnotes":""},"categories":[157],"tags":[457,390],"class_list":["post-8288","post","type-post","status-publish","format-standard","has-post-thumbnail","hentry","category-web","tag-eelv","tag-parti-socialiste"],"_links":{"self":[{"href":"https:\/\/archives.regards.fr\/index.php?rest_route=\/wp\/v2\/posts\/8288","targetHints":{"allow":["GET"]}}],"collection":[{"href":"https:\/\/archives.regards.fr\/index.php?rest_route=\/wp\/v2\/posts"}],"about":[{"href":"https:\/\/archives.regards.fr\/index.php?rest_route=\/wp\/v2\/types\/post"}],"author":[{"embeddable":true,"href":"https:\/\/archives.regards.fr\/index.php?rest_route=\/wp\/v2\/users\/1097"}],"replies":[{"embeddable":true,"href":"https:\/\/archives.regards.fr\/index.php?rest_route=%2Fwp%2Fv2%2Fcomments&post=8288"}],"version-history":[{"count":0,"href":"https:\/\/archives.regards.fr\/index.php?rest_route=\/wp\/v2\/posts\/8288\/revisions"}],"wp:featuredmedia":[{"embeddable":true,"href":"https:\/\/archives.regards.fr\/index.php?rest_route=\/wp\/v2\/media\/21343"}],"wp:attachment":[{"href":"https:\/\/archives.regards.fr\/index.php?rest_route=%2Fwp%2Fv2%2Fmedia&parent=8288"}],"wp:term":[{"taxonomy":"category","embeddable":true,"href":"https:\/\/archives.regards.fr\/index.php?rest_route=%2Fwp%2Fv2%2Fcategories&post=8288"},{"taxonomy":"post_tag","embeddable":true,"href":"https:\/\/archives.regards.fr\/index.php?rest_route=%2Fwp%2Fv2%2Ftags&post=8288"}],"curies":[{"name":"wp","href":"https:\/\/api.w.org\/{rel}","templated":true}]}}