{"id":8285,"date":"2015-01-22T11:35:48","date_gmt":"2015-01-22T10:35:48","guid":{"rendered":"https:\/\/wp.muchomaas.com\/article-a-j-4-des-elections\/"},"modified":"2023-07-03T14:34:29","modified_gmt":"2023-07-03T12:34:29","slug":"article-a-j-4-des-elections","status":"publish","type":"post","link":"https:\/\/archives.regards.fr\/?p=8285","title":{"rendered":"\u00c0 J-4 des \u00e9lections"},"content":{"rendered":"<p class=\"post_excerpt\">Les prises de position d\u2019\u00e9conomistes \u2013 et pas des moindres \u2013 sur leurs enjeux et la perspective d&#8217;une victoire de Syriza auront \u00e9t\u00e9 nombreuses, et majoritairement rassurantes. Mais les silences sont \u00e9galement r\u00e9v\u00e9lateurs.<\/p>\n<p>Dans toute l\u2019Europe et au-del\u00e0, de nombreux \u00e9conomistes ont pris position ou sont intervenus sur les enjeux des \u00e9lections grecques du 25 janvier. On a cit\u00e9 ici <a href=\"https:\/\/wp.muchomaas.com\/auteur\/wolfgang-munchau\">Wolfgang Munchau<\/a>, <a href=\"https:\/\/wp.muchomaas.com\/economie\/les-economistes-ne-sont-pas-tous\/article\/l-honneur-de-thomas-piketty\">Thomas Piketty<\/a>, <a href=\"https:\/\/wp.muchomaas.com\/economie\/les-economistes-ne-sont-pas-tous\/article\/paul-krugman-le-danger-ne-vient\">Paul Krugman<\/a> et <a href=\"https:\/\/wp.muchomaas.com\/economie\/les-economistes-ne-sont-pas-tous\/article\/joseph-stiglitz-le-probleme-n-est\">Joseph Stiglitz<\/a>. <\/p>\n<p><strong><em>De multiples prises de position<br \/>\n<\/strong><\/em><\/p>\n<p>Il faut y ajouter les \u00e9conomistes signataires de l\u2019appel <a href=\"http:\/\/www.transform-network.net\/blog\/blog-2015\/news\/detail\/Blog\/-2c8b1dc17d.html\">&#8220;Changer la Gr\u00e8ce \u2013 Changer l\u2019Europe \u2013 Changer pour toutes et tous !&#8221;<\/a>, ceux signataires de l\u2019appel <a href=\"http:\/\/www.theguardian.com\/world\/2015\/jan\/20\/greece-needs-debts-cancelled-and-growth\">&#8220;La Gr\u00e8ce a besoin de croissance et d\u2019une annulation de la dette&#8221;<\/a> publi\u00e9 le 20 janvier sur le site du journal <em>The Guardian<\/em> et les prises de position individuelles des belges <a href=\"http:\/\/www.alterecoplus.fr\/europe\/Grece-crise-de-la-dette-publique-la-revolte-des-debiteurs-Syriza-201501141352-00000613.html\">Paul de Grauwe<\/a> et <a href=\"http:\/\/www.pauljorion.com\/blog\/2015\/01\/06\/le-monde-que-pese-la-theorie-economique-face-aux-interets-financiers-mardi-6-mercredi-7-janvier-2015\/\">Paul Jorion<\/a>, ou du Fran\u00e7ais <a href=\"http:\/\/www.latribune.fr\/opinions\/tribunes\/20150121trib44044c5e9\/pour-eux-memes-pour-l-europe-les-grecs-doivent-voter-syriza.html\">Jean- Pierre Vesperini<\/a>. S\u2019ajoutent, sinon les prises de position, du moins les analyses du turc <a href=\"http:\/\/www.project-syndicate.org\/commentary\/greece-syriza-economic-compromise-by-kemal-dervi--2015-01\/french\">Kemal Dervis<\/a>, de l\u2019Italien <a href=\"http:\/\/www.macropolis.gr\/?i=portal.en.the-agora.2134&#038;itemId=2134\">Francesco Saraceno<\/a>, <a href=\"http:\/\/www.bruegel.org\/nc\/blog\/detail\/article\/1542-why-a-grexit-is-more-costly-for-germany-than-a-default-inside-the-euro-area\/\">du Hongrois Zsolt Darvas et de l\u2019Autrichienne Pia H\u00fcttl<\/a>. Elles portent sur quatre questions cl\u00e9s directement li\u00e9es \u00e0 ces \u00e9lections : la dette grecque, la sortie \u00e9ventuelle de la Gr\u00e8ce de l\u2019euro, le devenir de l\u2019aust\u00e9rit\u00e9 et celui des r\u00e9formes dites structurelles. <\/p>\n<p>Que disent d\u2019une fa\u00e7on ou d\u2019une autre ces \u00e9conomistes ? Qu\u2019il ne faut pas s\u2019inqui\u00e9ter d\u2019une victoire de Syriza. Elle permettra au contraire de bouger les choses et de porter le d\u00e9bat de politique \u00e9conomique en Europe sur des mesures dont la n\u00e9cessit\u00e9 devrait \u00eatre \u00e9vidente pour tous. La dette grecque est effectivement insoutenable. La politique d\u2019aust\u00e9rit\u00e9 conduite dans ce pays est un d\u00e9sastre. La politique mon\u00e9taire ne permettra pas \u00e0 elle seule de sortir de l\u2019engrenage d\u00e9flationniste et il ne suffira pas d\u2019y ajouter la mini relance du plan Juncker. La sortie de la Gr\u00e8ce de l\u2019euro ne doit pas \u00eatre agit\u00e9e comme une menace, car elle constituerait un co\u00fbt \u00e9conomique important et un engrenage politique qui pourrait \u00eatre fatal pour l\u2019Union europ\u00e9enne. <\/p>\n<p><strong><em>\u00ab Si la Gr\u00e8ce disparait \u00bb<br \/>\n<\/strong><\/em><\/p>\n<p>Dans cet ensemble on notera deux voix discordantes. Celle de l\u2019\u00e9conomiste Patrick Artus pour qui, <em>\u00ab si la Gr\u00e8ce dispara\u00eet, cela couterait \u00e0 l\u2019Europe 0,3 point de croissance et 2,5 points de PIB d\u2019endettement suppl\u00e9mentaire. Le contrechoc p\u00e9trolier offre \u00e0 l\u2019Europe un b\u00e9n\u00e9fice \u00e9quivalent \u00e0 huit fois la disparition de la Gr\u00e8ce \u00bb <\/em> (cit\u00e9 par Arnaud Leparmentier dans <em>Le Monde<\/em> du 8 janvier 2015).<\/p>\n<p>On relativisera l\u2019affirmation en se rappelant qu\u2019il s\u2019agit bien du m\u00eame \u00e9conomiste qui, en 2007\/2008, avait expliqu\u00e9 que <a href=\"http:\/\/cib.natixis.com\/flushdoc.aspx?id=44903\">la crise des subprimes \u00e9tait un probl\u00e8me d\u2019ampleur somme toute limit\u00e9<\/a>. Mais on s\u2019inqui\u00e9tera malgr\u00e9 tout qu\u2019un \u00e9conomiste de renom cesse de penser ! <\/p>\n<p>L\u2019autre voix discordante est celle de Hans-Werner Sinn, \u00e9conomiste allemand le plus populaire et le plus influent aupr\u00e8s de la chanceli\u00e8re Angela Merkel. Cet \u00e9conomiste, pour qui ce qu\u2019il affirme \u00eatre bon pour l\u2019Allemagne est en g\u00e9n\u00e9ral bon pour l\u2019Europe, ne se contente pas de dire que la sortie de la Gr\u00e8ce de l\u2019euro n\u2019aurait pas vraiment d\u2019importance pour le reste de l\u2019Union mon\u00e9taire. Il vient d\u2019expliquer aux Grecs, dans <a href=\"http:\/\/www.ekathimerini.com\/4dcgi\/_w_articles_wsite3_1_18\/01\/2015_546285\">une interview au journal <em>Ekathimeri<\/em><\/a>, que ce serait tout \u00e0 leur avantage. C\u2019est, leur dit-il, la <em>\u00ab seule voie pour sortir de la Vall\u00e9e des larmes \u00bb<\/em>. En r\u00e9alit\u00e9, c\u2019est celle qu\u2019il trouve, au bout du compte, la seule praticable, pour que l\u2019Union mon\u00e9taire europ\u00e9enne continue de ne pas \u00eatre une union de solidarit\u00e9 et de transferts. Car m\u00eame s\u2019il doit admettre qu\u2019un retour \u00e0 la drachme se traduirait forc\u00e9ment par une certaine annulation de la dette grecque, ce serait la moins co\u00fbteuse pour les Allemands. Et pour le reste, que les Grecs se d\u00e9brouillent eux-m\u00eames \u00e0 r\u00e9tablir leur comp\u00e9titivit\u00e9 par un nouveau round d\u2019aust\u00e9rit\u00e9 (<a href=\"http:\/\/www.bruegel.org\/nc\/blog\/detail\/article\/1542-why-a-grexit-is-more-costly-for-germany-than-a-default-inside-the-euro-area\/\">lire ici<\/a>).<\/p>\n<p><strong><em>Un silence qui fait du bruit<br \/>\n<\/strong><\/em><\/p>\n<p>Au-del\u00e0 de ces interventions, il faut aussi souligner le silence r\u00e9v\u00e9lateur des \u00e9conomistes fran\u00e7ais les plus en vue, ceux qui ont table ouverte dans les m\u00e9dias et postes de responsabilit\u00e9 dans les cercles et les institutions. De Phillipe Aghion \u00e0 Jean Tirole, d\u2019Agn\u00e8s Benassy-Qu\u00e9r\u00e9 \u00e0 Daniel Cohen, de Jean-Herv\u00e9 Lorenzi \u00e0 Jean Pisani-Ferry, du CEPII au CAE, de l\u2019OFCE \u00e0 France Strat\u00e9gie, c\u2019est silence radio. <\/p>\n<p>L\u2019enjeu n\u2019est pourtant pas mince. Il appelle analyses et participation au d\u00e9bat public, surtout de la part de ceux qui s\u2019estiment suffisamment experts pour \u00e9clairer les citoyens et conseiller les dirigeants politiques. En r\u00e9alit\u00e9, ce silence fait plaisir \u00e0 entendre. Certes, aucun de ces \u00e9conomistes ne veut dire que Syriza a raison. Mais, aucun non plus, n\u2019ose \u00e9crire qu\u2019il a tort.<div id='gallery-1' class='gallery galleryid-8285 gallery-columns-3 gallery-size-thumbnail'><figure class='gallery-item'>\n\t\t\t<div class='gallery-icon landscape'>\n\t\t\t\t<a href='https:\/\/archives.regards.fr\/wp-content\/uploads\/2015\/01\/economistes-grece-4-1ae.jpg'><img loading=\"lazy\" decoding=\"async\" width=\"150\" height=\"150\" src=\"https:\/\/archives.regards.fr\/wp-content\/uploads\/2015\/01\/economistes-grece-4-1ae-150x150.jpg\" class=\"attachment-thumbnail size-thumbnail\" alt=\"economistes-grece-4.jpg\" \/><\/a>\n\t\t\t<\/div><\/figure>\n\t\t<\/div>\n<\/p>\n","protected":false},"excerpt":{"rendered":"<p>Les prises de position d\u2019\u00e9conomistes \u2013 et pas des moindres \u2013 sur leurs enjeux et la perspective d&#8217;une victoire de Syriza auront \u00e9t\u00e9 nombreuses, et majoritairement rassurantes. Mais les silences sont \u00e9galement r\u00e9v\u00e9lateurs.<\/p>\n","protected":false},"author":1240,"featured_media":21339,"comment_status":"open","ping_status":"open","sticky":false,"template":"","format":"standard","meta":{"_themeisle_gutenberg_block_has_review":false,"footnotes":""},"categories":[186],"tags":[420,478],"class_list":["post-8285","post","type-post","status-publish","format-standard","has-post-thumbnail","hentry","category-les-choses-lues-par-monsieur-marx","tag-grece","tag-syriza"],"_links":{"self":[{"href":"https:\/\/archives.regards.fr\/index.php?rest_route=\/wp\/v2\/posts\/8285","targetHints":{"allow":["GET"]}}],"collection":[{"href":"https:\/\/archives.regards.fr\/index.php?rest_route=\/wp\/v2\/posts"}],"about":[{"href":"https:\/\/archives.regards.fr\/index.php?rest_route=\/wp\/v2\/types\/post"}],"author":[{"embeddable":true,"href":"https:\/\/archives.regards.fr\/index.php?rest_route=\/wp\/v2\/users\/1240"}],"replies":[{"embeddable":true,"href":"https:\/\/archives.regards.fr\/index.php?rest_route=%2Fwp%2Fv2%2Fcomments&post=8285"}],"version-history":[{"count":0,"href":"https:\/\/archives.regards.fr\/index.php?rest_route=\/wp\/v2\/posts\/8285\/revisions"}],"wp:featuredmedia":[{"embeddable":true,"href":"https:\/\/archives.regards.fr\/index.php?rest_route=\/wp\/v2\/media\/21339"}],"wp:attachment":[{"href":"https:\/\/archives.regards.fr\/index.php?rest_route=%2Fwp%2Fv2%2Fmedia&parent=8285"}],"wp:term":[{"taxonomy":"category","embeddable":true,"href":"https:\/\/archives.regards.fr\/index.php?rest_route=%2Fwp%2Fv2%2Fcategories&post=8285"},{"taxonomy":"post_tag","embeddable":true,"href":"https:\/\/archives.regards.fr\/index.php?rest_route=%2Fwp%2Fv2%2Ftags&post=8285"}],"curies":[{"name":"wp","href":"https:\/\/api.w.org\/{rel}","templated":true}]}}