{"id":8277,"date":"2015-01-20T13:52:45","date_gmt":"2015-01-20T12:52:45","guid":{"rendered":"https:\/\/wp.muchomaas.com\/article-syriza-est-le-visage-d-une-europe\/"},"modified":"2023-06-23T23:18:43","modified_gmt":"2023-06-23T21:18:43","slug":"article-syriza-est-le-visage-d-une-europe","status":"publish","type":"post","link":"https:\/\/archives.regards.fr\/?p=8277","title":{"rendered":"&#8220;Syriza est le visage d&#8217;une Europe qui change&#8221; (vid\u00e9o)"},"content":{"rendered":"<p class=\"post_excerpt\">Autant le dire, en cette p\u00e9riode glaciaire, les coins de ciel bleu sont rares. Se tourner vers la Gr\u00e8ce permet d&#8217;en apercevoir pourtant, et pas pour des raisons m\u00e9t\u00e9orologiques. Instant &#8220;feel good&#8221; avec ces trois minutes du candidat de Syriza en meeting.<\/p>\n<p><iframe loading=\"lazy\" width=\"460\" height=\"259\" src=\"\/\/www.youtube.com\/embed\/-u7vDXcwHSc?rel=0\" frameborder=\"0\" allowfullscreen><\/iframe><div id='gallery-1' class='gallery galleryid-8277 gallery-columns-3 gallery-size-thumbnail'><figure class='gallery-item'>\n\t\t\t<div class='gallery-icon landscape'>\n\t\t\t\t<a href='https:\/\/archives.regards.fr\/wp-content\/uploads\/2015\/01\/vigie-discours-tsipras-ddd.jpg'><img loading=\"lazy\" decoding=\"async\" width=\"150\" height=\"150\" src=\"https:\/\/archives.regards.fr\/wp-content\/uploads\/2015\/01\/vigie-discours-tsipras-ddd-150x150.jpg\" class=\"attachment-thumbnail size-thumbnail\" alt=\"vigie-discours-tsipras.jpg\" \/><\/a>\n\t\t\t<\/div><\/figure>\n\t\t<\/div>\n<\/p>\n","protected":false},"excerpt":{"rendered":"<p>Autant le dire, en cette p\u00e9riode glaciaire, les coins de ciel bleu sont rares. Se tourner vers la Gr\u00e8ce permet d&#8217;en apercevoir pourtant, et pas pour des raisons m\u00e9t\u00e9orologiques. Instant &#8220;feel good&#8221; avec ces trois minutes du candidat de Syriza en meeting.<\/p>\n","protected":false},"author":1,"featured_media":21328,"comment_status":"open","ping_status":"open","sticky":false,"template":"","format":"standard","meta":{"_themeisle_gutenberg_block_has_review":false,"footnotes":""},"categories":[208],"tags":[359,420,478],"class_list":["post-8277","post","type-post","status-publish","format-standard","has-post-thumbnail","hentry","category-vigie-idees","tag-exclure-de-la-home","tag-grece","tag-syriza"],"_links":{"self":[{"href":"https:\/\/archives.regards.fr\/index.php?rest_route=\/wp\/v2\/posts\/8277","targetHints":{"allow":["GET"]}}],"collection":[{"href":"https:\/\/archives.regards.fr\/index.php?rest_route=\/wp\/v2\/posts"}],"about":[{"href":"https:\/\/archives.regards.fr\/index.php?rest_route=\/wp\/v2\/types\/post"}],"author":[{"embeddable":true,"href":"https:\/\/archives.regards.fr\/index.php?rest_route=\/wp\/v2\/users\/1"}],"replies":[{"embeddable":true,"href":"https:\/\/archives.regards.fr\/index.php?rest_route=%2Fwp%2Fv2%2Fcomments&post=8277"}],"version-history":[{"count":0,"href":"https:\/\/archives.regards.fr\/index.php?rest_route=\/wp\/v2\/posts\/8277\/revisions"}],"wp:featuredmedia":[{"embeddable":true,"href":"https:\/\/archives.regards.fr\/index.php?rest_route=\/wp\/v2\/media\/21328"}],"wp:attachment":[{"href":"https:\/\/archives.regards.fr\/index.php?rest_route=%2Fwp%2Fv2%2Fmedia&parent=8277"}],"wp:term":[{"taxonomy":"category","embeddable":true,"href":"https:\/\/archives.regards.fr\/index.php?rest_route=%2Fwp%2Fv2%2Fcategories&post=8277"},{"taxonomy":"post_tag","embeddable":true,"href":"https:\/\/archives.regards.fr\/index.php?rest_route=%2Fwp%2Fv2%2Ftags&post=8277"}],"curies":[{"name":"wp","href":"https:\/\/api.w.org\/{rel}","templated":true}]}}