{"id":8275,"date":"2015-01-20T11:42:20","date_gmt":"2015-01-20T10:42:20","guid":{"rendered":"https:\/\/wp.muchomaas.com\/article-la-loi-macron-ou-comment-revenir\/"},"modified":"2023-06-23T23:18:43","modified_gmt":"2023-06-23T21:18:43","slug":"article-la-loi-macron-ou-comment-revenir","status":"publish","type":"post","link":"https:\/\/archives.regards.fr\/?p=8275","title":{"rendered":"La loi Macron, ou comment revenir au contrat de travail du XIXe si\u00e8cle"},"content":{"rendered":"<p class=\"post_excerpt\">Ignorant d\u00e9lib\u00e9r\u00e9ment qu&#8217;il ne peut y avoir de &#8220;libert\u00e9&#8221;, de &#8220;consentement&#8221; ou de &#8220;volontariat&#8221; du salari\u00e9 face \u00e0 un employeur en position de force, la loi Macron met en \u0153uvre le r\u00eave du Medef, dans lequel le contrat remplace le droit du travail.<\/p>\n<p>L\u2019ex patron du Medef Denis Kessler \u0153uvrait \u00e0 <em><a href=\"http:\/\/blogs.mediapart.fr\/blog\/republicain\/191211\/denis-kessler-il-sagit-de-defaire-methodiquement-le-programme-du-cnr\">\u00ab d\u00e9faire m\u00e9thodiquement le programme du CNR \u00bb<\/a><\/em>. Une ambition somme toute modeste, compar\u00e9e \u00e0 celle d\u2019Emmanuel Macron. Le ministre de l\u2019\u00c9conomie semble en effet d\u00e9cid\u00e9 \u00e0 renvoyer le contrat de travail \u00e0 ses modalit\u00e9s du d\u00e9but du XIXe si\u00e8cle, lui qui n\u2019a pourtant que le mot <em>\u00ab modernisation \u00bb<\/em> \u00e0 la bouche&#8230; Son projet de loi &#8220;pour la croissance, l&#8217;activit\u00e9 et l&#8217;\u00e9galit\u00e9 des chances \u00e9conomiques&#8221;, adopt\u00e9 en commission dans la nuit de dimanche, tente en tout cas de faire un pas en ce sens. <\/p>\n<p><strong><em>&#8220;Libert\u00e9 et &#8220;consentement&#8221; du travailleur<br \/>\n<\/strong><\/em><\/p>\n<p>Jusqu\u2019\u00e0 pr\u00e9sent, le contrat de travail se caract\u00e9risait par un <em>\u00ab lien de subordination juridique permanent \u00bb<\/em>, le salari\u00e9 \u00e9tant sous l\u2019autorit\u00e9 de l\u2019employeur qui a le pouvoir de donner des ordres, d\u2019en contr\u00f4ler l\u2019ex\u00e9cution et de sanctionner les manquements. C\u2019est pr\u00e9cis\u00e9ment pour compenser ce rapport fondamentalement in\u00e9galitaire qu\u2019ont \u00e9t\u00e9 \u00e9labor\u00e9s le Code du travail puis les conventions collectives. Le Code, qui remonte \u00e0 1910, n\u2019a cess\u00e9 de se renforcer depuis, ses lois sociales obligeant l\u2019employeur \u00e0 payer non seulement l\u2019acte productif, mais aussi le repos, les cong\u00e9s pay\u00e9s, le logement, le transport, la formation, la protection contre le ch\u00f4mage, les accidents du travail, la maladie et la vieillesse. <\/p>\n<p>Des contraintes dont r\u00eave de se d\u00e9barrasser le Medef, qui se bat depuis 1999 pour passer d\u2019un contrat du travail synallagmatique (supposant un \u00e9change d\u2019obligations r\u00e9ciproques) et collectif \u00e0 un contrat civil individuel n\u00e9goci\u00e9 de gr\u00e9 \u00e0 gr\u00e9. <em>\u00ab Nous pr\u00e9conisons une r\u00e9forme de la Constitution afin de reconnaitre le droit \u00e0 la n\u00e9gociation, et de permettre aux repr\u00e9sentants des employeurs et des salari\u00e9s de fixer les modalit\u00e9s d&#8217;application des principes fondamentaux du droit du travail, du droit syndical et de la s\u00e9curit\u00e9 sociale \u00bb<\/em>, expliquait l\u2019ancienne pr\u00e9sidente du Medef Laurence Parisot aux \u00c9chos en 2006. <\/p>\n<p>Dans ces conditions, le salari\u00e9 aurait toute &#8220;libert\u00e9&#8221; de &#8220;consentir&#8221; \u00e0 travailler le dimanche, la nuit ou soixante heures par semaine, sans \u00eatre brid\u00e9 par les &#8220;rigidit\u00e9s du code du travail&#8221;, qui repr\u00e9sentent selon le d\u00e9put\u00e9 socialiste Jean-Marie Le Guen <em>\u00ab un redoutable tabou national \u00bb<\/em> et <em>\u00ab un puissant r\u00e9pulsif de l&#8217;emploi \u00bb.<\/em> <\/p>\n<p><strong><em>In\u00e9galit\u00e9 du rapport de force<br \/>\n<\/strong><\/em><\/p>\n<p>Le texte d&#8217;Emmanuel Macron avance discr\u00e8tement dans cette direction, en proposant de modifier l\u2019article 2064 du code civil qui interdit de recourir \u00e0 une simple convention \u00e0 l\u2019amiable pour les diff\u00e9rends s\u2019\u00e9levant \u00e0 l\u2019occasion d\u2019un contrat de travail soumis aux dispositions du Code du travail (licenciement, harc\u00e8lement\u2026). Le code civil estime en effet qu\u2019en raison de l\u2019in\u00e9galit\u00e9 du rapport de force, un diff\u00e9rend entre un employeur et un salari\u00e9 ne peut se r\u00e9gler par la m\u00eame proc\u00e9dure qu\u2019un diff\u00e9rend entre deux particuliers. C\u2019est donc sur ce point que veut revenir Macron. Comme <a href=\"http:\/\/www.filoche.net\/2014\/11\/30\/peut-on-le-croire-lordonnance-macron-supprime-le-droit-specifique-du-travail\/\">l\u2019explique sur son blog G\u00e9rard Filoche<\/a>, membre du bureau national du PS et ancien inspecteur du travail, non seulement le salari\u00e9 pourrait alors &#8220;librement&#8221; renoncer aux droits du Code du travail, mais le r\u00e8glement des litiges issu du nouveau contrat de droit civil ne pourrait plus \u00eatre confi\u00e9 \u00e0 la juridiction prud&#8217;homale. <\/p>\n<p>En r\u00e9alit\u00e9, il ne s\u2019agit pas de la premi\u00e8re br\u00e8che qu\u2019ouvre le gouvernement dans le droit du travail au nom du suppos\u00e9 &#8220;consentement&#8221; des employ\u00e9s : l\u2019ANI du 11 janvier 2013 et la loi du 14 juin 2013 permettent par exemple de ne pas respecter le plancher de vingt-quatre heures hebdomadaires pour les temps partiels avec <em>\u00ab l\u2019accord \u00bb<\/em> du salari\u00e9. Quant au travail dominical promu par Macron, il serait r\u00e9serv\u00e9 aux <em>\u00ab volontaires \u00bb<\/em>. <\/p>\n<p>Reste que cette volont\u00e9 d\u2019isoler les salari\u00e9s et de sortir les rapports de travail du p\u00e9rim\u00e8tre de la loi pour les abandonner \u00e0 la &#8220;libert\u00e9 contractuelle&#8221; rappelle les mesures les plus socialement d\u00e9vastatrices des d\u00e9buts du capitalisme. Dans la foul\u00e9e de la R\u00e9volution fran\u00e7aise et de la restructuration de la soci\u00e9t\u00e9 au profit de la bourgeoisie, la loi Le Chapelier de 1791 avait pr\u00e9text\u00e9 de la lutte contre le corporatisme d\u2019ancien r\u00e9gime et de la d\u00e9fense de la &#8220;libert\u00e9 du travail&#8221; pour interdire les groupements professionnels et les coalitions ouvri\u00e8res. Or, comme le dira Karl Marx : <em>\u00ab Le travailleur libre, qui se rend sur le march\u00e9 libre pour y vendre sa peau, doit s&#8217;attendre \u00e0 \u00eatre tann\u00e9. \u00bb<\/em><br \/>\n<div id='gallery-1' class='gallery galleryid-8275 gallery-columns-3 gallery-size-thumbnail'><figure class='gallery-item'>\n\t\t\t<div class='gallery-icon landscape'>\n\t\t\t\t<a href='https:\/\/archives.regards.fr\/wp-content\/uploads\/2015\/01\/macron-droit-travail-2-193.jpg'><img loading=\"lazy\" decoding=\"async\" width=\"150\" height=\"150\" src=\"https:\/\/archives.regards.fr\/wp-content\/uploads\/2015\/01\/macron-droit-travail-2-193-150x150.jpg\" class=\"attachment-thumbnail size-thumbnail\" alt=\"macron-droit-travail-2.jpg\" \/><\/a>\n\t\t\t<\/div><\/figure>\n\t\t<\/div>\n<\/p>\n","protected":false},"excerpt":{"rendered":"<p>Ignorant d\u00e9lib\u00e9r\u00e9ment qu&#8217;il ne peut y avoir de &#8220;libert\u00e9&#8221;, de &#8220;consentement&#8221; ou de &#8220;volontariat&#8221; du salari\u00e9 face \u00e0 un employeur en position de force, la loi Macron met en \u0153uvre le r\u00eave du Medef, dans lequel le contrat remplace le droit du travail.<\/p>\n","protected":false},"author":1098,"featured_media":21326,"comment_status":"open","ping_status":"open","sticky":false,"template":"","format":"standard","meta":{"_themeisle_gutenberg_block_has_review":false,"footnotes":""},"categories":[157],"tags":[487,304],"class_list":["post-8275","post","type-post","status-publish","format-standard","has-post-thumbnail","hentry","category-web","tag-emmanuel-macron","tag-travail"],"_links":{"self":[{"href":"https:\/\/archives.regards.fr\/index.php?rest_route=\/wp\/v2\/posts\/8275","targetHints":{"allow":["GET"]}}],"collection":[{"href":"https:\/\/archives.regards.fr\/index.php?rest_route=\/wp\/v2\/posts"}],"about":[{"href":"https:\/\/archives.regards.fr\/index.php?rest_route=\/wp\/v2\/types\/post"}],"author":[{"embeddable":true,"href":"https:\/\/archives.regards.fr\/index.php?rest_route=\/wp\/v2\/users\/1098"}],"replies":[{"embeddable":true,"href":"https:\/\/archives.regards.fr\/index.php?rest_route=%2Fwp%2Fv2%2Fcomments&post=8275"}],"version-history":[{"count":0,"href":"https:\/\/archives.regards.fr\/index.php?rest_route=\/wp\/v2\/posts\/8275\/revisions"}],"wp:featuredmedia":[{"embeddable":true,"href":"https:\/\/archives.regards.fr\/index.php?rest_route=\/wp\/v2\/media\/21326"}],"wp:attachment":[{"href":"https:\/\/archives.regards.fr\/index.php?rest_route=%2Fwp%2Fv2%2Fmedia&parent=8275"}],"wp:term":[{"taxonomy":"category","embeddable":true,"href":"https:\/\/archives.regards.fr\/index.php?rest_route=%2Fwp%2Fv2%2Fcategories&post=8275"},{"taxonomy":"post_tag","embeddable":true,"href":"https:\/\/archives.regards.fr\/index.php?rest_route=%2Fwp%2Fv2%2Ftags&post=8275"}],"curies":[{"name":"wp","href":"https:\/\/api.w.org\/{rel}","templated":true}]}}