{"id":8271,"date":"2015-01-19T15:17:58","date_gmt":"2015-01-19T14:17:58","guid":{"rendered":"https:\/\/wp.muchomaas.com\/article-les-verts-rejoignent-le-front-de\/"},"modified":"2015-01-19T15:17:58","modified_gmt":"2015-01-19T14:17:58","slug":"article-les-verts-rejoignent-le-front-de","status":"publish","type":"post","link":"https:\/\/archives.regards.fr\/?p=8271","title":{"rendered":"Les Verts rejoignent le Front de gauche autour de Syriza"},"content":{"rendered":"<p class=\"post_excerpt\">Avec la perspective des \u00e9lections r\u00e9gionales, Europe \u00c9cologie-Les Verts se rapproche encore du Front de gauche. Le soutien \u00e0 la coalition men\u00e9e par Syriza en Gr\u00e8ce donne \u00e0 voir une convergence nourrie des d\u00e9bats et des mobilisations locales.<\/p>\n<p>Un meeting pour ouvrir les portes. C\u2019est ce que pourrait symboliser la r\u00e9union publique de soutien au peuple grec, et de facto \u00e0 la coalition men\u00e9e par Alexis Tsipras et Syriza, qui se tient ce lundi 19 janvier au soir \u00e0 Paris. Le week-end pass\u00e9, le Conseil f\u00e9d\u00e9ral d\u2019Europe \u00c9cologie-Les Verts (EELV) a mis un pied en direction d\u2019une alliance avec le Front de gauche, dans un premier temps. C\u2019est ce que symbolise la pr\u00e9sence de C\u00e9cile Duflot, au gymnase Japy, aux c\u00f4t\u00e9s de Cl\u00e9mentine Autain, Pierre Laurent et Jean-Luc M\u00e9lenchon, mais aussi de l&#8217;eurod\u00e9put\u00e9 PS Guillaume Balas. <\/p>\n<p><strong><em>\u00ab Un pied dans la porte de l\u2019alliance avec le Front de gauche \u00bb<br \/>\n<\/strong><\/em><\/p>\n<p>Le vote ultra-majoritaire (3 votes contre et 3 abstentions sur une centaine d\u2019exprim\u00e9s) du conseil f\u00e9d\u00e9ral EELV en soutien \u00e0 la d\u00e9marche des \u00e9colos grecs, qui ont rejoint Syriza pour pr\u00e9senter une liste commune aux \u00e9lections l\u00e9gislatives du dimanche \u00e0 venir, a donc une port\u00e9e franco-fran\u00e7aise. Le porte-parole du parti \u00e9colo, Julien Bayou, ne le cache pas.<em> \u00ab C\u2019est clairement un pied dans la porte de l\u2019alliance avec le Front de gauche \u00bb, <\/em>tranche le jeune conseiller r\u00e9gional. Qui pr\u00e9cise qu\u2019elle se nourrit de plusieurs forces convergentes :<em> \u00ab C\u2019est la prise en compte de l\u2019\u00e9chec de notre participation au gouvernement mais aussi de ce qui se passe en Europe \u00bb <\/em> (lire aussi : <a href=\"https:\/\/wp.muchomaas.com\/web\/article\/sergio-coronado-les-elections-de\">Sergio Coronado : \u00ab Les \u00e9lections de 2015 peuvent \u00eatre l\u2019occasion de tenter une alliance avec le Front de gauche \u00bb<\/a>).<\/p>\n<p>L\u2019affaire &#8220;Lux Leaks&#8221;, qui a permis de r\u00e9v\u00e9ler que le Luxembourg favorise l\u2019\u00e9vasion fiscale des grosses soci\u00e9t\u00e9s, est l\u2019une d\u2019entre-elles. <a href=\"https:\/\/wp.muchomaas.com\/web\/les-verts-et-le-front-de-gauche-se,7844\">Les <em>\u00ab discussions approfondies \u00bb<\/em> entre \u00e9lus de la gauche radicale et \u00e9lus \u00e9colos<\/a> ont permis d\u2019\u00e9viter que l\u2019union des \u00e9lus du Parti socialiste europ\u00e9en et de la droite ne fasse passer ce scandale europ\u00e9en \u00e0 la trappe. Dans ce contexte, la possible victoire de Syriza <em>\u00ab constitue un espoir pour la Gr\u00e8ce, pour l\u2019Europe mais aussi pour la France \u00bb<\/em>, rel\u00e8ve Julien Bayou. Au-del\u00e0 de la lutte contre l\u2019aust\u00e9rit\u00e9 en Gr\u00e8ce, l\u2019enjeu est celui de la r\u00e9orientation des politiques europ\u00e9ennes. Pour Sandrine Rousseau, l\u2019autre porte-parole d\u2019EELV, <em>\u00ab l\u2019arriv\u00e9e au pouvoir de Syriza en Gr\u00e8ce est une opportunit\u00e9 pour l\u2019Europe et permettrait l\u2019expression d\u2019une opposition d\u00e9mocratique aux politiques men\u00e9es \u00bb<\/em>.<\/p>\n<p><strong><em>La gauche \u00e9cologiste et radicale au pied du mur<br \/>\n<\/strong><\/em><\/p>\n<p>Un espoir que le r\u00e9sultat des \u00e9lections europ\u00e9ennes de juin 2014 rend n\u00e9cessaire. La d\u00e9route des municipales puis la victoire du Front national ont mis les forces de la gauche \u00e9cologiste et radicale au pied du mur. Les rencontres se sont succ\u00e9d\u00e9es tout au long de l\u2019\u00e9t\u00e9. Initi\u00e9es <a href=\"https:\/\/wp.muchomaas.com\/web\/l-ecologie-politique-point-de,7976\">par <em>Reporterre<\/em><\/a> ou par tel d\u00e9put\u00e9, prenant place dans le cadre habituel des universit\u00e9s d\u2019\u00e9t\u00e9 des sensibilit\u00e9s ou des partis ou de mani\u00e8re plus informelle, elles ont permis de mettre sur la table le commun des \u00e9colos, du Front de gauche, voire de certains frondeurs du Parti socialiste. <em>\u00ab Le traumatisme des europ\u00e9ennes a acc\u00e9l\u00e9r\u00e9 la maturation politique \u00e0 gauche \u00bb<\/em>, r\u00e9sume Julien Bayou. Cette mise sur la table des analyses et propositions des uns et des autres a enfin \u00e9t\u00e9 aliment\u00e9e par les exp\u00e9riences et mobilisations locales : de la municipalit\u00e9 verte-rouge de Grenoble aux batailles pour la zone autonome de d\u00e9fense de Sivens dans le Tarn ou encore autour de l\u2019a\u00e9roport de Notre-Dame des Landes.<\/p>\n<p>Toutes ces r\u00e9unions, plus ou moins publiques, d\u00e9bouchent sur une nouvelle perspective, dont l\u2019\u00e9ch\u00e9ance se fixe dans les mois \u00e0 venir. C\u2019est bien la bataille des r\u00e9gionales qui va servir de thermom\u00e8tre de cette dynamique potentielle.<em> \u00ab Plus qu\u2019une alliance, nous esp\u00e9rons un projet commun, notamment en \u00cele-de-France \u00bb<\/em>, souligne Julien Bayou. Il va falloir que la gauche passe les d\u00e9partementales de mars prochain par pertes et profits, les coups \u00e9tant d\u00e9j\u00e0 partis dans la plupart des d\u00e9partements.<\/p>\n<p><strong><em>Des alliances encore hypoth\u00e9tiques<br \/>\n<\/strong><\/em><\/p>\n<p>Malgr\u00e9 la qualit\u00e9 du vote du conseil f\u00e9d\u00e9ral du week-end, tout ne sera pas rose dans les semaines \u00e0 venir du c\u00f4t\u00e9 des Verts. Il y a quelques mois d\u00e9j\u00e0, <a href=\"https:\/\/wp.muchomaas.com\/web\/jean-vincent-place-lorgne-au,7773\">Jean-Vincent Plac\u00e9<\/a> avait mis en garde : une alliance avec le Front de gauche pourrait d\u00e9boucher sur une scission au sein d\u2019EELV. Une menace \u00e0 laquelle Julien Bayou r\u00e9pond avec placidit\u00e9 : <em>\u00ab On s\u2019engage en politique pour des id\u00e9es. Nous avons fait l\u2019exp\u00e9rience cruelle que notre participation au gouvernement n\u2019a pas fait avancer les id\u00e9es \u00e9colos. \u00bb<\/em><\/p>\n<p>Contact\u00e9e dans l\u2019apr\u00e8s-midi, Emmanuelle Cosse, secr\u00e9taire nationale d\u2019EELV, ne fait pas la m\u00eame lecture du vote du conseil f\u00e9d\u00e9ral de sa formation. Celle qui est aussi signataire de l\u2019appel <a href=\"http:\/\/www.humanite.fr\/petition-grece-rendons-leur-la-democratie-troika-basta-561708\">&#8220;Gr\u00e8ce rendons-leur la d\u00e9mocratie ! Tro\u00efka Basta !&#8221;<\/a> rel\u00e8ve le soutien \u00e0 Syriza, favoris\u00e9 par le rapprochement r\u00e9cent avec les \u00e9colos grecs, <em>\u00ab sur des bases politiques claires, dont la sortie de l\u2019aust\u00e9rit\u00e9, la question de l\u2019imp\u00f4t, la protection de l\u2019environnement \u00bb.<\/em> Mais elle tient \u00e0 diff\u00e9rencier cet engagement d\u2019un \u00e9ventuel rapprochement avec le Front de gauche, en soulignant la pr\u00e9sence au meeting de Japy de Guillaume Balas, un des dirigeants des frondeurs socialistes. <em>\u00ab La question des alliances ne se pose pas encore et surtout pas ce soir \u00bb<\/em>, conclut Emmanuelle Cosse.<\/p>\n<p><strong><a href=\"http:\/\/syriza-fr.org\/2015\/01\/17\/meeting-de-solidarite-avec-le-peuple-grec-en-presence-de-syriza-19-janvier\/\">Grand Meeting de solidarit\u00e9 avec le peuple grec<\/a><\/strong> en pr\u00e9sence de Syriza. Gymnase Japy (Paris) 19 Janvier \u00e0 19h30. \u00c0 suivre \u00e9galement sur le compte Twitter <a href=\"https:\/\/twitter.com\/Regards_fr\">@Regards_fr<\/a>.<\/p>\n","protected":false},"excerpt":{"rendered":"<p>Avec la perspective des \u00e9lections r\u00e9gionales, Europe \u00c9cologie-Les Verts se rapproche encore du Front de gauche. Le soutien \u00e0 la coalition men\u00e9e par Syriza en Gr\u00e8ce donne \u00e0 voir une convergence nourrie des d\u00e9bats et des mobilisations locales.<\/p>\n","protected":false},"author":1149,"featured_media":0,"comment_status":"open","ping_status":"open","sticky":false,"template":"","format":"standard","meta":{"_themeisle_gutenberg_block_has_review":false,"footnotes":""},"categories":[157],"tags":[457,452,478],"class_list":["post-8271","post","type-post","status-publish","format-standard","hentry","category-web","tag-eelv","tag-front-de-gauche","tag-syriza"],"_links":{"self":[{"href":"https:\/\/archives.regards.fr\/index.php?rest_route=\/wp\/v2\/posts\/8271","targetHints":{"allow":["GET"]}}],"collection":[{"href":"https:\/\/archives.regards.fr\/index.php?rest_route=\/wp\/v2\/posts"}],"about":[{"href":"https:\/\/archives.regards.fr\/index.php?rest_route=\/wp\/v2\/types\/post"}],"author":[{"embeddable":true,"href":"https:\/\/archives.regards.fr\/index.php?rest_route=\/wp\/v2\/users\/1149"}],"replies":[{"embeddable":true,"href":"https:\/\/archives.regards.fr\/index.php?rest_route=%2Fwp%2Fv2%2Fcomments&post=8271"}],"version-history":[{"count":0,"href":"https:\/\/archives.regards.fr\/index.php?rest_route=\/wp\/v2\/posts\/8271\/revisions"}],"wp:attachment":[{"href":"https:\/\/archives.regards.fr\/index.php?rest_route=%2Fwp%2Fv2%2Fmedia&parent=8271"}],"wp:term":[{"taxonomy":"category","embeddable":true,"href":"https:\/\/archives.regards.fr\/index.php?rest_route=%2Fwp%2Fv2%2Fcategories&post=8271"},{"taxonomy":"post_tag","embeddable":true,"href":"https:\/\/archives.regards.fr\/index.php?rest_route=%2Fwp%2Fv2%2Ftags&post=8271"}],"curies":[{"name":"wp","href":"https:\/\/api.w.org\/{rel}","templated":true}]}}