{"id":8269,"date":"2015-01-19T12:22:14","date_gmt":"2015-01-19T11:22:14","guid":{"rendered":"https:\/\/wp.muchomaas.com\/article-teresa-rodriguez-l-anti-iglesias\/"},"modified":"2015-01-19T12:22:14","modified_gmt":"2015-01-19T11:22:14","slug":"article-teresa-rodriguez-l-anti-iglesias","status":"publish","type":"post","link":"https:\/\/archives.regards.fr\/?p=8269","title":{"rendered":"Teresa Rodriguez, l&#8217;anti-Iglesias de Podemos"},"content":{"rendered":"<p class=\"post_excerpt\">Teresa Rodriguez s&#8217;est fait conna\u00eetre en entrant au Parlement europ\u00e9en, mais elle peine \u00e0 se faire une place au c\u00f4t\u00e9 du charismatique Pablo Iglesias. Briguant la r\u00e9gion Andalousie, elle esp\u00e8re cr\u00e9er un contre-pouvoir au sein de Podemos. Portrait d&#8217;un \u00e9lectron libre.<\/p>\n<p>Le 15 mai 2014, \u00e0 trente-trois ans, Teresa Rodriguez devenait d\u00e9put\u00e9e europ\u00e9enne sous la banni\u00e8re du mouvement espagnol Podemos. \u00c0 l&#8217;\u00e9poque, elle arborait encore fi\u00e8rement sa double appartenance politique avec Izquierda anticapitalista (IA, Gauche anticapitaliste), parti d&#8217;extr\u00eame gauche proche de notre NPA, qui fut l&#8217;une des organisations fondatrices de Podemos. IA d\u00e9fendait avec ardeur les id\u00e9aux des Indign\u00e9s, notamment l&#8217;horizontalisme des d\u00e9cisions (lire aussi <a href=\"https:\/\/wp.muchomaas.com\/web\/podemos-anatomie-d-un-objet,8050\">&#8220;Podemos, un objet politique en mutation&#8221;<\/a>). <\/p>\n<p>C&#8217;est cette ligne politique que Teresa Rodriguez d\u00e9fend, ralli\u00e9e \u00e0 Pablo Echenique, une des figures les plus influentes du mouvement, et lui aussi eurod\u00e9put\u00e9 Podemos. Ils se mettent en lice dans le processus organisationnel de Podemos en tant que parti, lors de l&#8217;Assembl\u00e9e citoyenne qui s&#8217;est tenu en octobre dernier. Echenique, Rodriguez et quelques autres n&#8217;arriveront pas \u00e0 peser substantiellement, n&#8217;obtenant que 12,37% des voix, contre 80,71% pour l&#8217;\u00e9quipe d&#8217;Iglesias.<\/p>\n<p><strong><em>Farouchement militante<br \/>\n<\/strong><\/em><\/p>\n<p>Depuis son \u00e9lection \u00e0 la t\u00eate du parti, Iglesias a fait adopter une nouvelle r\u00e8gle : un membre de Podemos ne peut \u00eatre affili\u00e9 \u00e0 un autre parti. Cette r\u00e8gle ne vise concr\u00e8tement que IA, et donc Teresa Rodriguez. Mais cette derni\u00e8re n&#8217;est pas du genre \u00e0 se laisser mettre hors-jeu si facilement. Gr\u00e2ce \u00e0 un tour de passe-passe, Rodriguez r\u00e9ussira \u00e0 demeurer membre \u00e0 part enti\u00e8re de Podemos : le 17 et 18 janvier, IA tenait son congr\u00e8s au cours duquel a \u00e9t\u00e9 d\u00e9cid\u00e9 que <a href=\"http:\/\/www.cuartopoder.es\/deidayvuelta\/2014\/12\/21\/izquierda-anticapitalista-se-convertira-en-asociacion-para-poder-optar-cargos-internos-de-podemos\/1111\">le parti serait dissout puis refond\u00e9 en association<\/a>. Ainsi, Teresa Rodriguez peut continuer d&#8217;\u00eatre membre de l&#8217;association &#8220;Anticapitalistas&#8221; sans enfreindre le r\u00e8glement d&#8217;Iglesias. Ce dernier n&#8217;en a pas fini avec l&#8217;Andalouse.<\/p>\n<p>N\u00e9e en 1981 \u00e0 Rota, en Andalousie, Teresa Rodiguez commence sa &#8220;carri\u00e8re&#8221; de militante d\u00e8s l&#8217;\u00e2ge de quinze ans, \u00e0 l&#8217;occasion de manifestations contre les coupes budg\u00e9taires dans l&#8217;\u00e9ducation. Elle fera \u00e9galement du droit des femmes son combat, notamment \u00e0 travers la probl\u00e9matique de l&#8217;avortement, droit encore trop peu accord\u00e9 dans la pratique. Jusqu&#8217;en 2008, Rodriguez est membre de Izquierda unida (IU, Gauche unie) qu&#8217;elle abandonne car elle consid\u00e8re que le parti est trop proche du PSOE. Avec d&#8217;autres de IU, elle fonde Izquierda anticapitalista dans la province de Cadiz. Parall\u00e8lement, elle enseigne l&#8217;espagnol et la litt\u00e9rature dans le secondaire. Toujours tr\u00e8s critique \u00e0 l&#8217;\u00e9gard des diff\u00e9rents gouvernements, du capitalisme et de la soci\u00e9t\u00e9 de consommation, elle d\u00e9clarait en 2011 vouloir<em> <a href=\"http:\/\/www.diariobahiadecadiz.com\/detalle-noticia-11906\">\u00ab changer le syst\u00e8me \u00bb<\/a><\/em>.<\/p>\n<p><strong><em>Une alliance pour remporter l&#8217;Andalousie<br \/>\n<\/strong><\/em><\/p>\n<p>Il faudra attendre l&#8217;av\u00e8nement de Podemos pour faire esp\u00e9rer aux anticapitalistes la possibilit\u00e9 de peser dans le paysage politique. En moins d&#8217;un an, Podemos change l&#8217;utopie de Teresa Rodriguez en programme politique envisageable aux yeux des Espagnols. Il est loin le temps o\u00f9, aux municipales de 2011, Rodriguez n&#8217;obtenait que 1,56% des suffrages \u00e0 Cadiz. D\u00e9sormais, elle brigue la r\u00e9gion, et tout d&#8217;abord la t\u00eate de Podemos pour celle-ci, avec l&#8217;appui de Pablo Iglesias en personne. Sa seule condition, qu&#8217;elle s&#8217;allie \u00e0 Sergio Pascual, un proche d&#8217;Iglesias, afin de former la candidature <em>\u00ab la plus forte possible pour l&#8217;Andalousie \u00bb<\/em>, mais aussi pour que l&#8217;organe central garde un \u0153il sur elle. <a href=\"http:\/\/www.cuartopoder.es\/deidayvuelta\/2015\/01\/07\/teresa-rodriguez-valoro-con-alegria-que-el-consenso-para-integrar-la-pluralidad-en-podemos-sea-posible-ahora\/1274\">Teresa Rodriguez commentait \u00e0 ce sujet<\/a> : <em>\u00ab Les d\u00e9bats sur les postures organisationnelles, avec des perspectives diff\u00e9rentes, ne sont pas incompatibles. \u00bb<\/em><\/p>\n<p>Mais si les tensions entre Iglesias et Rodriguez semblent avoir \u00e9t\u00e9 mises de c\u00f4t\u00e9 d&#8217;un commun accord, c&#8217;est pour que Podemos remporte un maximum de scrutins. La rivale est maintenant Susana D\u00edaz, membre du PSOE et actuelle pr\u00e9sidente de la communaut\u00e9 autonome d&#8217;Andalousie, que Teresa Rodriguez a qualifi\u00e9e de<em> <a href=\"http:\/\/www.publico.es\/politica\/susana-diaz-punta-del-iceberg.html\">\u00ab partie immerg\u00e9e de l&#8217;iceberg du client\u00e9lisme andalou \u00bb<\/a><\/em>. L&#8217;Andalousie est la r\u00e9gion la plus touch\u00e9e par le ch\u00f4mage en Europe (35% de la population et 62% des moins de vingt-cinq ans), mais aussi une des r\u00e9gions les plus riches en cercles Podemos (172 cercles et plus de 41.000 inscrits). C&#8217;est avec cette force citoyenne et ce bilan catastrophique des d\u00e9cennies PSOE que Rodriguez compte bien relever ce d\u00e9fi de <em>\u00ab sortir l&#8217;Andalousie du sous-d\u00e9veloppement \u00e9conomique \u00bb<\/em>. <\/p>\n<p>Reste \u00e0 savoir si l\u2019unit\u00e9 pr\u00f4n\u00e9e par Iglesias, et de fait approuv\u00e9e par Rodriguez, tiendra sur le long terme. Les \u00e9lections r\u00e9gionales se tiendront le 22 mars prochain et tout ce qui est certain, c\u2019est que la guerre des chefs n\u2019est pas encore termin\u00e9e \u00e0 Podemos.<\/p>\n<p><strong>Lire aussi<\/strong> : <a href=\"https:\/\/wp.muchomaas.com\/web\/jorge-lago-podemos-nous-voulons,7792\">Jorge Lago (Podemos) : \u00ab Nous voulons repr\u00e9senter une majorit\u00e9 sociale \u00bb<\/a><\/p>\n","protected":false},"excerpt":{"rendered":"<p>Teresa Rodriguez s&#8217;est fait conna\u00eetre en entrant au Parlement europ\u00e9en, mais elle peine \u00e0 se faire une place au c\u00f4t\u00e9 du charismatique Pablo Iglesias. Briguant la r\u00e9gion Andalousie, elle esp\u00e8re cr\u00e9er un contre-pouvoir au sein de Podemos. Portrait d&#8217;un \u00e9lectron libre.<\/p>\n","protected":false},"author":1203,"featured_media":0,"comment_status":"open","ping_status":"open","sticky":false,"template":"","format":"standard","meta":{"_themeisle_gutenberg_block_has_review":false,"footnotes":""},"categories":[157],"tags":[419,483],"class_list":["post-8269","post","type-post","status-publish","format-standard","hentry","category-web","tag-espagne","tag-podemos"],"_links":{"self":[{"href":"https:\/\/archives.regards.fr\/index.php?rest_route=\/wp\/v2\/posts\/8269","targetHints":{"allow":["GET"]}}],"collection":[{"href":"https:\/\/archives.regards.fr\/index.php?rest_route=\/wp\/v2\/posts"}],"about":[{"href":"https:\/\/archives.regards.fr\/index.php?rest_route=\/wp\/v2\/types\/post"}],"author":[{"embeddable":true,"href":"https:\/\/archives.regards.fr\/index.php?rest_route=\/wp\/v2\/users\/1203"}],"replies":[{"embeddable":true,"href":"https:\/\/archives.regards.fr\/index.php?rest_route=%2Fwp%2Fv2%2Fcomments&post=8269"}],"version-history":[{"count":0,"href":"https:\/\/archives.regards.fr\/index.php?rest_route=\/wp\/v2\/posts\/8269\/revisions"}],"wp:attachment":[{"href":"https:\/\/archives.regards.fr\/index.php?rest_route=%2Fwp%2Fv2%2Fmedia&parent=8269"}],"wp:term":[{"taxonomy":"category","embeddable":true,"href":"https:\/\/archives.regards.fr\/index.php?rest_route=%2Fwp%2Fv2%2Fcategories&post=8269"},{"taxonomy":"post_tag","embeddable":true,"href":"https:\/\/archives.regards.fr\/index.php?rest_route=%2Fwp%2Fv2%2Ftags&post=8269"}],"curies":[{"name":"wp","href":"https:\/\/api.w.org\/{rel}","templated":true}]}}