{"id":8227,"date":"2015-01-09T01:41:46","date_gmt":"2015-01-09T00:41:46","guid":{"rendered":"https:\/\/wp.muchomaas.com\/article-avec-charlie-hebdo-contre-la-haine\/"},"modified":"2015-01-09T01:41:46","modified_gmt":"2015-01-09T00:41:46","slug":"article-avec-charlie-hebdo-contre-la-haine","status":"publish","type":"post","link":"https:\/\/archives.regards.fr\/?p=8227","title":{"rendered":"Avec Charlie Hebdo, contre la haine, pour la libert\u00e9"},"content":{"rendered":"<p class=\"post_excerpt\">Mercredi soir, Mediapart organisait une &#8220;veill\u00e9e&#8221; en invitant les repr\u00e9sentants de nombreux m\u00e9dias \u00e0 d&#8217;exprimer sur l&#8217;attentat ayant frapp\u00e9 la r\u00e9daction des Charlie Hebdo. Des interventions \u00e0 revoir en vid\u00e9o.<\/p>\n<p><iframe loading=\"lazy\" width=\"460\" height=\"259\" src=\"\/\/www.youtube.com\/embed\/kzp4Mni-QCM?rel=0\" frameborder=\"0\" allowfullscreen><\/iframe><\/p>\n","protected":false},"excerpt":{"rendered":"<p>Mercredi soir, Mediapart organisait une &#8220;veill\u00e9e&#8221; en invitant les repr\u00e9sentants de nombreux m\u00e9dias \u00e0 d&#8217;exprimer sur l&#8217;attentat ayant frapp\u00e9 la r\u00e9daction des Charlie Hebdo. Des interventions \u00e0 revoir en vid\u00e9o.<\/p>\n","protected":false},"author":1,"featured_media":0,"comment_status":"open","ping_status":"open","sticky":false,"template":"","format":"standard","meta":{"_themeisle_gutenberg_block_has_review":false,"footnotes":""},"categories":[208],"tags":[359],"class_list":["post-8227","post","type-post","status-publish","format-standard","hentry","category-vigie-idees","tag-exclure-de-la-home"],"_links":{"self":[{"href":"https:\/\/archives.regards.fr\/index.php?rest_route=\/wp\/v2\/posts\/8227","targetHints":{"allow":["GET"]}}],"collection":[{"href":"https:\/\/archives.regards.fr\/index.php?rest_route=\/wp\/v2\/posts"}],"about":[{"href":"https:\/\/archives.regards.fr\/index.php?rest_route=\/wp\/v2\/types\/post"}],"author":[{"embeddable":true,"href":"https:\/\/archives.regards.fr\/index.php?rest_route=\/wp\/v2\/users\/1"}],"replies":[{"embeddable":true,"href":"https:\/\/archives.regards.fr\/index.php?rest_route=%2Fwp%2Fv2%2Fcomments&post=8227"}],"version-history":[{"count":0,"href":"https:\/\/archives.regards.fr\/index.php?rest_route=\/wp\/v2\/posts\/8227\/revisions"}],"wp:attachment":[{"href":"https:\/\/archives.regards.fr\/index.php?rest_route=%2Fwp%2Fv2%2Fmedia&parent=8227"}],"wp:term":[{"taxonomy":"category","embeddable":true,"href":"https:\/\/archives.regards.fr\/index.php?rest_route=%2Fwp%2Fv2%2Fcategories&post=8227"},{"taxonomy":"post_tag","embeddable":true,"href":"https:\/\/archives.regards.fr\/index.php?rest_route=%2Fwp%2Fv2%2Ftags&post=8227"}],"curies":[{"name":"wp","href":"https:\/\/api.w.org\/{rel}","templated":true}]}}