{"id":8211,"date":"2015-01-06T17:03:29","date_gmt":"2015-01-06T16:03:29","guid":{"rendered":"https:\/\/wp.muchomaas.com\/article-que-veut-cecile-duflot\/"},"modified":"2023-06-23T23:18:36","modified_gmt":"2023-06-23T21:18:36","slug":"article-que-veut-cecile-duflot","status":"publish","type":"post","link":"https:\/\/archives.regards.fr\/?p=8211","title":{"rendered":"Que veut C\u00e9cile Duflot ?"},"content":{"rendered":"<p class=\"post_excerpt\">L&#8217;ancienne ministre est pass\u00e9e en quelques mois \u00e0 une critique sans retenue de l&#8217;action gouvernementale. Au-del\u00e0 de ce discours radicalis\u00e9, quelles alliances politiques est-elle en mesure d&#8217;envisager \u00e0 l&#8217;occasion des prochaines \u00e9ch\u00e9ances ?<\/p>\n<p>Depuis son d\u00e9part du gouvernement au printemps dernier, C\u00e9cile Duflot exprime toujours plus fort ses indignations et ses col\u00e8res. Apr\u00e8s avoir fait le buzz en ao\u00fbt avec la publication d\u2019un livre br\u00fblot, elle dramatise  le conflit avec le pouvoir \u00e0 l\u2019automne autour de la mort de R\u00e9mi Fraisse, et tente d\u2019imposer une minute de silence dans l\u2019h\u00e9micycle de l\u2019Assembl\u00e9e nationale. En janvier, elle entend discr\u00e9diter la nouvelle passion verte de Fran\u00e7ois Hollande et s\u2019attaque au cr\u00e9do moderniste de l\u2019action du jeune ministre de l\u2019\u00c9conomie. <em>\u00ab Elle torpille la rentr\u00e9e de Hollande \u00bb<\/em>, se r\u00e9jouit <em>Le Figaro<\/em>. Ses missiles sont maintenant point\u00e9s vers la loi Macron. Elle les met \u00e0 feu <a href=\"http:\/\/www.lejdd.fr\/Politique\/Cecile-Duflot-Mettre-en-echec-la-loi-Macron-est-un-devoir-710284\">dans un entretien accord\u00e9 au <em>JDD<\/em> du 4 janvier<\/a>. <\/p>\n<p>Ce n\u2019est certes pas la premi\u00e8re fois que les \u00e9cologistes disent leur d\u00e9ception et leur d\u00e9saccord avec un projet gouvernemental. Mais cette fois, l\u2019ancienne ministre d\u00e9cide de marquer son opposition sur une loi dont la port\u00e9e est globale. La loi Macron est un renoncement environnemental et social, <em>\u00ab un grand bond en arri\u00e8re, une occasion manqu\u00e9e de changer de mod\u00e8le \u00bb, \u00ab un catalogue de vielles id\u00e9es des ann\u00e9es 1980 enfouies dans les cartons de Bercy \u00bb.<\/em> Elle y voit <em>\u00ab un net recul \u00e9cologique du quinquennat \u00bb<\/em>. Et elle va au bout : <em>\u00ab Mettre en \u00e9chec cette loi est un devoir pour tous ceux qui ont encore de l\u2019espoir et veulent inventer le si\u00e8cle qui vient. Parce que parfois le sursaut se fonde d\u2019abord sur un refus \u00bb.<\/em><\/p>\n<p><strong><em>Repositionner les Verts<br \/>\n<\/strong><\/em><\/p>\n<p>Assur\u00e9ment, C\u00e9cile Duflot passe un cap dont la port\u00e9e n\u2019\u00e9chappe \u00e0 personne. Elle le fait alors m\u00eame que les d\u00e9bats internes aux \u00e9cologistes restent toujours aussi polaris\u00e9s. Autour de Jean-Vincent Plac\u00e9 et Fran\u00e7ois de Rugy, des parlementaires &#8220;r\u00e9alos&#8221; militent pour un retour au gouvernement, tout en pr\u00e9parant l\u2019alliance des \u00e9cologistes\u2026 par del\u00e0 la gauche et la droite. O\u00f9 l\u2019art d\u2019accro\u00eetre leurs chances de devenir ministres, susurrent leurs opposants. C\u00e9cile Duflot s\u2019engage, elle, sur un autre chemin et entend bien gagner aussi en interne cette bataille. Apr\u00e8s avoir conduit les \u00e9cologistes \u00e0 passer un accord global de gouvernement et \u00e9lectoral avec le PS \u2013 dirig\u00e9 par Martine Aubry \u2013 elle veut repositionner son parti dans la perspective des deux ann\u00e9es \u00e0 venir. <\/p>\n<p>Par calcul, par conviction, par r\u00e9alisme, qui sait, C\u00e9cile Duflot ouvre de nouvelles pistes. Sans doute ne m\u00e9sestime-t-elle pas qu\u2019un nouvel accord avec le PS n\u2019assurera pas de rente de situation. Les places en 2015 et en 2017 seront tr\u00e8s ch\u00e8res. Les \u00e9cologistes y perdront des plumes, c\u2019est certain. L\u2019alliance avec le Front de gauche, hier impensable, entre d\u00e9sormais dans le champ des possibles. <\/p>\n<p>C\u00e9cile Duflot est-elle devenue une convertie de l\u2019alternative radicale ? C\u2019est d\u2019abord l\u2019inflexion gouvernementale que les \u00e9cologistes critiquent \u2013 pour ceux qui critiquent. Sergio Coronado, d\u00e9put\u00e9 \u00e9cologiste, <a href=\"http:\/\/www.lesinrocks.com\/2014\/12\/30\/actualite\/2014-vue-par-cecile-duflot-du-mal-faire-exister-un-avenir-11543136\/\">le disait tr\u00e8s clairement dans <em>Regards<\/em><\/a> : <em>\u00ab Fran\u00e7ois Hollande n\u2019a pas seulement gagn\u00e9 par antisarkozisme, mais aussi par le point d\u2019\u00e9quilibre du Bourget qui a permis que Jean-Luc M\u00e9lenchon et Eva Joly le soutiennent au second tour. \u00bb<\/em> (lire aussi : <a href=\"https:\/\/wp.muchomaas.com\/web\/elise-lowy-et-gilles-lemaire,7478\">&#8220;\u00c9lise Lowy et Gilles Lemaire : \u00ab Entra\u00eener EELV dans une rupture avec la politique lib\u00e9rale du gouvernement \u00bb&#8221;<\/a>)<\/p>\n<p><strong><em>Quel point d&#8217;\u00e9quilibre ?<br \/>\n<\/strong><\/em><\/p>\n<p>Quel sera la critique de gauche du hollandisme ? Derri\u00e8re l\u2019engagement de C\u00e9cile Duflot se joue aussi le tempo des prochains d\u00e9bats politiques fran\u00e7ais. Faut-il revenir au discours du Bourget, \u00e0 une gauche social-d\u00e9mocrate classique davantage incarn\u00e9e par Martine Aubry ? Au contraire, le temps est-il de sortir nettement des chemins qui produisent la crise globale ? Les deux discours coexistent chez les \u00e9cologistes  <em>\u00ab L\u2019axe strat\u00e9gique que je d\u00e9fends est le rassemblement du peuple de l\u2019\u00e9cologie en rupture, en confrontation sans compromis, avec le mode de d\u00e9veloppement actuel. Ce peuple-l\u00e0 regarde avec circonspection, et sans doute avec raison, le peu de r\u00e9sultats obtenus par notre longue marche dans les institutions \u00bb,<\/em>  assurait le m\u00eame Sergio Coronado. <\/p>\n<p>Tout aussi troublante, et sans doute troubl\u00e9e, C\u00e9cile Duflot peut, dans le m\u00eame entretien aux <em>Inrockuptibles<\/em>, dire \u00e0 la fois : <em>\u00ab Lors des municipales, les lecteurs de gauche n\u2019ont pas voulu voter. La solution propos\u00e9e par le pr\u00e9sident ? Continuer sa politique \u2013 cause de l\u2019\u00e9chec \u2013 plut\u00f4t que de la r\u00e9orienter. Il fallait partir \u00bb <\/em> ; et, plus loin, <em>\u00ab les zadistes posent de fa\u00e7on radicale des questions essentielles : comment vivons-nous ? Quelle est la finalit\u00e9 de la production ? \u00bb<\/em>. Le point d\u2019\u00e9quilibre id\u00e9ologique n\u2019est pas encore trouv\u00e9. L\u2019axe politique, non plus. <\/p>\n<p>Ce dernier reste encore tr\u00e8s flou. Duflot laisse ouverte toutes les hypoth\u00e8ses : rassembler EELV-Les Verts autour d\u2019une candidature autonome ? Elle sait que c\u2019est l&#8217;option la plus confortable en interne, mais qu&#8217;elle ne peut pas mener tr\u00e8s haut. Cela ne l\u2019emballe pas. Renouer avec un PS revenu sur les bases de l\u2019accord de 2011 ? Rien d\u2019irr\u00e9parable ne l\u2019interdit. Rassembler les \u00e9colos des deux rives ? Cela semble \u00eatre son point limite. S\u2019allier avec le Front de gauche ? Oui, en 2015, si cela peut permettre de passer devant le PS dans certaines r\u00e9gions et d\u00e9partements. Pour 2017 ? Les \u00e9lections de 2015 d\u00e9gageront des enseignements. C\u00e9cile Duflot n\u2019est pas press\u00e9e, elle veut voir.<div id='gallery-1' class='gallery galleryid-8211 gallery-columns-3 gallery-size-thumbnail'><figure class='gallery-item'>\n\t\t\t<div class='gallery-icon landscape'>\n\t\t\t\t<a href='https:\/\/archives.regards.fr\/wp-content\/uploads\/2015\/01\/duflot-va-e88.jpg'><img loading=\"lazy\" decoding=\"async\" width=\"150\" height=\"150\" src=\"https:\/\/archives.regards.fr\/wp-content\/uploads\/2015\/01\/duflot-va-e88-150x150.jpg\" class=\"attachment-thumbnail size-thumbnail\" alt=\"duflot-va.jpg\" \/><\/a>\n\t\t\t<\/div><\/figure>\n\t\t<\/div>\n<\/p>\n","protected":false},"excerpt":{"rendered":"<p>L&#8217;ancienne ministre est pass\u00e9e en quelques mois \u00e0 une critique sans retenue de l&#8217;action gouvernementale. Au-del\u00e0 de ce discours radicalis\u00e9, quelles alliances politiques est-elle en mesure d&#8217;envisager \u00e0 l&#8217;occasion des prochaines \u00e9ch\u00e9ances ?<\/p>\n","protected":false},"author":464,"featured_media":21239,"comment_status":"open","ping_status":"open","sticky":false,"template":"","format":"standard","meta":{"_themeisle_gutenberg_block_has_review":false,"footnotes":""},"categories":[157],"tags":[457],"class_list":["post-8211","post","type-post","status-publish","format-standard","has-post-thumbnail","hentry","category-web","tag-eelv"],"_links":{"self":[{"href":"https:\/\/archives.regards.fr\/index.php?rest_route=\/wp\/v2\/posts\/8211","targetHints":{"allow":["GET"]}}],"collection":[{"href":"https:\/\/archives.regards.fr\/index.php?rest_route=\/wp\/v2\/posts"}],"about":[{"href":"https:\/\/archives.regards.fr\/index.php?rest_route=\/wp\/v2\/types\/post"}],"author":[{"embeddable":true,"href":"https:\/\/archives.regards.fr\/index.php?rest_route=\/wp\/v2\/users\/464"}],"replies":[{"embeddable":true,"href":"https:\/\/archives.regards.fr\/index.php?rest_route=%2Fwp%2Fv2%2Fcomments&post=8211"}],"version-history":[{"count":0,"href":"https:\/\/archives.regards.fr\/index.php?rest_route=\/wp\/v2\/posts\/8211\/revisions"}],"wp:featuredmedia":[{"embeddable":true,"href":"https:\/\/archives.regards.fr\/index.php?rest_route=\/wp\/v2\/media\/21239"}],"wp:attachment":[{"href":"https:\/\/archives.regards.fr\/index.php?rest_route=%2Fwp%2Fv2%2Fmedia&parent=8211"}],"wp:term":[{"taxonomy":"category","embeddable":true,"href":"https:\/\/archives.regards.fr\/index.php?rest_route=%2Fwp%2Fv2%2Fcategories&post=8211"},{"taxonomy":"post_tag","embeddable":true,"href":"https:\/\/archives.regards.fr\/index.php?rest_route=%2Fwp%2Fv2%2Ftags&post=8211"}],"curies":[{"name":"wp","href":"https:\/\/api.w.org\/{rel}","templated":true}]}}