{"id":8202,"date":"2015-01-04T14:46:49","date_gmt":"2015-01-04T13:46:49","guid":{"rendered":"https:\/\/wp.muchomaas.com\/article-l-honneur-de-thomas-piketty\/"},"modified":"2023-07-03T14:34:29","modified_gmt":"2023-07-03T12:34:29","slug":"article-l-honneur-de-thomas-piketty","status":"publish","type":"post","link":"https:\/\/archives.regards.fr\/?p=8202","title":{"rendered":"L\u2019honneur de Thomas Piketty"},"content":{"rendered":"<p class=\"post_excerpt\">Le gouvernement l\u2019ayant d\u00e9cr\u00e9t\u00e9 honorable, Thomas Piketty a r\u00e9pliqu\u00e9 par un &#8220;pas vous, pas \u00e7a&#8221; qui a fait du bruit. Il a aussi consid\u00e9r\u00e9 que le gouvernement ferait mieux de s\u2019employer \u00e0 r\u00e9aliser un choc politique \u00e0 gauche en Europe. Une s\u00e9quence tout \u00e0 son honneur.<\/p>\n<p>En ce premier jour de 2015, il est donc revenu \u00e0 un \u00e9conomiste, Thomas Piketty, l\u2019honneur d\u2019avoir refus\u00e9 de faire partie des l\u00e9gionnaires d\u00e9cor\u00e9s par le gouvernement. En quoi il se distingue de ses distingu\u00e9s coll\u00e8gues m\u00e9daill\u00e9s (de Maurice Allais \u00e0 Jean Tirole en passant par Philippe Aghion, Agn\u00e8s Benassy-Qu\u00e9r\u00e9, Jean-Paul Betbeze, Christian de Boissieu, Jean-Michel Charpin, Laurence Boone, Daniel Cohen, Elie Cohen, Jean-Philippe Cotis, Mich\u00e8le Debonneuil, Jean-Herv\u00e9 Lorenzi, Pierre Alain Muet, Jean Pisani-Ferry, etc., etc.) dont aucun ne l\u2019a refus\u00e9.<\/p>\n<p><strong><em>Refus motiv\u00e9<br \/>\n<\/strong><\/em><\/p>\n<p>Dans son acte et ses motifs (<em>\u00ab Ce n\u2019est pas au gouvernement de d\u00e9cider qui est honorable \u00bb<\/em>), Thomas Piketty rejoint <a href=\"http:\/\/fr.wikipedia.org\/wiki\/Cat%C3%A9gorie:Personnalit%C3%A9_ayant_refus%C3%A9_la_L%C3%A9gion_d%27honneur\">une cohorte d\u2019illustres ou moins illustres personnalit\u00e9s<\/a>, le plus souvent \u00e9crivains, peintres ou po\u00e8tes qui, par leur refus de la l\u00e9gion d\u2019honneur, ont partag\u00e9, au cours des temps, l\u2019ardente volont\u00e9 que la libert\u00e9 guide toujours leurs pas. On se reportera notamment \u00e0 <a href=\"http:\/\/www.liberation.fr\/culture\/2013\/01\/02\/tardi-refuse-la-legion-d-honneur_871202\">ce qu\u2019a dit Jacques Tardi<\/a> ou au texte d\u2019Edwy Plenel, en date du 24 juillet 2008 <a href=\"http:\/\/blogs.mediapart.fr\/blog\/edwy-plenel\/240708\/la-legion-d-honneur-de-monsieur-courbet\">&#8220;La L\u00e9gion d&#8217;honneur de Monsieur Courbet&#8221;<\/a>.  <\/p>\n<p>Outre la formidable comparaison par Courbet des l\u00e9gionnaires et des moutons de la foire d\u2019Ornans marqu\u00e9s d\u2019un trait rouge \u2013 et ainsi d\u00e9sign\u00e9s pour l\u2019abattoir \u2013, il faut souligner ce qu\u2019\u00e9crit Edwy Plenel sur les intellectuels et les journalistes : <em>\u00ab L&#8217;intellectuel suppos\u00e9ment critique et le journaliste suppos\u00e9ment libre ne devraient-ils pas s&#8217;ent\u00eater \u00e0 refuser ces distinctions \u00e9tatiques qui les annexent, les apprivoisent et les circonviennent ? \u00bb<\/em> Ce qui, a contrario, en dit long sur ce que la plupart des \u00e9conomistes (ceux qui ont accept\u00e9 la d\u00e9coration ou ceux qui ne demandent qu\u2019\u00e0 la recevoir) pensent d\u2019eux-m\u00eames. Ils se consid\u00e8rent sans doute comme des intellectuels, mais pas <em>\u00ab suppos\u00e9ment critiques \u00bb<\/em>. Plut\u00f4t des conseillers des princes pour qui la l\u00e9gion d\u2019honneur est \u00e0 la fois r\u00e9compense et signe de comp\u00e9tence.<\/p>\n<p><strong><em>\u00ab Renomm\u00e9e internationale \u00bb<br \/>\n<\/strong><\/em><\/p>\n<p>Le gouvernement, en la personne de sa secr\u00e9taire d\u2019\u00c9tat charg\u00e9e de l\u2019Enseignement sup\u00e9rieur et de la Recherche, Genevi\u00e8ve Fioraso, dit avoir voulu <em>\u00ab rendre hommage au travail de recherche d&#8217;excellence men\u00e9 par Thomas Piketty au sein de l&#8217;\u00e9cole d&#8217;\u00e9conomie de Paris \u00bb<\/em>. Elle l\u00e2che, en fait, le fond de la pens\u00e9e gouvernementale en soulignant que ce qui m\u00e9ritait d\u2019\u00eatre distingu\u00e9 par la R\u00e9publique fran\u00e7aise \u00e9tait que <em>\u00ab ce travail b\u00e9n\u00e9ficie d&#8217;une renomm\u00e9e internationale \u00bb<\/em>. Bref, c\u2019est le best-seller et la c\u00e9l\u00e9brit\u00e9 que l\u2019on a voulu d\u00e9corer. Car, pour ce qui est du contenu des travaux de l\u2019\u00e9conomiste (au demeurant discutables : lire <a href=\"https:\/\/wp.muchomaas.com\/web\/Les-economistes-ne-sont-pas-tous,7088#2\">&#8220;It&#8217;s the capital, stupid !&#8221;<\/a> et <a href=\"https:\/\/wp.muchomaas.com\/web\/article\/ce-que-la-gauche-reproche-a on\">&#8220;Ce que la gauche reproche \u00e0 Piketty&#8221;<\/a>), aura surtout compris qu\u2019il n\u2019\u00e9tait pas question pour le gouvernement de s\u2019en servir. La r\u00e9forme fiscale, c\u2019\u00e9tait pour l\u2019\u00e9lection, pas pour apr\u00e8s. Et <em>Le Capital au XXIe si\u00e8cle<\/em>, \u00e7a ne le met pas \u00e0 l\u2019aise, lui qui serait plut\u00f4t pour. Inutile m\u00eame d\u2019en prendre simplement connaissance. <em>\u00ab Trop gros, trop lourd \u00bb<\/em> pour \u00eatre lu, <a href=\"http:\/\/www.lefigaro.fr\/flash-eco\/2014\/06\/05\/97002-20140605FILWWW00185-le-livre-de-piketty-est-trop-lourd-sapin.php\">a dit du livre Michel Sapin<\/a>. <\/p>\n<p>C\u2019est pourquoi Thomas Piketty a aussi expliqu\u00e9 que le gouvernement ferait bien de se consacrer \u00e0 la relance de la croissance en France et en Europe, au lieu de lui attribuer une m\u00e9daille qui n\u2019\u00e9tait, en fait, pas seulement un lot de consolation, mais une petite op\u00e9ration de communication politique. \u00c0 l\u2019heure de l\u2019appel \u00e0 mobilisation g\u00e9n\u00e9rale derri\u00e8re le Pacte de responsabilit\u00e9, et la loi Macron, la distribution des l\u00e9gions d\u2019honneur a \u00e9t\u00e9 plac\u00e9e sous le parrainage de la c\u00e9l\u00e8bre chanson de Maurice Chevalier. <\/p>\n<p><iframe loading=\"lazy\" width=\"460\" height=\"259\" src=\"\/\/www.youtube.com\/embed\/m3I2SrSvJzM?rel=0&#038;showinfo=0\" frameborder=\"0\" allowfullscreen><\/iframe><\/p>\n<p>C\u2019est ainsi que, dans la promotion de ce 1er janvier 2015, figurent aussi <a href=\"https:\/\/wp.muchomaas.com\/web\/jean-tirole-un-nobel-d-economie,8005\">le lib\u00e9ral Jean Tirole<\/a> et la pourfendeuse des riches, <a href=\"https:\/\/wp.muchomaas.com\/web\/article\/monique-pincon-charlot-les-liens \">Monique Pincon- Charlot<\/a>. <\/p>\n<p><strong><em>\u00ab Un choc politique venant de la gauche \u00bb<br \/>\n<\/strong><\/em><\/p>\n<p>Le refus de Thomas Piketty lui a valu <a href=\"http:\/\/www.lesechos.fr\/politique-societe\/politique\/0204051037733-polemique-apres-que-leconomiste-piketty-ait-refuse-sa-legion-dhonneur-1079656.php\">une vol\u00e9e de bois vert<\/a> de quelques ministres qui ont cherch\u00e9 \u00e0 abaisser le geste, la personnalit\u00e9 et la comp\u00e9tence de quelqu\u2019un qu\u2019ils venaient pourtant de reconnaitre comme honorable. Quelques journalistes, comme Laurent Joffrin, le directeur de <em>Lib\u00e9ration<\/em> qui accueille r\u00e9guli\u00e8rement les chroniques de l\u2019\u00e9conomiste dans les colonnes de son journal et Christian Makarian de <em>L\u2019Express<\/em>, ont ajout\u00e9 leur petite musique dans le service apr\u00e8s-vente des termes de langage gouvernementaux (<a href=\"http:\/\/www.franceinter.fr\/player\/reecouter?play=1029787\">sur France Inter<\/a>, \u00e0 8\u201905). <\/p>\n<p>On notera aussi le coup de pied de l\u2019\u00e2ne de son coll\u00e8gue \u00c9lie Cohen qui, disposant d\u2019une grande hauteur de vue, a jug\u00e9 <em>\u00ab m\u00e9diocre \u00bb<\/em> la d\u00e9cision de Thomas Piketty. Celui-ci s\u2019en consolera sans doute assez vite. D\u2019autant qu\u2019il aura certainement lu <a href=\"http:\/\/www.pauljorion.com\/blog\/2015\/01\/01\/merci-thomas-piketty\/\">les remerciements motiv\u00e9s<\/a> de l\u2019anthropologue et \u00e9conomiste Paul Jorion. <em>\u00ab Le dicton &#8220;Nul n\u2019est proph\u00e8te en son pays&#8221;<\/em>, dit celui-ci,<em> ne contient pas seulement une opinion sur les proph\u00e8tes, il en exprime une aussi sur les pays. \u00bb <\/em> Effectivement, au-del\u00e0 de la m\u00e9daille et de son refus, ce qui compte surtout, c\u2019est la politique \u00e9conomique suivie en France et en Europe. Dans <a href=\"http:\/\/www.liberation.fr\/economie\/2014\/12\/29\/2015-quels-chocs-pour-faire-bouger-l-europe_1171435\">sa plus r\u00e9cente chronique pour le journal <em>Lib\u00e9ration<\/em><\/a>, parue le 29 d\u00e9cembre 2014, Thomas Piketty dit assez pr\u00e9cis\u00e9ment ce que signifie, pour lui, son apostrophe : <em>\u00ab Ils feraient mieux de s\u2019occuper de la relance de la croissance en France et en Europe \u00bb<\/em>.<\/p>\n<p><em>\u00ab Alors, quels chocs pourraient permettre de faire bouger les lignes en 2015, <\/em> demande-t-il ? <em>Il y a, en gros, trois possibilit\u00e9s : une nouvelle crise financi\u00e8re ; un choc politique venant de la gauche ; ou bien un choc politique venant de la droite. Les dirigeants europ\u00e9ens actuels devraient avoir l\u2019intelligence de reconna\u00eetre que la deuxi\u00e8me possibilit\u00e9 est de loin la meilleure : les mouvements politiques qui prosp\u00e8rent aujourd\u2019hui \u00e0 la gauche de la gauche, comme Podemos en Espagne ou Syriza en Gr\u00e8ce, sont fondamentalement internationalistes et proeurop\u00e9ens. Plut\u00f4t que de les rejeter, il faudrait au contraire travailler avec eux pour formuler les contours d\u2019une refondation d\u00e9mocratique de l\u2019UE. Faute de quoi, on risque fort de se retrouver avec un choc autrement plus inqui\u00e9tant, venu de la droite : compte tenu du mode de scrutin, il est tout \u00e0 fait possible que le FN emporte des r\u00e9gions lors des r\u00e9gionales de d\u00e9cembre 2015. On peut aussi, car c\u2019est l\u2019heure des v\u0153ux, esp\u00e9rer l\u2019impossible. Au point o\u00f9 il en est, Fran\u00e7ois Hollande serait bien inspir\u00e9 de reconna\u00eetre ses erreurs de 2012, et de tendre la main \u00e0 l\u2019Europe du Sud, afin de formuler enfin des propositions audacieuses pour notre continent. \u00bb<\/em><\/p>\n<p>Les medias n\u2019ont pas cru utile de verser cette pi\u00e8ce au dossier du refus de la l\u00e9gion d\u2019honneur de Thomas Piketty. Dommage. C\u2019est, malgr\u00e9 tout, le d\u00e9bat essentiel.<div id='gallery-1' class='gallery galleryid-8202 gallery-columns-3 gallery-size-thumbnail'><figure class='gallery-item'>\n\t\t\t<div class='gallery-icon landscape'>\n\t\t\t\t<a href='https:\/\/archives.regards.fr\/wp-content\/uploads\/2015\/01\/bm-piketty-43b.jpg'><img loading=\"lazy\" decoding=\"async\" width=\"150\" height=\"150\" src=\"https:\/\/archives.regards.fr\/wp-content\/uploads\/2015\/01\/bm-piketty-43b-150x150.jpg\" class=\"attachment-thumbnail size-thumbnail\" alt=\"bm-piketty.jpg\" \/><\/a>\n\t\t\t<\/div><\/figure>\n\t\t<\/div>\n<\/p>\n","protected":false},"excerpt":{"rendered":"<p>Le gouvernement l\u2019ayant d\u00e9cr\u00e9t\u00e9 honorable, Thomas Piketty a r\u00e9pliqu\u00e9 par un &#8220;pas vous, pas \u00e7a&#8221; qui a fait du bruit. Il a aussi consid\u00e9r\u00e9 que le gouvernement ferait mieux de s\u2019employer \u00e0 r\u00e9aliser un choc politique \u00e0 gauche en Europe. Une s\u00e9quence tout \u00e0 son honneur.<\/p>\n","protected":false},"author":1240,"featured_media":21217,"comment_status":"open","ping_status":"open","sticky":false,"template":"","format":"standard","meta":{"_themeisle_gutenberg_block_has_review":false,"footnotes":""},"categories":[186],"tags":[],"class_list":["post-8202","post","type-post","status-publish","format-standard","has-post-thumbnail","hentry","category-les-choses-lues-par-monsieur-marx"],"_links":{"self":[{"href":"https:\/\/archives.regards.fr\/index.php?rest_route=\/wp\/v2\/posts\/8202","targetHints":{"allow":["GET"]}}],"collection":[{"href":"https:\/\/archives.regards.fr\/index.php?rest_route=\/wp\/v2\/posts"}],"about":[{"href":"https:\/\/archives.regards.fr\/index.php?rest_route=\/wp\/v2\/types\/post"}],"author":[{"embeddable":true,"href":"https:\/\/archives.regards.fr\/index.php?rest_route=\/wp\/v2\/users\/1240"}],"replies":[{"embeddable":true,"href":"https:\/\/archives.regards.fr\/index.php?rest_route=%2Fwp%2Fv2%2Fcomments&post=8202"}],"version-history":[{"count":0,"href":"https:\/\/archives.regards.fr\/index.php?rest_route=\/wp\/v2\/posts\/8202\/revisions"}],"wp:featuredmedia":[{"embeddable":true,"href":"https:\/\/archives.regards.fr\/index.php?rest_route=\/wp\/v2\/media\/21217"}],"wp:attachment":[{"href":"https:\/\/archives.regards.fr\/index.php?rest_route=%2Fwp%2Fv2%2Fmedia&parent=8202"}],"wp:term":[{"taxonomy":"category","embeddable":true,"href":"https:\/\/archives.regards.fr\/index.php?rest_route=%2Fwp%2Fv2%2Fcategories&post=8202"},{"taxonomy":"post_tag","embeddable":true,"href":"https:\/\/archives.regards.fr\/index.php?rest_route=%2Fwp%2Fv2%2Ftags&post=8202"}],"curies":[{"name":"wp","href":"https:\/\/api.w.org\/{rel}","templated":true}]}}