{"id":8198,"date":"2014-12-31T18:32:11","date_gmt":"2014-12-31T17:32:11","guid":{"rendered":"https:\/\/wp.muchomaas.com\/article-you-talkin-to-me\/"},"modified":"2023-06-23T23:18:31","modified_gmt":"2023-06-23T21:18:31","slug":"article-you-talkin-to-me","status":"publish","type":"post","link":"https:\/\/archives.regards.fr\/?p=8198","title":{"rendered":"You talkin&#8217; to me ?"},"content":{"rendered":"<p class=\"post_excerpt\">Certains &#8220;experts&#8221; fran\u00e7ais distillent leur savoir en mati\u00e8re de politique \u00e9conomique ici et l\u00e0, plut\u00f4t en anglais. Comme s&#8217;il ne s&#8217;adressaient pas vraiment \u00e0 nous. En fait, ils ne s&#8217;adressent pas vraiment \u00e0 nous.<\/p>\n<p>Le directeur de France strat\u00e9gie, organisme public plac\u00e9 aupr\u00e8s du premier ministre, Jean Pisani-Ferry publie ce jour sur le site Project syndicate <a href=\"http:\/\/www.project-syndicate.org\/commentary\/ecb-bond-purchases-by-jean-pisani-ferry-2014-12\">un article sur la BCE<\/a>. Comme il se doit sur ce site, l\u2019article est publi\u00e9 en anglais sous le titre &#8220;Helping the ECB Cross the Rubicon&#8221; (&#8220;Aider la Banque centrale europ\u00e9enne \u00e0 franchir le Rubicon&#8221;). On peut trouver des versions tch\u00e8que, allemande, italienne et espagnole, mais pas de version fran\u00e7aise. Elle viendra peut-\u00eatre plus tard <\/p>\n<p><img loading=\"lazy\" decoding=\"async\" class=\" aligncenter size-full wp-image-21170\" src=\"https:\/\/wp.muchomaas.com\/wp-content\/uploads\/2014\/12\/vigie-ecb-1-ebe.jpg\" alt=\"vigie-ecb-1.jpg\" align=\"center\" width=\"460\" height=\"356\" srcset=\"https:\/\/archives.regards.fr\/wp-content\/uploads\/2014\/12\/vigie-ecb-1-ebe.jpg 460w, https:\/\/archives.regards.fr\/wp-content\/uploads\/2014\/12\/vigie-ecb-1-ebe-300x232.jpg 300w\" sizes=\"auto, (max-width: 460px) 100vw, 460px\" \/><\/p>\n<p>Pour sa part, la directrice-adjointe du Cepii, autre institut de recherche \u00e9conomique sur fonds publics bas\u00e9 \u00e0 Paris, Natacha Valla, a publi\u00e9 sur le blog du Centre, le 21 d\u00e9cembre, <a href=\"ttp:\/\/www.cepii.fr\/blog\/bi\/post.asp?IDcommunique=353\">son analyse du plan Juncker<\/a>. L\u00e0 aussi c\u2019est en anglais : &#8220;Long life to the Juncker plan !&#8221; Et l\u00e0, pas la peine d\u2019esp\u00e9rer une version fran\u00e7aise, elle ne viendra pas. Les trois derni\u00e8res analyses de Natacha Valla publi\u00e9es sur ce blog sont toutes en anglais. Aucune n\u2019a \u00e9t\u00e9 traduite. <\/p>\n<p><img loading=\"lazy\" decoding=\"async\" class=\" aligncenter size-full wp-image-21171\" src=\"https:\/\/wp.muchomaas.com\/wp-content\/uploads\/2014\/12\/vigie-ecb-2-ac4.jpg\" alt=\"vigie-ecb-2.jpg\" align=\"center\" width=\"460\" height=\"290\" srcset=\"https:\/\/archives.regards.fr\/wp-content\/uploads\/2014\/12\/vigie-ecb-2-ac4.jpg 460w, https:\/\/archives.regards.fr\/wp-content\/uploads\/2014\/12\/vigie-ecb-2-ac4-300x189.jpg 300w\" sizes=\"auto, (max-width: 460px) 100vw, 460px\" \/> <\/p>\n<p>La question n\u2019est pas que ces auteurs publient leurs analyses en anglais. Le probl\u00e8me est qu\u2019ils ne jugent m\u00eame pas bon de les publier en fran\u00e7ais. <\/p>\n<p>They aren\u2019t talking to us.<div id='gallery-1' class='gallery galleryid-8198 gallery-columns-3 gallery-size-thumbnail'><figure class='gallery-item'>\n\t\t\t<div class='gallery-icon landscape'>\n\t\t\t\t<a href='https:\/\/archives.regards.fr\/wp-content\/uploads\/2014\/12\/vigie-ecb-1-19d.jpg'><img loading=\"lazy\" decoding=\"async\" width=\"150\" height=\"150\" src=\"https:\/\/archives.regards.fr\/wp-content\/uploads\/2014\/12\/vigie-ecb-1-19d-150x150.jpg\" class=\"attachment-thumbnail size-thumbnail\" alt=\"vigie-ecb-1.jpg\" \/><\/a>\n\t\t\t<\/div><\/figure><figure class='gallery-item'>\n\t\t\t<div class='gallery-icon landscape'>\n\t\t\t\t<a href='https:\/\/archives.regards.fr\/wp-content\/uploads\/2014\/12\/vigie-ecb-2-5e7.jpg'><img loading=\"lazy\" decoding=\"async\" width=\"150\" height=\"150\" src=\"https:\/\/archives.regards.fr\/wp-content\/uploads\/2014\/12\/vigie-ecb-2-5e7-150x150.jpg\" class=\"attachment-thumbnail size-thumbnail\" alt=\"vigie-ecb-2.jpg\" \/><\/a>\n\t\t\t<\/div><\/figure>\n\t\t<\/div>\n<\/p>\n","protected":false},"excerpt":{"rendered":"<p>Certains &#8220;experts&#8221; fran\u00e7ais distillent leur savoir en mati\u00e8re de politique \u00e9conomique ici et l\u00e0, plut\u00f4t en anglais. Comme s&#8217;il ne s&#8217;adressaient pas vraiment \u00e0 nous. En fait, ils ne s&#8217;adressent pas vraiment \u00e0 nous.<\/p>\n","protected":false},"author":1,"featured_media":21170,"comment_status":"open","ping_status":"open","sticky":false,"template":"","format":"standard","meta":{"_themeisle_gutenberg_block_has_review":false,"footnotes":""},"categories":[208],"tags":[359],"class_list":["post-8198","post","type-post","status-publish","format-standard","has-post-thumbnail","hentry","category-vigie-idees","tag-exclure-de-la-home"],"_links":{"self":[{"href":"https:\/\/archives.regards.fr\/index.php?rest_route=\/wp\/v2\/posts\/8198","targetHints":{"allow":["GET"]}}],"collection":[{"href":"https:\/\/archives.regards.fr\/index.php?rest_route=\/wp\/v2\/posts"}],"about":[{"href":"https:\/\/archives.regards.fr\/index.php?rest_route=\/wp\/v2\/types\/post"}],"author":[{"embeddable":true,"href":"https:\/\/archives.regards.fr\/index.php?rest_route=\/wp\/v2\/users\/1"}],"replies":[{"embeddable":true,"href":"https:\/\/archives.regards.fr\/index.php?rest_route=%2Fwp%2Fv2%2Fcomments&post=8198"}],"version-history":[{"count":0,"href":"https:\/\/archives.regards.fr\/index.php?rest_route=\/wp\/v2\/posts\/8198\/revisions"}],"wp:featuredmedia":[{"embeddable":true,"href":"https:\/\/archives.regards.fr\/index.php?rest_route=\/wp\/v2\/media\/21170"}],"wp:attachment":[{"href":"https:\/\/archives.regards.fr\/index.php?rest_route=%2Fwp%2Fv2%2Fmedia&parent=8198"}],"wp:term":[{"taxonomy":"category","embeddable":true,"href":"https:\/\/archives.regards.fr\/index.php?rest_route=%2Fwp%2Fv2%2Fcategories&post=8198"},{"taxonomy":"post_tag","embeddable":true,"href":"https:\/\/archives.regards.fr\/index.php?rest_route=%2Fwp%2Fv2%2Ftags&post=8198"}],"curies":[{"name":"wp","href":"https:\/\/api.w.org\/{rel}","templated":true}]}}