{"id":8196,"date":"2014-12-31T11:15:09","date_gmt":"2014-12-31T10:15:09","guid":{"rendered":"https:\/\/wp.muchomaas.com\/article-regards-dans-la-revue-de-presse\/"},"modified":"2014-12-31T11:15:09","modified_gmt":"2014-12-31T10:15:09","slug":"article-regards-dans-la-revue-de-presse","status":"publish","type":"post","link":"https:\/\/archives.regards.fr\/?p=8196","title":{"rendered":"Regards dans la revue de presse d&#8217;Inter"},"content":{"rendered":"<p class=\"post_excerpt\">Pour sa derni\u00e8re revue de presse de l&#8217;ann\u00e9e, la matinale de France Inter a parl\u00e9 du num\u00e9ro d&#8217;hiver de Regards, actuellement en kiosques.<\/p>\n<p>C&#8217;est \u00e0 partir de 5:15 : <a href=\"http:\/\/www.franceinter.fr\/emission-la-revue-de-presse-dernieres-heures-avant-2015\">Laetitia Gayet<\/a> \u00e9voque notre reportage dans le village roumain qui lutte contre l&#8217;exploitation du gaz de Schiste par les g\u00e9ant am\u00e9ricain Chevron, et l&#8217;enqu\u00eate sur le Forum du Blanc-Mesnil, dont le financement a \u00e9t\u00e9 coup\u00e9 par la nouvelle municipalit\u00e9. \u00c0 \u00e9couter ou \u00e0 lire en version texte ci-dessous !<\/p>\n<p><iframe loading=\"lazy\" src=\"http:\/\/www.franceinter.fr\/player\/export-reecouter?content=1029237\" width=\"481\" frameborder=\"0\" scrolling=\"no\" height=\"137\"><\/iframe><\/p>\n<p><strong><em>2015, l&#8217;ann\u00e9e du combat ?<br \/>\n<\/strong><\/em><\/p>\n<p>Remettons les pendules \u00e0 l&#8217;heure \u00e9crit Marcel Clairet dans <em>La Presse de la Manche<\/em>.<br \/>\nPar les temps qui courent et avec la peur du lendemain&#8230; <em>Lib\u00e9<\/em> disait rompez ! <em>L&#8217;Huma<\/em> dit : &#8220;Osons !&#8221; Soyons radical. Radicalement combatif \u00e9crit m\u00eame Jean-Emmanuel Ducoin. Pour tous ceux qui ne renoncent pas \u00e0 la gauche, la vraie, il importe que l&#8217;ann\u00e9e 2015 soit une ann\u00e9e de combats permanents, de r\u00e9sistance absolue.<\/p>\n<p>Le trimestriel <em>Regards<\/em> a fait le tour de ces combats. Nos h\u00e9ros sont les opposants aux grands travaux qui commencent. R\u00e9mi Fraisse leur a donn\u00e9 un visage. Et ce mouvement n&#8217;est plus local \u00e9crit Catherine Tricot dans son \u00e9dito. Ces luttes nous interpellent parce que derri\u00e8re les contestation, d&#8217;un mode de d\u00e9veloppement qui maltraite la nature et gaspille les richesses, survient l&#8217;indispensable question d&#8217;un nouvel horizon. Page 15, nous ne sommes pas \u00e0 Sivens, mais dans le village roumain de Pungesti \u00e0 350 kilom\u00e8tres de Bucarest. Chevron l&#8217;Am\u00e9ricain veut y exploiter le gaz de schiste sur cette terre agricole. Bataille de David contre Goliath. Lucian 30 ans, agriculteur, veut pouvoir vivre sur ces terres. <em>\u00ab\u00a0Mais les compagnies font de l&#8217;argent sur notre dos et on paye l&#8217;addition.\u00a0\u00bb<\/em><\/p>\n<p>Un combat, c&#8217;est aussi un th\u00e9\u00e2tre qui vit ses derniers jours. Reportage au Th\u00e9\u00e2tre du Forum de Blanc-Mesnil toujours dans <em>Regards<\/em>. La nouvelle municipalit\u00e9 a mis fin au conventionnement du th\u00e9\u00e2tre qui liait la ville au d\u00e9partement, \u00e0 la r\u00e9gion et au minist\u00e8re de la Culture. Trop contraignant dit le nouveau maire UMP. La population ne se reconnaissait pas dans la programmation, trop \u00e9litiste. Pourtant, la programmation r\u00e9elle, c&#8217;\u00e9tait du th\u00e9\u00e2tre engag\u00e9, du cirque, du hip-hop, de la musique classique. Xavier Croci, le directeur du th\u00e9\u00e2tre n&#8217;est pas surpris. <em>\u00ab\u00a0Moi je suis de l&#8217;ancienne g\u00e9n\u00e9ration. Celle de l&#8217;\u00e9litaire pour tousse comme disait Antoine Vittez. Nous avions confiance dans l&#8217;intelligence des gens.\u00a0\u00bb<\/em> Le th\u00e9\u00e2tre du Forum du Blanc Mesnil \u00e9tait de ceux qui renverse les rapports de classe et souffle sur le feu subversif du mot populaire.<\/p>\n<p>Le d\u00e9compte est termin\u00e9. Bonne ann\u00e9e !<\/p>\n","protected":false},"excerpt":{"rendered":"<p>Pour sa derni\u00e8re revue de presse de l&#8217;ann\u00e9e, la matinale de France Inter a parl\u00e9 du num\u00e9ro d&#8217;hiver de Regards, actuellement en kiosques.<\/p>\n","protected":false},"author":1,"featured_media":0,"comment_status":"open","ping_status":"open","sticky":false,"template":"","format":"standard","meta":{"_themeisle_gutenberg_block_has_review":false,"footnotes":""},"categories":[208],"tags":[359],"class_list":["post-8196","post","type-post","status-publish","format-standard","hentry","category-vigie-idees","tag-exclure-de-la-home"],"_links":{"self":[{"href":"https:\/\/archives.regards.fr\/index.php?rest_route=\/wp\/v2\/posts\/8196","targetHints":{"allow":["GET"]}}],"collection":[{"href":"https:\/\/archives.regards.fr\/index.php?rest_route=\/wp\/v2\/posts"}],"about":[{"href":"https:\/\/archives.regards.fr\/index.php?rest_route=\/wp\/v2\/types\/post"}],"author":[{"embeddable":true,"href":"https:\/\/archives.regards.fr\/index.php?rest_route=\/wp\/v2\/users\/1"}],"replies":[{"embeddable":true,"href":"https:\/\/archives.regards.fr\/index.php?rest_route=%2Fwp%2Fv2%2Fcomments&post=8196"}],"version-history":[{"count":0,"href":"https:\/\/archives.regards.fr\/index.php?rest_route=\/wp\/v2\/posts\/8196\/revisions"}],"wp:attachment":[{"href":"https:\/\/archives.regards.fr\/index.php?rest_route=%2Fwp%2Fv2%2Fmedia&parent=8196"}],"wp:term":[{"taxonomy":"category","embeddable":true,"href":"https:\/\/archives.regards.fr\/index.php?rest_route=%2Fwp%2Fv2%2Fcategories&post=8196"},{"taxonomy":"post_tag","embeddable":true,"href":"https:\/\/archives.regards.fr\/index.php?rest_route=%2Fwp%2Fv2%2Ftags&post=8196"}],"curies":[{"name":"wp","href":"https:\/\/api.w.org\/{rel}","templated":true}]}}