{"id":8191,"date":"2014-12-29T10:14:04","date_gmt":"2014-12-29T09:14:04","guid":{"rendered":"https:\/\/wp.muchomaas.com\/article-la-propagande-du-monde-contre\/"},"modified":"2023-06-23T23:18:30","modified_gmt":"2023-06-23T21:18:30","slug":"article-la-propagande-du-monde-contre","status":"publish","type":"post","link":"https:\/\/archives.regards.fr\/?p=8191","title":{"rendered":"La propagande du Monde contre Syriza et Podemos"},"content":{"rendered":"<p class=\"post_excerpt\">Syriza, Podemos : l&#8217;envol\u00e9e de la gauche radicale &#8220;affole&#8221; l&#8217;Europe, nous dit Le Monde. Quelle Europe pr\u00e9cis\u00e9ment, dont le quotidien se fait ainsi le d\u00e9fenseur des int\u00e9r\u00eats ?<\/p>\n<div id='gallery-1' class='gallery galleryid-8191 gallery-columns-3 gallery-size-thumbnail'><figure class='gallery-item'>\n\t\t\t<div class='gallery-icon landscape'>\n\t\t\t\t<a href='https:\/\/archives.regards.fr\/wp-content\/uploads\/2014\/12\/vigie-lemonde-814.jpg'><img loading=\"lazy\" decoding=\"async\" width=\"150\" height=\"150\" src=\"https:\/\/archives.regards.fr\/wp-content\/uploads\/2014\/12\/vigie-lemonde-814-150x150.jpg\" class=\"attachment-thumbnail size-thumbnail\" alt=\"vigie-lemonde.jpg\" \/><\/a>\n\t\t\t<\/div><\/figure>\n\t\t<\/div>\n\n","protected":false},"excerpt":{"rendered":"<p>Syriza, Podemos : l&#8217;envol\u00e9e de la gauche radicale &#8220;affole&#8221; l&#8217;Europe, nous dit Le Monde. Quelle Europe pr\u00e9cis\u00e9ment, dont le quotidien se fait ainsi le d\u00e9fenseur des int\u00e9r\u00eats ?<\/p>\n","protected":false},"author":1,"featured_media":21158,"comment_status":"open","ping_status":"open","sticky":false,"template":"","format":"standard","meta":{"_themeisle_gutenberg_block_has_review":false,"footnotes":""},"categories":[208],"tags":[359],"class_list":["post-8191","post","type-post","status-publish","format-standard","has-post-thumbnail","hentry","category-vigie-idees","tag-exclure-de-la-home"],"_links":{"self":[{"href":"https:\/\/archives.regards.fr\/index.php?rest_route=\/wp\/v2\/posts\/8191","targetHints":{"allow":["GET"]}}],"collection":[{"href":"https:\/\/archives.regards.fr\/index.php?rest_route=\/wp\/v2\/posts"}],"about":[{"href":"https:\/\/archives.regards.fr\/index.php?rest_route=\/wp\/v2\/types\/post"}],"author":[{"embeddable":true,"href":"https:\/\/archives.regards.fr\/index.php?rest_route=\/wp\/v2\/users\/1"}],"replies":[{"embeddable":true,"href":"https:\/\/archives.regards.fr\/index.php?rest_route=%2Fwp%2Fv2%2Fcomments&post=8191"}],"version-history":[{"count":0,"href":"https:\/\/archives.regards.fr\/index.php?rest_route=\/wp\/v2\/posts\/8191\/revisions"}],"wp:featuredmedia":[{"embeddable":true,"href":"https:\/\/archives.regards.fr\/index.php?rest_route=\/wp\/v2\/media\/21158"}],"wp:attachment":[{"href":"https:\/\/archives.regards.fr\/index.php?rest_route=%2Fwp%2Fv2%2Fmedia&parent=8191"}],"wp:term":[{"taxonomy":"category","embeddable":true,"href":"https:\/\/archives.regards.fr\/index.php?rest_route=%2Fwp%2Fv2%2Fcategories&post=8191"},{"taxonomy":"post_tag","embeddable":true,"href":"https:\/\/archives.regards.fr\/index.php?rest_route=%2Fwp%2Fv2%2Ftags&post=8191"}],"curies":[{"name":"wp","href":"https:\/\/api.w.org\/{rel}","templated":true}]}}