{"id":8185,"date":"2014-12-22T16:10:38","date_gmt":"2014-12-22T15:10:38","guid":{"rendered":"https:\/\/wp.muchomaas.com\/article-pas-d-austerite-en-france-vraiment\/"},"modified":"2023-06-23T23:18:29","modified_gmt":"2023-06-23T21:18:29","slug":"article-pas-d-austerite-en-france-vraiment","status":"publish","type":"post","link":"https:\/\/archives.regards.fr\/?p=8185","title":{"rendered":"Pas d\u2019aust\u00e9rit\u00e9 en France, vraiment ?"},"content":{"rendered":"<p class=\"post_excerpt\">L\u2019\u00e9conomiste Mathieu Plane met \u00e0 mal l\u2019id\u00e9e que l\u2019aust\u00e9rit\u00e9, \u00e0 l\u2019instar du nuage de Tchernobyl, aurait \u00e9pargn\u00e9 la France : statistiques \u00e0 l\u2019appui, il montre que le pouvoir d\u2019achat par m\u00e9nage a connu un recul historique de 2011 \u00e0 2013. Et que ce n\u2019est pas fini.<\/p>\n<p>Mathieu Plane, \u00e9conomiste \u00e0 l\u2019OFCE, a fait les comptes de l\u2019\u00e9volution du pouvoir d\u2019achat par m\u00e9nage depuis 2000. La courbe (ci-dessous) est parlante, tout comme la conclusion de l\u2019auteur : <em>\u00ab avec un pouvoir d\u2019achat par m\u00e9nage retomb\u00e9 en 2015 \u00e0 son niveau d\u2019il y a treize ans et qui, de plus, a accus\u00e9 un recul historique sur la p\u00e9riode 2011-2013 correspondant \u00e0 la p\u00e9riode la plus marqu\u00e9e de la consolidation budg\u00e9taire, il semble difficile d\u2019une part de soutenir que la France n\u2019a pas pratiqu\u00e9 de politique d\u2019aust\u00e9rit\u00e9 jusqu\u2019\u00e0 pr\u00e9sent et d\u2019autre part qu\u2019elle n\u2019est confront\u00e9e \u00e0 aucun probl\u00e8me de demande \u00e0 court terme \u00bb<\/em>.<\/p>\n<p><img loading=\"lazy\" decoding=\"async\" class=\" aligncenter size-full wp-image-21140\" src=\"https:\/\/wp.muchomaas.com\/wp-content\/uploads\/2014\/12\/vigie-pouvoir-dachat-c80.jpg\" alt=\"vigie-pouvoir-dachat.jpg\" align=\"center\" width=\"460\" height=\"340\" srcset=\"https:\/\/archives.regards.fr\/wp-content\/uploads\/2014\/12\/vigie-pouvoir-dachat-c80.jpg 460w, https:\/\/archives.regards.fr\/wp-content\/uploads\/2014\/12\/vigie-pouvoir-dachat-c80-300x222.jpg 300w\" sizes=\"auto, (max-width: 460px) 100vw, 460px\" \/><\/p>\n<p><strong>L\u2019ensemble de l\u2019analyse est \u00e0 retrouver ici :<br \/>\n<\/strong><\/p>\n<p><a href=\"http:\/\/www.ofce.sciences-po.fr\/blog\/austerite-et-pouvoir-dachat-en-france\/\">Aust\u00e9rit\u00e9 et pouvoir d\u2019achat en France<\/a><div id='gallery-1' class='gallery galleryid-8185 gallery-columns-3 gallery-size-thumbnail'><figure class='gallery-item'>\n\t\t\t<div class='gallery-icon landscape'>\n\t\t\t\t<a href='https:\/\/archives.regards.fr\/wp-content\/uploads\/2014\/12\/vigie-pouvoir-dachat-639.jpg'><img loading=\"lazy\" decoding=\"async\" width=\"150\" height=\"150\" src=\"https:\/\/archives.regards.fr\/wp-content\/uploads\/2014\/12\/vigie-pouvoir-dachat-639-150x150.jpg\" class=\"attachment-thumbnail size-thumbnail\" alt=\"vigie-pouvoir-dachat.jpg\" \/><\/a>\n\t\t\t<\/div><\/figure><figure class='gallery-item'>\n\t\t\t<div class='gallery-icon landscape'>\n\t\t\t\t<a href='https:\/\/archives.regards.fr\/wp-content\/uploads\/2014\/12\/vigie-pouvoir-dachat-2-7d2.jpg'><img loading=\"lazy\" decoding=\"async\" width=\"150\" height=\"150\" src=\"https:\/\/archives.regards.fr\/wp-content\/uploads\/2014\/12\/vigie-pouvoir-dachat-2-7d2-150x150.jpg\" class=\"attachment-thumbnail size-thumbnail\" alt=\"vigie-pouvoir-dachat-2.jpg\" \/><\/a>\n\t\t\t<\/div><\/figure>\n\t\t<\/div>\n<\/p>\n","protected":false},"excerpt":{"rendered":"<p>L\u2019\u00e9conomiste Mathieu Plane met \u00e0 mal l\u2019id\u00e9e que l\u2019aust\u00e9rit\u00e9, \u00e0 l\u2019instar du nuage de Tchernobyl, aurait \u00e9pargn\u00e9 la France : statistiques \u00e0 l\u2019appui, il montre que le pouvoir d\u2019achat par m\u00e9nage a connu un recul historique de 2011 \u00e0 2013. Et que ce n\u2019est pas fini.<\/p>\n","protected":false},"author":1,"featured_media":21140,"comment_status":"open","ping_status":"open","sticky":false,"template":"","format":"standard","meta":{"_themeisle_gutenberg_block_has_review":false,"footnotes":""},"categories":[208],"tags":[359],"class_list":["post-8185","post","type-post","status-publish","format-standard","has-post-thumbnail","hentry","category-vigie-idees","tag-exclure-de-la-home"],"_links":{"self":[{"href":"https:\/\/archives.regards.fr\/index.php?rest_route=\/wp\/v2\/posts\/8185","targetHints":{"allow":["GET"]}}],"collection":[{"href":"https:\/\/archives.regards.fr\/index.php?rest_route=\/wp\/v2\/posts"}],"about":[{"href":"https:\/\/archives.regards.fr\/index.php?rest_route=\/wp\/v2\/types\/post"}],"author":[{"embeddable":true,"href":"https:\/\/archives.regards.fr\/index.php?rest_route=\/wp\/v2\/users\/1"}],"replies":[{"embeddable":true,"href":"https:\/\/archives.regards.fr\/index.php?rest_route=%2Fwp%2Fv2%2Fcomments&post=8185"}],"version-history":[{"count":0,"href":"https:\/\/archives.regards.fr\/index.php?rest_route=\/wp\/v2\/posts\/8185\/revisions"}],"wp:featuredmedia":[{"embeddable":true,"href":"https:\/\/archives.regards.fr\/index.php?rest_route=\/wp\/v2\/media\/21140"}],"wp:attachment":[{"href":"https:\/\/archives.regards.fr\/index.php?rest_route=%2Fwp%2Fv2%2Fmedia&parent=8185"}],"wp:term":[{"taxonomy":"category","embeddable":true,"href":"https:\/\/archives.regards.fr\/index.php?rest_route=%2Fwp%2Fv2%2Fcategories&post=8185"},{"taxonomy":"post_tag","embeddable":true,"href":"https:\/\/archives.regards.fr\/index.php?rest_route=%2Fwp%2Fv2%2Ftags&post=8185"}],"curies":[{"name":"wp","href":"https:\/\/api.w.org\/{rel}","templated":true}]}}