{"id":8169,"date":"2014-12-17T11:50:43","date_gmt":"2014-12-17T10:50:43","guid":{"rendered":"https:\/\/wp.muchomaas.com\/article-loi-macron-revue-des-details-ou-se\/"},"modified":"2023-06-23T23:18:27","modified_gmt":"2023-06-23T21:18:27","slug":"article-loi-macron-revue-des-details-ou-se","status":"publish","type":"post","link":"https:\/\/archives.regards.fr\/?p=8169","title":{"rendered":"Loi Macron : revue des d\u00e9tails o\u00f9 se cache le diable"},"content":{"rendered":"<p class=\"post_excerpt\">\u00ab Le diable se cache dans les d\u00e9tails \u00bb, dit un proverbe, semble-t-il, d\u2019appellation suisse, \u00e0 moins qu\u2019il ne s\u2019agisse d\u2019un aphorisme nietzsch\u00e9en. La loi Macron en regorge, montrant \u00e0 l\u2019envie qu\u2019il ne s\u2019agit pas d\u2019une loi de r\u00e9formes \u00ab microm\u00e9triques \u00bb. Courte recension d\u2019articles qui en rendent compte.<\/p>\n<p>Sur son blog, G\u00e9rad Filoche se livre \u00e0 une <em>\u00ab analyse d\u00e9taill\u00e9e du projet de loi Macron <\/em> \u00bb : <a href=\"http:\/\/www.filoche.net\/2014\/12\/11\/3141\/\">une loi r\u00e9gressive<\/a>. Dans un autre post, il alerte sp\u00e9cifiquement sur <a href=\"http:\/\/www.filoche.net\/2014\/12\/15\/loimacron-le-delit-dentrave-moins-sanctionnable\/\">l\u2019affaiblissement de la sanction du d\u00e9lit d\u2019entrave<\/a>.<br \/>\nPaul Boccara se livre \u00e9galement \u00e0 <a href=\"http:\/\/www.economie-politique.org\/63670\">cet exercice sur le site de la revue <em>Economie et Politique<\/em><\/a>. <\/p>\n<p>Dans <em>Mediapart<\/em>, Pierre-Yves Bulteau et Mathilde Goanec pointent <a href=\"http:\/\/www.mediapart.fr\/journal\/france\/161214\/dans-la-foulee-de-lani-la-loi-macron-veut-faciliter-les-licenciements-collectifs\">la facilitation des licenciements collectifs<\/a> (article abonn\u00e9s).<\/p>\n<p>Les aspects de la justice prudhommale sont trait\u00e9s dans <a href=\"http:\/\/www.humanite.fr\/des-prudhommes-avant-la-tempete-559818\">ce reportage de <em>L\u2019Humanit\u00e9<\/em><\/a> et dans <a href=\"http:\/\/www.alterecoplus.fr\/social\/evelyne-serverin\/leconomie-preempte-la-justice-prudhomale-201412091600-00000371.html\">un article d\u2019Evelyne Serverin<\/a> (pr\u00e9sidente de l\u2019association Loysel-Tiennot Grumbach) paru sur le site <em>Alterecoplus<\/em>. <\/p>\n<p>Les mesures concernant l\u2019urbanisme et l\u2019environnement sont analys\u00e9es <a href=\"http:\/\/www.arnaudgossement.com\/archive\/2014\/12\/10\/projet-de-loi-macron-simplification-par-ordonnances-du-droit-5507306.html\">par l\u2019avocat Arnaud Gossement<\/a> et <a href=\"http:\/\/www.fne.asso.fr\/fr\/projet-de-loi-macron-1er-test-pour-le-chantier-sur-la-democratie-participative.html\">par France Nature Environnement<\/a>. Le recours aux ordonnances comme concr\u00e9tisation de la promesse de d\u00e9mocratie participative faite par Fran\u00e7ois Hollande lors de la r\u00e9cente conf\u00e9rence gouvernementale passe mal.<\/p>\n<p>Les mesures concernant les avocats sont analys\u00e9es dans <em>Marianne<\/em> <a href=\"http:\/\/www.marianne.net\/Loi-Macron-ne-sacrifions-pas-les-avocats-sur-l-autel-de-l-economie_a243314.html\">par Ang\u00e9lique Gallucci<\/a> avocate au barreau d&#8217;Aix-en-Provence et dans une <a href=\"http:\/\/www.notremanifeste.com\/wp-content\/uploads\/2014\/12\/Lettre-Ouverte-au-B%C3%A2tonnier-Macron-1.docx\">lettre ouverte de trois avocats<\/a> du barreau de Paris qui protestent contre le soutien apport\u00e9 \u00e0 celle-ci par le B\u00e2tonnier de Paris.<br \/>\n<div id='gallery-1' class='gallery galleryid-8169 gallery-columns-3 gallery-size-thumbnail'><figure class='gallery-item'>\n\t\t\t<div class='gallery-icon landscape'>\n\t\t\t\t<a href='https:\/\/archives.regards.fr\/wp-content\/uploads\/2014\/12\/vigie-macron-d93.jpg'><img loading=\"lazy\" decoding=\"async\" width=\"150\" height=\"150\" src=\"https:\/\/archives.regards.fr\/wp-content\/uploads\/2014\/12\/vigie-macron-d93-150x150.jpg\" class=\"attachment-thumbnail size-thumbnail\" alt=\"vigie-macron.jpg\" \/><\/a>\n\t\t\t<\/div><\/figure>\n\t\t<\/div>\n<\/p>\n","protected":false},"excerpt":{"rendered":"<p>\u00ab Le diable se cache dans les d\u00e9tails \u00bb, dit un proverbe, semble-t-il, d\u2019appellation suisse, \u00e0 moins qu\u2019il ne s\u2019agisse d\u2019un aphorisme nietzsch\u00e9en. La loi Macron en regorge, montrant \u00e0 l\u2019envie qu\u2019il ne s\u2019agit pas d\u2019une loi de r\u00e9formes \u00ab microm\u00e9triques \u00bb. Courte recension d\u2019articles qui en rendent compte.<\/p>\n","protected":false},"author":1,"featured_media":21105,"comment_status":"open","ping_status":"open","sticky":false,"template":"","format":"standard","meta":{"_themeisle_gutenberg_block_has_review":false,"footnotes":""},"categories":[208],"tags":[359],"class_list":["post-8169","post","type-post","status-publish","format-standard","has-post-thumbnail","hentry","category-vigie-idees","tag-exclure-de-la-home"],"_links":{"self":[{"href":"https:\/\/archives.regards.fr\/index.php?rest_route=\/wp\/v2\/posts\/8169","targetHints":{"allow":["GET"]}}],"collection":[{"href":"https:\/\/archives.regards.fr\/index.php?rest_route=\/wp\/v2\/posts"}],"about":[{"href":"https:\/\/archives.regards.fr\/index.php?rest_route=\/wp\/v2\/types\/post"}],"author":[{"embeddable":true,"href":"https:\/\/archives.regards.fr\/index.php?rest_route=\/wp\/v2\/users\/1"}],"replies":[{"embeddable":true,"href":"https:\/\/archives.regards.fr\/index.php?rest_route=%2Fwp%2Fv2%2Fcomments&post=8169"}],"version-history":[{"count":0,"href":"https:\/\/archives.regards.fr\/index.php?rest_route=\/wp\/v2\/posts\/8169\/revisions"}],"wp:featuredmedia":[{"embeddable":true,"href":"https:\/\/archives.regards.fr\/index.php?rest_route=\/wp\/v2\/media\/21105"}],"wp:attachment":[{"href":"https:\/\/archives.regards.fr\/index.php?rest_route=%2Fwp%2Fv2%2Fmedia&parent=8169"}],"wp:term":[{"taxonomy":"category","embeddable":true,"href":"https:\/\/archives.regards.fr\/index.php?rest_route=%2Fwp%2Fv2%2Fcategories&post=8169"},{"taxonomy":"post_tag","embeddable":true,"href":"https:\/\/archives.regards.fr\/index.php?rest_route=%2Fwp%2Fv2%2Ftags&post=8169"}],"curies":[{"name":"wp","href":"https:\/\/api.w.org\/{rel}","templated":true}]}}