{"id":8139,"date":"2014-12-08T17:51:48","date_gmt":"2014-12-08T16:51:48","guid":{"rendered":"https:\/\/wp.muchomaas.com\/article-un-million-de-signataires-pour-l\/"},"modified":"2014-12-08T17:51:48","modified_gmt":"2014-12-08T16:51:48","slug":"article-un-million-de-signataires-pour-l","status":"publish","type":"post","link":"https:\/\/archives.regards.fr\/?p=8139","title":{"rendered":"Un million de signatures pour l&#8217;Initiative citoyenne contre TAFTA"},"content":{"rendered":"<p class=\"post_excerpt\">L&#8217;Initiative citoyenne europ\u00e9enne (ICE) contre les trait\u00e9s TAFTA et CETA a d\u00e9pass\u00e9, jeudi 4 d\u00e9cembre, le million de signatures dans toute l&#8217;Union. Une vague qu&#8217;il faut renforcer.<\/p>\n<p>Rejet\u00e9e par la Commission europ\u00e9enne en septembre, l&#8217;Initiative citoyenne europ\u00e9enne (ICE) contre les trait\u00e9s transatlantiques entre les \u00c9tats-Unis et l&#8217;UE (TAFTA ou TTIP), et entre la Canada et l&#8217;UE (CETA), d\u00e9sormais &#8220;auto-organis\u00e9e&#8221; par la coalition form\u00e9e par plus de 320 organisations de la soci\u00e9t\u00e9 civile europ\u00e9enne, suscite une mobilisation massive. <\/p>\n<p>Le 9 d\u00e9cembre, le pr\u00e9sident de la Commission Jean-Claude Juncker se verra remettre une carte postale g\u00e9ante l&#8217;invitant \u00e0 prendre en compte la mobilisation citoyenne contre des trait\u00e9s dont les n\u00e9gociations se d\u00e9roulent dans la plus grande opacit\u00e9 et qui menacent gravement les politiques sociales et environnementales au sein de l&#8217;UE.<\/p>\n<p>Ci-dessous, le texte de l&#8217;Initiative, <a href=\"https:\/\/www.collectifstoptafta.org\/agir\/article\/signez-l-ice-auto-organisee\">\u00e0 signer ici<\/a>.<\/p>\n<p><strong>Lire aussi :<br \/>\n<\/strong><\/p>\n<p><a href=\"https:\/\/wp.muchomaas.com\/web\/c-est-quoi-le-partenariat,7683\">C\u2019est quoi le Partenariat transatlantique ? Dix r\u00e9ponses pour mesurer le danger<\/a><\/p>\n<p><a href=\"https:\/\/wp.muchomaas.com\/web\/contre-le-grand-marche,7980\">Contre le Grand march\u00e9 transatlantique, \u00ab une victoire est tout \u00e0 fait possible \u00bb<\/a><\/p>\n","protected":false},"excerpt":{"rendered":"<p>L&#8217;Initiative citoyenne europ\u00e9enne (ICE) contre les trait\u00e9s TAFTA et CETA a d\u00e9pass\u00e9, jeudi 4 d\u00e9cembre, le million de signatures dans toute l&#8217;Union. Une vague qu&#8217;il faut renforcer.<\/p>\n","protected":false},"author":1,"featured_media":0,"comment_status":"open","ping_status":"open","sticky":false,"template":"","format":"standard","meta":{"_themeisle_gutenberg_block_has_review":false,"footnotes":""},"categories":[208],"tags":[],"class_list":["post-8139","post","type-post","status-publish","format-standard","hentry","category-vigie-idees"],"_links":{"self":[{"href":"https:\/\/archives.regards.fr\/index.php?rest_route=\/wp\/v2\/posts\/8139","targetHints":{"allow":["GET"]}}],"collection":[{"href":"https:\/\/archives.regards.fr\/index.php?rest_route=\/wp\/v2\/posts"}],"about":[{"href":"https:\/\/archives.regards.fr\/index.php?rest_route=\/wp\/v2\/types\/post"}],"author":[{"embeddable":true,"href":"https:\/\/archives.regards.fr\/index.php?rest_route=\/wp\/v2\/users\/1"}],"replies":[{"embeddable":true,"href":"https:\/\/archives.regards.fr\/index.php?rest_route=%2Fwp%2Fv2%2Fcomments&post=8139"}],"version-history":[{"count":0,"href":"https:\/\/archives.regards.fr\/index.php?rest_route=\/wp\/v2\/posts\/8139\/revisions"}],"wp:attachment":[{"href":"https:\/\/archives.regards.fr\/index.php?rest_route=%2Fwp%2Fv2%2Fmedia&parent=8139"}],"wp:term":[{"taxonomy":"category","embeddable":true,"href":"https:\/\/archives.regards.fr\/index.php?rest_route=%2Fwp%2Fv2%2Fcategories&post=8139"},{"taxonomy":"post_tag","embeddable":true,"href":"https:\/\/archives.regards.fr\/index.php?rest_route=%2Fwp%2Fv2%2Ftags&post=8139"}],"curies":[{"name":"wp","href":"https:\/\/api.w.org\/{rel}","templated":true}]}}