{"id":8129,"date":"2014-12-05T12:18:52","date_gmt":"2014-12-05T11:18:52","guid":{"rendered":"https:\/\/wp.muchomaas.com\/article-rokhaya-diallo-a-des-paroles-et\/"},"modified":"2023-06-23T23:18:21","modified_gmt":"2023-06-23T21:18:21","slug":"article-rokhaya-diallo-a-des-paroles-et","status":"publish","type":"post","link":"https:\/\/archives.regards.fr\/?p=8129","title":{"rendered":"Rokhaya Diallo \u00e0 &#8220;Des paroles et des actes&#8221;"},"content":{"rendered":"<p class=\"post_excerpt\">Sur un plateau r\u00e9solument droitier, et face \u00e0 Robert M\u00e9nard, Rokhaya Diallo a port\u00e9 une parole essentielle et combative.<\/p>\n<p><em>\u00ab\u00a0Il faut accepter qu&#8217;un pr\u00e9nom comme Mohammed soit l&#8217;un des plus donn\u00e9s en Ile-de-France, c&#8217;est aussi une richesse de la France. (\u2026) Ma boulang\u00e8re est voil\u00e9e, elle fait une excellente baguette tradition \u00bb<\/em>\u2026 Ci-dessous, un extrait de l&#8217;\u00e9mission, dont <a href=\"http:\/\/www.francetvinfo.fr\/politique\/regardez-en-direct-des-paroles-et-des-actes-avec-melenchon-duflot-et-hamon_764651.html\">l&#8217;int\u00e9gralit\u00e9<\/a> est \u00e9galement visible sur le site de France T\u00e9l\u00e9visions (mais armez-vous contre l&#8217;exasp\u00e9ration ou le d\u00e9sespoir). Et retrouvez les chroniques de Rokhaya dans le trimestriel de <em>Regards<\/em>.<\/p>\n<p><iframe loading=\"lazy\" width=\"460\" height=\"345\" src=\"\/\/www.youtube.com\/embed\/-4uDl3MbLCs?rel=0&#038;showinfo=0\" frameborder=\"0\" allowfullscreen><\/iframe><div id='gallery-1' class='gallery galleryid-8129 gallery-columns-3 gallery-size-thumbnail'><figure class='gallery-item'>\n\t\t\t<div class='gallery-icon landscape'>\n\t\t\t\t<a href='https:\/\/archives.regards.fr\/wp-content\/uploads\/2014\/12\/vigie-rokhaya-afb.jpg'><img loading=\"lazy\" decoding=\"async\" width=\"150\" height=\"150\" src=\"https:\/\/archives.regards.fr\/wp-content\/uploads\/2014\/12\/vigie-rokhaya-afb-150x150.jpg\" class=\"attachment-thumbnail size-thumbnail\" alt=\"vigie-rokhaya.jpg\" \/><\/a>\n\t\t\t<\/div><\/figure>\n\t\t<\/div>\n<\/p>\n","protected":false},"excerpt":{"rendered":"<p>Sur un plateau r\u00e9solument droitier, et face \u00e0 Robert M\u00e9nard, Rokhaya Diallo a port\u00e9 une parole essentielle et combative.<\/p>\n","protected":false},"author":1,"featured_media":21031,"comment_status":"open","ping_status":"open","sticky":false,"template":"","format":"standard","meta":{"_themeisle_gutenberg_block_has_review":false,"footnotes":""},"categories":[208],"tags":[350],"class_list":["post-8129","post","type-post","status-publish","format-standard","has-post-thumbnail","hentry","category-vigie-idees","tag-racisme"],"_links":{"self":[{"href":"https:\/\/archives.regards.fr\/index.php?rest_route=\/wp\/v2\/posts\/8129","targetHints":{"allow":["GET"]}}],"collection":[{"href":"https:\/\/archives.regards.fr\/index.php?rest_route=\/wp\/v2\/posts"}],"about":[{"href":"https:\/\/archives.regards.fr\/index.php?rest_route=\/wp\/v2\/types\/post"}],"author":[{"embeddable":true,"href":"https:\/\/archives.regards.fr\/index.php?rest_route=\/wp\/v2\/users\/1"}],"replies":[{"embeddable":true,"href":"https:\/\/archives.regards.fr\/index.php?rest_route=%2Fwp%2Fv2%2Fcomments&post=8129"}],"version-history":[{"count":0,"href":"https:\/\/archives.regards.fr\/index.php?rest_route=\/wp\/v2\/posts\/8129\/revisions"}],"wp:featuredmedia":[{"embeddable":true,"href":"https:\/\/archives.regards.fr\/index.php?rest_route=\/wp\/v2\/media\/21031"}],"wp:attachment":[{"href":"https:\/\/archives.regards.fr\/index.php?rest_route=%2Fwp%2Fv2%2Fmedia&parent=8129"}],"wp:term":[{"taxonomy":"category","embeddable":true,"href":"https:\/\/archives.regards.fr\/index.php?rest_route=%2Fwp%2Fv2%2Fcategories&post=8129"},{"taxonomy":"post_tag","embeddable":true,"href":"https:\/\/archives.regards.fr\/index.php?rest_route=%2Fwp%2Fv2%2Ftags&post=8129"}],"curies":[{"name":"wp","href":"https:\/\/api.w.org\/{rel}","templated":true}]}}