{"id":8125,"date":"2014-12-04T16:00:42","date_gmt":"2014-12-04T15:00:42","guid":{"rendered":"https:\/\/wp.muchomaas.com\/article-gael-giraud-l-euro-ne-marche-pas\/"},"modified":"2014-12-04T16:00:42","modified_gmt":"2014-12-04T15:00:42","slug":"article-gael-giraud-l-euro-ne-marche-pas","status":"publish","type":"post","link":"https:\/\/archives.regards.fr\/?p=8125","title":{"rendered":"Ga\u00ebl Giraud : &#8220;Sortir de la sid\u00e9ration vis-\u00e0-vis de la finance&#8221;"},"content":{"rendered":"<p class=\"post_excerpt\">L&#8217;\u00e9conomiste Ga\u00ebl Giraud \u00e9tait jeudi matin sur France Inter pour r\u00e9pondre aux questions des auditeurs.<\/p>\n<p>Croissance, d\u00e9croissance, grand emprunt, transition \u00e9nerg\u00e9tique, r\u00f4le de l&#8217;\u00c9tat, euro : l&#8217;\u00e9conomiste Ga\u00ebl Giraud, <a href=\"https:\/\/wp.muchomaas.com\/web\/gael-giraud-la-transition,7823\">que nous avions interrog\u00e9 sur la transition \u00e9cologique<\/a>, a pr\u00e9fac\u00e9 l&#8217;ouvrage de son confr\u00e8re australien Steve Keen <em>L&#8217;Imposture \u00e9conomique<\/em>. Iconoclaste et volontariste, son discours est \u00e0 entendre.<\/p>\n<p><iframe loading=\"lazy\" frameborder=\"0\" width=\"460\" height=\"259\" src=\"\/\/www.dailymotion.com\/embed\/video\/x2bpom8\" allowfullscreen><\/iframe><\/p>\n","protected":false},"excerpt":{"rendered":"<p>L&#8217;\u00e9conomiste Ga\u00ebl Giraud \u00e9tait jeudi matin sur France Inter pour r\u00e9pondre aux questions des auditeurs.<\/p>\n","protected":false},"author":1,"featured_media":0,"comment_status":"open","ping_status":"open","sticky":false,"template":"","format":"standard","meta":{"_themeisle_gutenberg_block_has_review":false,"footnotes":""},"categories":[208],"tags":[],"class_list":["post-8125","post","type-post","status-publish","format-standard","hentry","category-vigie-idees"],"_links":{"self":[{"href":"https:\/\/archives.regards.fr\/index.php?rest_route=\/wp\/v2\/posts\/8125","targetHints":{"allow":["GET"]}}],"collection":[{"href":"https:\/\/archives.regards.fr\/index.php?rest_route=\/wp\/v2\/posts"}],"about":[{"href":"https:\/\/archives.regards.fr\/index.php?rest_route=\/wp\/v2\/types\/post"}],"author":[{"embeddable":true,"href":"https:\/\/archives.regards.fr\/index.php?rest_route=\/wp\/v2\/users\/1"}],"replies":[{"embeddable":true,"href":"https:\/\/archives.regards.fr\/index.php?rest_route=%2Fwp%2Fv2%2Fcomments&post=8125"}],"version-history":[{"count":0,"href":"https:\/\/archives.regards.fr\/index.php?rest_route=\/wp\/v2\/posts\/8125\/revisions"}],"wp:attachment":[{"href":"https:\/\/archives.regards.fr\/index.php?rest_route=%2Fwp%2Fv2%2Fmedia&parent=8125"}],"wp:term":[{"taxonomy":"category","embeddable":true,"href":"https:\/\/archives.regards.fr\/index.php?rest_route=%2Fwp%2Fv2%2Fcategories&post=8125"},{"taxonomy":"post_tag","embeddable":true,"href":"https:\/\/archives.regards.fr\/index.php?rest_route=%2Fwp%2Fv2%2Ftags&post=8125"}],"curies":[{"name":"wp","href":"https:\/\/api.w.org\/{rel}","templated":true}]}}