{"id":8117,"date":"2014-12-03T11:23:29","date_gmt":"2014-12-03T10:23:29","guid":{"rendered":"https:\/\/wp.muchomaas.com\/article-plan-juncker-changements-radicaux\/"},"modified":"2023-07-03T14:34:58","modified_gmt":"2023-07-03T12:34:58","slug":"article-plan-juncker-changements-radicaux","status":"publish","type":"post","link":"https:\/\/archives.regards.fr\/?p=8117","title":{"rendered":"Plan Juncker : changements radicaux exig\u00e9s"},"content":{"rendered":"<p class=\"post_excerpt\">La pr\u00e9sentation du plan Juncker a douch\u00e9 les espoirs de ceux qui en esp\u00e9raient une politique de relance europ\u00e9enne. Il faudra pour cela autre chose que des amendements accessoires.<\/p>\n<p>Le plan Juncker pr\u00e9sent\u00e9 au Parlement europ\u00e9en le 26 novembre par le nouveau pr\u00e9sident de la Commission a douch\u00e9 les espoirs de ceux qui misaient dessus pour sortir l\u2019\u00e9conomie europ\u00e9enne du marasme \u00e9conomique et <em>\u00ab pour remettre au travail les Europ\u00e9ens \u00bb<\/em>, ainsi qu\u2019il en affiche pourtant la pr\u00e9tention. Quatre d\u00e9fauts majeurs peuvent \u00eatre r\u00e9pertori\u00e9s.<\/p>\n<p><strong><em>L\u2019objectif fix\u00e9 n\u2019est pas du tout \u00e0 la hauteur des enjeux<br \/>\n<\/strong><\/em><\/p>\n<p>L\u2019objectif du plan est de mobiliser 315 milliards d\u2019euros suppl\u00e9mentaires d\u2019investissements publics et priv\u00e9s dans l\u2019\u00e9conomie r\u00e9elle au cours des trois prochaines ann\u00e9es. Les investissements \u00e9tant eux-m\u00eames r\u00e9alis\u00e9s en cinq ans, cela fait au mieux 60 milliards d\u2019investissements par an. C\u2019est \u00e0 peine 3% des 2.000 milliards d\u2019investissements publics et priv\u00e9s annuels effectu\u00e9s dans les pays de l\u2019union europ\u00e9enne. Alors que le recul depuis 2007 est globalement de pr\u00e8s de 20% dans la zone euro. Cela repr\u00e9sente 0.4% du PIB annuel de l\u2019Union europ\u00e9enne.<\/p>\n<p><strong>\u00c9volution de l\u2019investissement par pays en volume<br \/>\n<\/strong><\/p>\n<p>(formation brute de capital fixe)<\/p>\n<p><img loading=\"lazy\" decoding=\"async\" class=\" aligncenter size-full wp-image-21011\" src=\"https:\/\/wp.muchomaas.com\/wp-content\/uploads\/2014\/12\/bm-juncker-2-bc1.jpg\" alt=\"bm-juncker-2.jpg\" align=\"center\" width=\"460\" height=\"308\" srcset=\"https:\/\/archives.regards.fr\/wp-content\/uploads\/2014\/12\/bm-juncker-2-bc1.jpg 460w, https:\/\/archives.regards.fr\/wp-content\/uploads\/2014\/12\/bm-juncker-2-bc1-300x201.jpg 300w\" sizes=\"auto, (max-width: 460px) 100vw, 460px\" \/><br \/>\nSource : <a href=\"http:\/\/www.strategie.gouv.fr\/sites\/strategie.gouv.fr\/files\/atoms\/files\/na-16-fs-investissement-septembre2014-ok.pdf\">Y a-t-il un retard d\u2019investissement en France et en Europe depuis 2007 ?<\/a> \u00c9ude de France Strat\u00e9gie (septembre 2014)<\/p>\n<p><a href=\"http:\/\/www.bruegel.org\/nc\/blog\/detail\/article\/1486-measuring-europes-investment-problem\/\">L\u2019institut de recherche \u00e9conomique Bruegel<\/a> \u00e9value le d\u00e9ficit d\u2019investissement de l\u2019union europ\u00e9enne \u00e0 280 milliards dont 260 pour &#8220;l\u2019Europe des 15&#8221; (pays membres avant l\u2019\u00e9largissement \u00e0 l\u2019Est. Aux \u00c9tats-Unis \u2013 <a href=\"http:\/\/www.theguardian.com\/science\/political-science\/2014\/nov\/27\/junckers-investment-plan-how-to-radically-transform-it\">rappellent Mariana Mazzucato et Caetano Penna<\/a> \u2013,<em> \u00ab apr\u00e8s la crise financi\u00e8re, le gouvernement a investi 4% du PIB (787 milliards de dollars dans le Recovery and Reinvestment Act am\u00e9ricain de 2009 \u00bb.<\/em> Soit dix fois plus que le plan Juncker.<\/p>\n<p><strong><em>Le financement est plus qu\u2019improbable<br \/>\n<\/strong><\/em><\/p>\n<p>Le plan mise essentiellement sur les financements priv\u00e9s. \u00c9videmment, il mobilise aussi des capitaux publics pour rendre les investissements attractifs pour les capitaux priv\u00e9s. <\/p>\n<p><img decoding=\"async\" src=\"IMG\/jpg\/bm-juncker-1.jpg\" alt=\"bm-juncker-1.jpg\" align=\"center\" \/><br \/>\nsource : Commission europ\u00e9enne <\/p>\n<p>21 milliards d\u2019argent public (5 milliards par le Banque europ\u00e9enne d\u2019investissement et 16 milliards pr\u00e9lev\u00e9s sur le budget europ\u00e9en) sont apport\u00e9s en ressources d\u2019un Fonds europ\u00e9en d\u2019investissement strat\u00e9gique cr\u00e9\u00e9 pour l\u2019occasion et localis\u00e9 au sein de la Banque europ\u00e9enne d\u2019investissement (BEI). Ils sont suppos\u00e9s g\u00e9n\u00e9rer 315 milliards d\u2019investissements soit une multiplication par 15. La mobilisation de l\u2019argent priv\u00e9 se ferait en deux \u00e9tapes. Un emprunt sur les march\u00e9s financiers pour grossir les ressources du Fonds (63 milliards au total) et 252 milliards d\u2019argent priv\u00e9 qui seraient investis projet par projet. <\/p>\n<p>Non seulement c\u2019est la vielle histoire du &#8220;risque public-profits priv\u00e9s&#8221;. Mais la multiplication par quinze des petits pains publics semble, \u00e0 beaucoup, miraculeuse. L\u2019\u00e9conomiste Michel Aglietta fonde pour sa part ses pr\u00e9conisations pour un plan d\u2019investissements europ\u00e9ens sur un multiplicateur de 8 des fonds publics (pr\u00e9sentation au colloque CEPII-Groupama &#8220;La zone euro o\u00f9 en est-elle o\u00f9 va-t-elle ?&#8221;, Paris 20 novembre 2014). Le service de recherche \u00e9conomique de la banque Natixis, lui-m\u00eame, consid\u00e8re que compte tenu du sch\u00e9ma de financement retenu, <em>\u00ab tabler sur 130 \u00e0 190 milliards d\u2019euros sur trois ans semble plus raisonnable \u00bb<\/em>. Ce qui aboutit \u00e0 deux fois moins que les 315 milliards qui d\u00e9j\u00e0 ne faisaient pas beaucoup. <\/p>\n<p>En fait, le probl\u00e8me est beaucoup plus large que pr\u00e9voir un niveau r\u00e9aliste du multiplicateur entre fonds publics et fonds priv\u00e9s. L\u2019objectif de l\u2019argent public ne peut \u00eatre seulement de compenser la &#8220;financiarisation&#8221; croissante des entreprises et le court-termisme des march\u00e9s financiers qui font que, ni les banques, ni les march\u00e9s financiers , ni les entreprises ne financent les investissements permettant de sortir de la crise \u00e9conomique, sociale, \u00e9cologique et politique. Il faut aussi les combattre. Or le plan Juncker ne va du tout dans cette direction. <\/p>\n<p><strong><em>L\u2019aust\u00e9rit\u00e9 budg\u00e9taire et les r\u00e9formes antisociales affaiblissent encore sa port\u00e9e<br \/>\n<\/strong><\/em><\/p>\n<p>Non seulement le plan Juncker ne constitue pas une v\u00e9ritable impulsion vers un mode de d\u00e9veloppement durable et \u00e9cologique, ou une politique \u00e9conomique de relance qui serait conduite au niveau europ\u00e9en, mais il sera d\u2019autant moins efficace qu\u2019il maintient le cap sur des politiques \u00e9conomiques nationales d\u00e9flationnistes qui entrainent les investissements et l\u2019emploi \u00e0 la baisse.<br \/>\nLa priorit\u00e9 au niveau national reste la r\u00e9duction des d\u00e9ficits budg\u00e9taires (<a href=\"http:\/\/www.lemonde.fr\/economie\/article\/2014\/11\/29\/la-zone-euro-toujours-plus-proche-de-la-deflation_4531515_3234.html\">m\u00eame si la France obtient un d\u00e9lai suppl\u00e9mentaire<\/a>), et les r\u00e9formes de structures qui continuent d\u2019identifier comp\u00e9titivit\u00e9 et pression sur les salaires et sur les droits sociaux. <\/p>\n<p>Contredisant les r\u00e9centes pr\u00e9conisations pour la France des \u00e9conomistes <a href=\"http:\/\/www.economie.gouv.fr\/files\/files\/PDF\/Rapport_pisani-ferry_enderlein-VF.pdf\">Henrik Enderlein et Jean Pisani-Ferry<\/a>, des <a href=\"http:\/\/www.ofce.sciences-po.fr\/pdf\/documents\/prev\/prev1014\/es3291014.pdf\">chercheurs de l\u2019OFCE<\/a> montrent, dans une \u00e9tude parue en novembre que <em>\u00ab la d\u00e9valuation par les salaires dans la zone euro est un ajustement perdant- perdant \u00bb<\/em>. <\/p>\n<p><em>\u00ab D&#8217;une part,<\/em> \u00e9crivent-ils,<em> cette r\u00e9duction des co\u00fbts salariaux unitaires quasi-g\u00e9n\u00e9ralis\u00e9e modifie peu in fine les co\u00fbts salariaux relatifs et donc la comp\u00e9titivit\u00e9 relative des \u00e9conomies. Ainsi, les gains de parts de march\u00e9 \u00e0 l&#8217;exportation sont faibles et ne suffisent pas \u00e0 compenser la faiblesse de la demande interne. D&#8217;autre part, les r\u00e9formes structurelles visant \u00e0 fluidifier le march\u00e9 du travail risquent de fragiliser les plus jeunes et les moins dipl\u00f4m\u00e9s sur le march\u00e9 du travail (d\u00e9j\u00e0 les plus affect\u00e9s par la hausse du ch\u00f4mage depuis 2008) tandis que les plus qualifi\u00e9s et les plus exp\u00e9riment\u00e9s seront toujours favoris\u00e9s, notamment par le maintien sur le march\u00e9 de l&#8217;emploi. Ainsi, la segmentation du march\u00e9 du travail entre, d&#8217;une part les actifs les mieux int\u00e9gr\u00e9s et d&#8217;autre part les actifs les plus expos\u00e9s, ne diminuerait pas et accro\u00eetrait les in\u00e9galit\u00e9s si les protections sociales \u00e9taient r\u00e9duites \u00bb.<\/em><\/p>\n<p>Ajoutons que, s\u2019agissant sp\u00e9cifiquement des investissements, la pression exerc\u00e9e sur les budgets nationaux des Etats en d\u00e9ficit, les conduira au mieux \u00e0 transf\u00e9rer au niveau europ\u00e9en des investissements en fait d\u00e9j\u00e0 projet\u00e9s. L&#8217;\u00e9conomie des pays en d\u00e9ficit y gagnera-t-elle ? <\/p>\n<p><em>\u00ab C&#8217;est loin d&#8217;\u00eatre s\u00fbr, <\/em> <a href=\"http:\/\/www.latribune.fr\/actualites\/economie\/union-europeenne\/20140902tribd6b30f2b3\/que-peut-on-attendre-du-plan-juncker.html\">juge Romaric Godin dans <em>La Tribune<\/em><\/a>. <em>L&#8217;argent qui ne sera plus investi directement dans le pays manquera \u00e0 cette \u00e9conomie et ne reviendra qu&#8217;en partie via le FEIS. Le pari de Bruxelles, c&#8217;est que les investissements du FEIS sont plus efficients que ceux des \u00c9tats nationaux. C&#8217;est une croyance fort r\u00e9pandue \u00e0 la Commission, mais les faits lui donneront-ils raison ? \u00bb<\/em><\/p>\n<p><strong><em>Un plan sans v\u00e9ritable soutien politique<br \/>\n<\/strong><\/em><\/p>\n<p>Le plan Juncker n\u2019a re\u00e7u qu\u2019un soutien &#8220;de principe&#8221; de la part de la chanceli\u00e8re allemande. Les dirigeants allemands sont en r\u00e9alit\u00e9 plus que r\u00e9ticents vis-\u00e0-vis d\u2019une politique europ\u00e9enne d\u2019investissement qui pr\u00e9sente \u00e0 leurs yeux le risque majeur de pousser les exigences d\u2019un budget et d\u2019une solidarit\u00e9 europ\u00e9ennes. Et m\u00eame au plan national <a href=\"http:\/\/www.project-syndicate.org\/commentary\/germany-wrong-on-european-policy-by-marcel-fratzscher-2014-11\/french\">ils s\u2019arcboutent sur une r\u00e8gle d\u2019\u00e9quilibre budg\u00e9taire<\/a> qui s\u2019oppose \u00e0 toute v\u00e9ritable politique de relance des investissements nationaux. Les 15 et 16 d\u00e9cembre lors de la r\u00e9union du Conseil europ\u00e9en des chefs d\u2019\u00c9tat qui doit en discuter, il faut s\u2019attendre davantage \u00e0 des encadrements suppl\u00e9mentaires du plan qu\u2019\u00e0 des am\u00e9liorations pourtant indispensables.<\/p>\n<p><strong><em>Changements radicaux exig\u00e9s<br \/>\n<\/strong><\/em><\/p>\n<p>On le voit, pour qu\u2019un plan europ\u00e9en porte vraiment l\u2019ambition d\u2019une relance \u00e9conomique qui soit aussi celle d\u2019une transition vers un mod\u00e8le de d\u00e9veloppement durable et d\u2019une <em>\u00ab remise au travail \u00bb<\/em> des 24,5 millions de ch\u00f4meurs europ\u00e9ens, c\u2019est peu de dire qu\u2019il faudrait apporter des changements radicaux au plan Juncker actuel.<\/p>\n<p>Le plan devrait porter un v\u00e9ritable int\u00e9r\u00eat commun et une solidarit\u00e9 europ\u00e9enne.<\/p>\n<p>L\u2019objectif devrait \u00eatre d\u2019engager toute l\u2019Union europ\u00e9enne sur la voie d\u2019une transition \u00e9cologique et \u00e9nerg\u00e9tique pour limiter le changement climatique et de soutenir les pays membres les plus en difficult\u00e9. Il s\u2019agirait donc de substituer des \u00e9nergies renouvelables aux \u00e9nergies fossiles. Mais pas seulement. C\u2019est une transformation d\u2019ensemble du syst\u00e8me productif et de consommation qui est n\u00e9cessaire. <a href=\"http:\/\/www.ofce.sciences-po.fr\/pdf\/revue\/134\/revue-134.pdf\">Au moins 2% de PIB annuel, soit 300 milliards d\u2019euros d\u2019investissements<\/a>, seraient n\u00e9cessaires pour la production d\u2019\u00e9nergie bas carbone, pour les infrastructures, et pour stimuler la transition \u00e9nerg\u00e9tique dans les logements. Un co\u00fbt mon\u00e9taire du carbone devrait \u00eatre \u00e9tabli. <\/p>\n<p>Le plan devrait \u00eatre articul\u00e9 \u00e0 des r\u00e9formes de structures sociales radicalement diff\u00e9rentes de la course \u00e0 la d\u00e9valuation sociale. Le chantier est vaste : de la d\u00e9financiarisation de l\u2019entreprise, \u00e0 la mise en \u0153uvre effective de nouveaux droits sociaux, comme le droit \u00e0 la formation tout au long de la vie ; de la fin du dumping fiscal des entreprises et des r\u00e9mun\u00e9rations obsc\u00e8nes des dirigeants \u00e0 l\u2019\u00e9galit\u00e9 professionnelle homme\/ femme&#8230;<\/p>\n<p>Il devrait \u00eatre articul\u00e9 \u00e0 <a href=\"https:\/\/wp.muchomaas.com\/web\/article\/la-gauche-radicale-a-raison-a\">une restructuration du stock de la dette en priorit\u00e9 pour les pays en difficult\u00e9<\/a>, \u00e0 <a href=\"http:\/\/www.sussex.ac.uk\/spru\/documents\/2014-21-swps-mazzucato-and-penna.pdf \">une impulsion beaucoup plus forte du r\u00f4le des banques publiques d\u2019investissements nationales et europ\u00e9enne<\/a> et \u00e0 <a href=\"https:\/\/wp.muchomaas.com\/web\/climat-la-conference-de-paris-est,8067\">de nouvelles r\u00e9formes concernant la Banque centrale europ\u00e9enne<\/a>. <\/p>\n<p>L\u2019int\u00e9r\u00eat de la p\u00e9riode est que des voix diverses, pas seulement chez les \u00e9conomistes, commencent \u00e0 nourrir ces d\u00e9bats.<div id='gallery-1' class='gallery galleryid-8117 gallery-columns-3 gallery-size-thumbnail'><figure class='gallery-item'>\n\t\t\t<div class='gallery-icon landscape'>\n\t\t\t\t<a href='https:\/\/archives.regards.fr\/wp-content\/uploads\/2014\/12\/bm-juncker-2-fe5.jpg'><img loading=\"lazy\" decoding=\"async\" width=\"150\" height=\"150\" src=\"https:\/\/archives.regards.fr\/wp-content\/uploads\/2014\/12\/bm-juncker-2-fe5-150x150.jpg\" class=\"attachment-thumbnail size-thumbnail\" alt=\"bm-juncker-2.jpg\" \/><\/a>\n\t\t\t<\/div><\/figure>\n\t\t<\/div>\n<\/p>\n","protected":false},"excerpt":{"rendered":"<p>La pr\u00e9sentation du plan Juncker a douch\u00e9 les espoirs de ceux qui en esp\u00e9raient une politique de relance europ\u00e9enne. Il faudra pour cela autre chose que des amendements accessoires.<\/p>\n","protected":false},"author":1240,"featured_media":21011,"comment_status":"open","ping_status":"open","sticky":false,"template":"","format":"standard","meta":{"_themeisle_gutenberg_block_has_review":false,"footnotes":""},"categories":[186],"tags":[352],"class_list":["post-8117","post","type-post","status-publish","format-standard","has-post-thumbnail","hentry","category-les-choses-lues-par-monsieur-marx","tag-europe"],"_links":{"self":[{"href":"https:\/\/archives.regards.fr\/index.php?rest_route=\/wp\/v2\/posts\/8117","targetHints":{"allow":["GET"]}}],"collection":[{"href":"https:\/\/archives.regards.fr\/index.php?rest_route=\/wp\/v2\/posts"}],"about":[{"href":"https:\/\/archives.regards.fr\/index.php?rest_route=\/wp\/v2\/types\/post"}],"author":[{"embeddable":true,"href":"https:\/\/archives.regards.fr\/index.php?rest_route=\/wp\/v2\/users\/1240"}],"replies":[{"embeddable":true,"href":"https:\/\/archives.regards.fr\/index.php?rest_route=%2Fwp%2Fv2%2Fcomments&post=8117"}],"version-history":[{"count":0,"href":"https:\/\/archives.regards.fr\/index.php?rest_route=\/wp\/v2\/posts\/8117\/revisions"}],"wp:featuredmedia":[{"embeddable":true,"href":"https:\/\/archives.regards.fr\/index.php?rest_route=\/wp\/v2\/media\/21011"}],"wp:attachment":[{"href":"https:\/\/archives.regards.fr\/index.php?rest_route=%2Fwp%2Fv2%2Fmedia&parent=8117"}],"wp:term":[{"taxonomy":"category","embeddable":true,"href":"https:\/\/archives.regards.fr\/index.php?rest_route=%2Fwp%2Fv2%2Fcategories&post=8117"},{"taxonomy":"post_tag","embeddable":true,"href":"https:\/\/archives.regards.fr\/index.php?rest_route=%2Fwp%2Fv2%2Ftags&post=8117"}],"curies":[{"name":"wp","href":"https:\/\/api.w.org\/{rel}","templated":true}]}}