{"id":8099,"date":"2014-12-02T14:27:20","date_gmt":"2014-12-02T13:27:20","guid":{"rendered":"https:\/\/wp.muchomaas.com\/article-la-remunicipalisation-de-l-eau-une\/"},"modified":"2023-06-23T23:18:17","modified_gmt":"2023-06-23T21:18:17","slug":"article-la-remunicipalisation-de-l-eau-une","status":"publish","type":"post","link":"https:\/\/archives.regards.fr\/?p=8099","title":{"rendered":"La remunicipalisation de l\u2019eau, une vague de fond"},"content":{"rendered":"<p class=\"post_excerpt\">L\u2019Observatoire des multinationales, le Transnational Institute et PSIRU publient un \u00e9tat des lieux de la remunicipalisation de l\u2019eau dans le monde. <\/p>\n<p>Selon un rapport du Transnational Institute (TNI), de l\u2019Unit\u00e9 de recherches internationales sur les services publics (PSIRU) et de l\u2019Observatoire des multinationales, ce sont plus de 180 collectivit\u00e9s, dans 35 pays, qui ont repris la gestion directe de  leurs services d\u2019eau et d&#8217;assainissement au cours des quinze derni\u00e8res ann\u00e9es. <\/p>\n<p><img loading=\"lazy\" decoding=\"async\" class=\" aligncenter size-full wp-image-20976\" src=\"https:\/\/wp.muchomaas.com\/wp-content\/uploads\/2014\/12\/apologie-aa5.jpg\" alt=\"apologie.jpg\" align=\"center\" width=\"660\" height=\"380\" srcset=\"https:\/\/archives.regards.fr\/wp-content\/uploads\/2014\/12\/apologie-aa5.jpg 660w, https:\/\/archives.regards.fr\/wp-content\/uploads\/2014\/12\/apologie-aa5-300x173.jpg 300w\" sizes=\"auto, (max-width: 660px) 100vw, 660px\" \/><\/p>\n<p>Les multinationales de l&#8217;eau, dont les deux leaders fran\u00e7ais Veolia et Suez Environnement, voient le ph\u00e9nom\u00e8ne s&#8217;amplifier et s&#8217;internationaliser, y compris sur le march\u00e9 fran\u00e7ais : cette chasse gard\u00e9e dont la rente leur a permis une expansion mondiale a \u00e9t\u00e9 le th\u00e9\u00e2tre de retours en r\u00e9gie remarqu\u00e9s, \u00e0 Grenoble, Rennes, Rouen, Paris, Nice ou Montpellier. Les mobilisations locales contre les marges exorbitantes, l&#8217;opacit\u00e9 des comptes ou les n\u00e9gligences envers les r\u00e9seaux ont de plus en plus souvent raison des deux majors, au profit d&#8217;une reprise en main par les \u00e9lus et les usagers.<\/p>\n<p><strong>Lire <a href=\"http:\/\/multinationales.org\/Plus-de-180-villes-du-monde-ont\">l&#8217;article sur le site de l&#8217;Observatoire des multinationales<\/a> et le rapport &#8220;<a href=\"http:\/\/multinationales.org\/IMG\/pdf\/heretostay-fr.pdf\">L\u00e0 pour durer : la remunicipalisation de l\u2019eau, un ph\u00e9nom\u00e8ne global en plein essor&#8221;<\/a>.<\/strong><div id='gallery-1' class='gallery galleryid-8099 gallery-columns-3 gallery-size-thumbnail'><figure class='gallery-item'>\n\t\t\t<div class='gallery-icon landscape'>\n\t\t\t\t<a href='https:\/\/archives.regards.fr\/wp-content\/uploads\/2014\/11\/apologie-4f0.jpg'><img loading=\"lazy\" decoding=\"async\" width=\"150\" height=\"150\" src=\"https:\/\/archives.regards.fr\/wp-content\/uploads\/2014\/11\/apologie-4f0-150x150.jpg\" class=\"attachment-thumbnail size-thumbnail\" alt=\"apologie.jpg\" \/><\/a>\n\t\t\t<\/div><\/figure><figure class='gallery-item'>\n\t\t\t<div class='gallery-icon landscape'>\n\t\t\t\t<a href='https:\/\/archives.regards.fr\/wp-content\/uploads\/2014\/11\/remunicipalisation-947.jpg'><img loading=\"lazy\" decoding=\"async\" width=\"150\" height=\"150\" src=\"https:\/\/archives.regards.fr\/wp-content\/uploads\/2014\/11\/remunicipalisation-947-150x150.jpg\" class=\"attachment-thumbnail size-thumbnail\" alt=\"remunicipalisation.jpg\" \/><\/a>\n\t\t\t<\/div><\/figure>\n\t\t<\/div>\n<\/p>\n","protected":false},"excerpt":{"rendered":"<p>L\u2019Observatoire des multinationales, le Transnational Institute et PSIRU publient un \u00e9tat des lieux de la remunicipalisation de l\u2019eau dans le monde. <\/p>\n","protected":false},"author":1,"featured_media":20976,"comment_status":"open","ping_status":"open","sticky":false,"template":"","format":"standard","meta":{"_themeisle_gutenberg_block_has_review":false,"footnotes":""},"categories":[208],"tags":[],"class_list":["post-8099","post","type-post","status-publish","format-standard","has-post-thumbnail","hentry","category-vigie-idees"],"_links":{"self":[{"href":"https:\/\/archives.regards.fr\/index.php?rest_route=\/wp\/v2\/posts\/8099","targetHints":{"allow":["GET"]}}],"collection":[{"href":"https:\/\/archives.regards.fr\/index.php?rest_route=\/wp\/v2\/posts"}],"about":[{"href":"https:\/\/archives.regards.fr\/index.php?rest_route=\/wp\/v2\/types\/post"}],"author":[{"embeddable":true,"href":"https:\/\/archives.regards.fr\/index.php?rest_route=\/wp\/v2\/users\/1"}],"replies":[{"embeddable":true,"href":"https:\/\/archives.regards.fr\/index.php?rest_route=%2Fwp%2Fv2%2Fcomments&post=8099"}],"version-history":[{"count":0,"href":"https:\/\/archives.regards.fr\/index.php?rest_route=\/wp\/v2\/posts\/8099\/revisions"}],"wp:featuredmedia":[{"embeddable":true,"href":"https:\/\/archives.regards.fr\/index.php?rest_route=\/wp\/v2\/media\/20976"}],"wp:attachment":[{"href":"https:\/\/archives.regards.fr\/index.php?rest_route=%2Fwp%2Fv2%2Fmedia&parent=8099"}],"wp:term":[{"taxonomy":"category","embeddable":true,"href":"https:\/\/archives.regards.fr\/index.php?rest_route=%2Fwp%2Fv2%2Fcategories&post=8099"},{"taxonomy":"post_tag","embeddable":true,"href":"https:\/\/archives.regards.fr\/index.php?rest_route=%2Fwp%2Fv2%2Ftags&post=8099"}],"curies":[{"name":"wp","href":"https:\/\/api.w.org\/{rel}","templated":true}]}}