{"id":8092,"date":"2014-11-27T11:10:18","date_gmt":"2014-11-27T10:10:18","guid":{"rendered":"https:\/\/wp.muchomaas.com\/article-la-presse-marseillaise-en\/"},"modified":"2023-06-23T23:18:15","modified_gmt":"2023-06-23T21:18:15","slug":"article-la-presse-marseillaise-en","status":"publish","type":"post","link":"https:\/\/archives.regards.fr\/?p=8092","title":{"rendered":"La presse marseillaise en difficult\u00e9, le pluralisme en p\u00e9ril"},"content":{"rendered":"<p class=\"post_excerpt\">Au m\u00eame moment, deux titres de la presse marseillaise d\u2019opinion, La Marseillaise et Le Ravi, se trouvent dans la tourmente des r\u00e8glements judiciaires. Tous deux peuvent dispara\u00eetre et appellent \u00e0 les soutenir. Mauvais vent pour la d\u00e9mocratie\u2026<\/p>\n<p>L\u2019un est un grand quotidien r\u00e9gional de gauche, ancr\u00e9 \u00e0 gauche depuis 1943, l\u2019autre est une publication humoristique, caustique et ind\u00e9pendante. <\/p>\n<p><strong><em>La Marseillaise, la gauche dans la tourmente<br \/>\n<\/strong><\/em><\/p>\n<p><em>La Marseillaise<\/em> a une histoire glorieuse. Le journal est n\u00e9 dans la clandestinit\u00e9, en d\u00e9cembre 1943. Il est alors l\u2019organe du Front national, l\u2019organisation r\u00e9sistante que le PCF a cr\u00e9\u00e9e en mai 1941. En 1944, il repara\u00eet au grand jour. Il deviendra par la suite le quotidien r\u00e9gional du Parti communiste et le restera officiellement jusqu\u2019en 1967.<\/p>\n<p>Pendant longtemps, la grande cit\u00e9 phoc\u00e9enne pouvait lire chaque jour trois grands journaux : l\u2019un \u00e9tait \u00e0 droite (<em>Le M\u00e9ridional<\/em> de l\u2019armateur Jean Fraissinet), l\u2019autre \u00e9tait socialiste (<em>Le Proven\u00e7al<\/em> de Gaston Defferre), le troisi\u00e8me \u00e9tait donc communiste (deux d\u00e9put\u00e9s communistes de Marseille, Fran\u00e7ois Billoux, puis Guy Hermier, en ont longtemps \u00e9t\u00e9 les directeurs).<\/p>\n<p>Le paysage s\u2019est \u00e9lagu\u00e9. <em>Le Proven\u00e7al<\/em> est devenu <em>La Provence<\/em>, apr\u00e8s avoir absorb\u00e9 en 1997 son concurrent de droite <em>Le M\u00e9ridional<\/em>. Propri\u00e9t\u00e9 successive d\u2019Hachette et d\u2019Hersant, il est pass\u00e9 en 2013 sous le contr\u00f4le de Bernard Tapie. Inutile de pr\u00e9ciser que le rapport du journal au socialisme et \u00e0 la gauche s\u2019est fait quelque peu t\u00e9nu\u2026 Par la force des choses, <em>La Marseillaise<\/em>, dont les liens avec le PC sont moins contraignants que par le pass\u00e9, est donc le seul quotidien de gauche de l\u2019espace m\u00e9ridional.<\/p>\n<p>Le journal rayonne aujourd\u2019hui sur six d\u00e9partements du littoral m\u00e9diterran\u00e9en. Il dispose de sa propre imprimerie et emploie 208 personnes, dont 75 journalistes accr\u00e9dit\u00e9s. Ses probl\u00e8mes de long terme sont ceux de la presse en g\u00e9n\u00e9ral et de la presse d\u00e9mocratique en g\u00e9n\u00e9ral : tassement continu des ventes, chute des recettes publicitaires, insuffisance des aides publiques\u2026 Ajoutons que le quotidien n\u2019est adoss\u00e9 \u00e0 aucun groupe de presse qui puisse conforter sa tr\u00e9sorerie, couvrir son endettement et assurer financi\u00e8rement ses investissements. La semaine derni\u00e8re, le PDG du journal, Jean-Louis Bousquet, a annonc\u00e9 que des pertes consid\u00e9rables enregistr\u00e9es en 2014 (un \u00e0 un million et demi d\u2019euros) obligeaient La Marseillaise \u00e0 demander un redressement judiciaire, que le Tribunal de commerce a accept\u00e9 ce mardi 15 novembre.<\/p>\n<p>A priori, le journal est sauv\u00e9, pour un temps tout au moins. Le PDG a d\u2019ores et d\u00e9j\u00e0 annonc\u00e9 qu\u2019allait \u00eatre adopt\u00e9 <em>\u00ab un plan de sauvegarde \u00bb<\/em>, sous la forme notamment d\u2019un <em>\u00ab plan de restructuration \u00bb<\/em>, dont le d\u00e9l\u00e9gu\u00e9 SNJ-CGT, Jean-Marie Dinh redoute qu\u2019il ne comporte un co\u00fbt humain tr\u00e8s lourd (un chiffre de soixante-dix licenciements possibles a m\u00eame \u00e9t\u00e9 \u00e9voqu\u00e9 par le syndicat). Dans l\u2019imm\u00e9diat, la direction du journal envisage <em>\u00ab d\u2019en appeler \u00e0 nos lecteurs, au monde politique et de chercher d\u2019\u00e9ventuels  partenaires \u00bb<\/em>. Le directeur du journal, Michel Montana, se veut optimiste et compte sur le sursaut de ceux qui ne veulent pas voir dispara\u00eetre l\u2019originalit\u00e9 marseillaise bien rare d\u2019une grande ville disposant encore d\u2019un \u00ab pluralisme de journaux \u00bb.<\/p>\n<p>Les collectivit\u00e9s locales, aux moyens par ailleurs sous tension, et surtout l\u2019\u00c9tat pourront-ils et voudront-ils r\u00e9agir ? Nul ne le sait. Le plus assur\u00e9 est la mobilisation du lectorat et de l\u2019environnement citoyen. Pour cela, le quotidien organise la mobilisation, sous la forme <a href=\"http:\/\/pourquevivelamarseillaise.blogspot.fr\/\">d\u2019une p\u00e9tition que l\u2019on peut signer sur le site du journal<\/a>. Gros enjeu que celui-l\u00e0 : rien moins que la survie d\u2019un titre qui a soixante-dix ans d\u2019\u00e2ge, l\u2019un des derniers issus de la R\u00e9sistance.<\/p>\n<p>Antoine Chatelain.<\/p>\n<p><strong><em>Le Ravi se bat pour rester en vie<br \/>\n<\/strong><\/em><\/p>\n<p><em>Le Ravi<\/em> est en difficult\u00e9 et ce n&#8217;est une bonne nouvelle pour personne. Toutes les r\u00e9gions n&#8217;ont pas la chance d&#8217;avoir une publication qui s&#8217;attache chaque mois \u00e0 d\u00e9crypter les enjeux locaux avec ce qu&#8217;il faut d&#8217;humour, d&#8217;effronterie mais aussi de rigueur journalistique. C&#8217;est le cas en PACA, o\u00f9 <em>Le Ravi <\/em> est un peu plus qu&#8217;une simple feuille de chou venant chatouiller les pieds des deux institutions de la PQR que sont la Provence et la Marseillaise. <\/p>\n<p>Lanc\u00e9 il y a onze ans, anim\u00e9 par une \u00e9quipe toujours motiv\u00e9e et \u00e9dit\u00e9 par l&#8217;association la tchatche, le &#8220;mensuel qui ne baisse pas les bras&#8221; joue aussi un r\u00f4le d&#8217;agitateur politique. Passant les conseils municipaux au &#8220;contr\u00f4le technique&#8221;, proposant des d\u00e9bats publics en p\u00e9riode \u00e9lectorale, enqu\u00eatant r\u00e9guli\u00e8rement sur les affaires impliquant le personnel politique local. Et organisant des &#8220;rencontres de la presse pas pareille&#8221; auxquelles <em>Regards<\/em> avait \u00e9t\u00e9 convi\u00e9 et pris part.<\/p>\n<p>Malgr\u00e9 ce travail salutaire et reconnu, <em>Le Ravi<\/em> n&#8217;\u00e9chappe pas aux difficult\u00e9s \u00e9conomiques r\u00e9currentes qui touchent toute la presse alternative et ind\u00e9pendante. Cette fois, la situation est critique. Une audience avait lieu cette apr\u00e8s-midi du 25 novembre au Tribunal de commerce de Marseille. L&#8217;\u00e9quipe du journal veut \u00e9viter la liquidation et vise le redressement. <\/p>\n<p>Le verdict sera rendu dans quinze jours mais la mobilisation a d&#8217;ores et d\u00e9j\u00e0 commenc\u00e9. Avec en perspective une refonte du titre en septembre 2015, les journalistes se pr\u00e9parent \u00e0 faire vache maigre et s&#8217;appr\u00eatent \u00e0 sortir quelques Ravi de crise. En d\u00e9cembre, puis les mois suivants. <\/p>\n<p>La volont\u00e9 et la motivation ne font pas d\u00e9faut mais les soutiens et l&#8217;argent, si. Avec 60.000 euros, \u00e7a irait beaucoup mieux. Et comme tous les journaux, ils sont preneurs d&#8217;abonn\u00e9s.<\/p>\n<p>E.R. <\/p>\n<p>Toutes les infos sur <a href=\"http:\/\/www.leravi.org\">www.leravi.org<\/a><br \/>\net une adresse postale :<br \/>\nAssociation La Tchatche<br \/>\n11 boulevard National, 13001 Marseille<br \/>\nT\u00e9l : 04 91 08 78 77<br \/>\n<div id='gallery-1' class='gallery galleryid-8092 gallery-columns-3 gallery-size-thumbnail'><figure class='gallery-item'>\n\t\t\t<div class='gallery-icon landscape'>\n\t\t\t\t<a href='https:\/\/archives.regards.fr\/wp-content\/uploads\/2014\/11\/marseille-5-2de.jpg'><img loading=\"lazy\" decoding=\"async\" width=\"150\" height=\"150\" src=\"https:\/\/archives.regards.fr\/wp-content\/uploads\/2014\/11\/marseille-5-2de-150x150.jpg\" class=\"attachment-thumbnail size-thumbnail\" alt=\"marseille-5.jpg\" \/><\/a>\n\t\t\t<\/div><\/figure>\n\t\t<\/div>\n<\/p>\n","protected":false},"excerpt":{"rendered":"<p>Au m\u00eame moment, deux titres de la presse marseillaise d\u2019opinion, La Marseillaise et Le Ravi, se trouvent dans la tourmente des r\u00e8glements judiciaires. Tous deux peuvent dispara\u00eetre et appellent \u00e0 les soutenir. Mauvais vent pour la d\u00e9mocratie\u2026<\/p>\n","protected":false},"author":643,"featured_media":20958,"comment_status":"open","ping_status":"open","sticky":false,"template":"","format":"standard","meta":{"_themeisle_gutenberg_block_has_review":false,"footnotes":""},"categories":[10],"tags":[287],"class_list":["post-8092","post","type-post","status-publish","format-standard","has-post-thumbnail","hentry","category-societe","tag-medias"],"_links":{"self":[{"href":"https:\/\/archives.regards.fr\/index.php?rest_route=\/wp\/v2\/posts\/8092","targetHints":{"allow":["GET"]}}],"collection":[{"href":"https:\/\/archives.regards.fr\/index.php?rest_route=\/wp\/v2\/posts"}],"about":[{"href":"https:\/\/archives.regards.fr\/index.php?rest_route=\/wp\/v2\/types\/post"}],"author":[{"embeddable":true,"href":"https:\/\/archives.regards.fr\/index.php?rest_route=\/wp\/v2\/users\/643"}],"replies":[{"embeddable":true,"href":"https:\/\/archives.regards.fr\/index.php?rest_route=%2Fwp%2Fv2%2Fcomments&post=8092"}],"version-history":[{"count":0,"href":"https:\/\/archives.regards.fr\/index.php?rest_route=\/wp\/v2\/posts\/8092\/revisions"}],"wp:featuredmedia":[{"embeddable":true,"href":"https:\/\/archives.regards.fr\/index.php?rest_route=\/wp\/v2\/media\/20958"}],"wp:attachment":[{"href":"https:\/\/archives.regards.fr\/index.php?rest_route=%2Fwp%2Fv2%2Fmedia&parent=8092"}],"wp:term":[{"taxonomy":"category","embeddable":true,"href":"https:\/\/archives.regards.fr\/index.php?rest_route=%2Fwp%2Fv2%2Fcategories&post=8092"},{"taxonomy":"post_tag","embeddable":true,"href":"https:\/\/archives.regards.fr\/index.php?rest_route=%2Fwp%2Fv2%2Ftags&post=8092"}],"curies":[{"name":"wp","href":"https:\/\/api.w.org\/{rel}","templated":true}]}}