{"id":8086,"date":"2014-11-26T04:45:57","date_gmt":"2014-11-26T03:45:57","guid":{"rendered":"https:\/\/wp.muchomaas.com\/article-ac-cobra-et-arte-povera\/"},"modified":"2023-06-23T23:18:15","modified_gmt":"2023-06-23T21:18:15","slug":"article-ac-cobra-et-arte-povera","status":"publish","type":"post","link":"https:\/\/archives.regards.fr\/?p=8086","title":{"rendered":"Philharmonie de Paris : AC Cobra vs Arte povera"},"content":{"rendered":"<p class=\"post_excerpt\">Le dialogue \u2013 ou la controverse \u2013 se poursuit entre les architectes Jean Nouvel et Paul Chemetov \u00e0 propos de la Philharmonie de Paris et de son co\u00fbt : le second a souhait\u00e9 donner suite au droit de r\u00e9ponse de son confr\u00e8re.<\/p>\n<p><em>\u00c0 la suite de l&#8217;article de Paul Chemetov <a href=\"https:\/\/wp.muchomaas.com\/web\/droit-de-reponse-de-jean-nouvel-a,8075\">&#8220;Le prix de l&#8217;architecte&#8221;<\/a>, Jean Nouvel nous a adress\u00e9 le texte <a href=\"https:\/\/wp.muchomaas.com\/web\/droit-de-reponse-de-jean-nouvel-a,8075\">&#8220;AC Cobra&#8221;<\/a> publi\u00e9 en d\u00e9but de semaine\u2026 auquel le premier cit\u00e9 a souhait\u00e9 \u00e0 son tour r\u00e9agir.<\/em><\/p>\n<p>Jean Nouvel aime les belles voitures, l\u2019AC Cobra en l\u2019occurrence. Il rejoint dans cet amour de la belle m\u00e9canique Le Corbusier et sa Voisin, Jean Prouv\u00e9 et ses Alfa ou sa 15 Citro\u00ebn, Marcel Lods aux commandes de son zinc et tant d\u2019autres amateurs des Bugatti, Hotchkiss, Delage ou Delahaye \u2013 et de nos jours des Porsche, Ferrari ou Maserati. <\/p>\n<p>Nul ne saurait le lui reprocher. Depuis les futuristes, c\u2019est une passion contemporaine. Mais comment partager cette passion avec ceux qui roulent en Clio ? Dans un monde o\u00f9 il n\u2019y a pas AC pour tous ? Et je ne me d\u00e9lecte pas des malheurs de la Philharmonie, contrairement \u00e0 ce qu\u2019\u00e9crit Jean Nouvel. Il est le plus c\u00e9l\u00e8bre d\u2019entre nous, je l\u2019\u00e9crivis dans <em>Regards<\/em> et j\u2019ajoutai<em> \u00ab ce projet installe la musique au c\u0153ur d\u2019un quartier populaire, en bordure du p\u00e9riph\u00e9rique m\u00eame, dans le parc de la Villette\u2026 l\u2019id\u00e9e d\u2019une salle o\u00f9 les spectateurs sont r\u00e9partis tout autour des musiciens, comme celles des toits accessibles \u00e0 la promenade font partie des atouts du projet \u00bb<\/em>. Comme compliments, ce n\u2019est d\u00e9j\u00e0 pas mal, peu de projets en m\u00e9riteraient tant.<\/p>\n<p>Et puisque Jean Nouvel fait l\u2019\u00e9loge de l\u2019AUA, l\u2019honneur de cet atelier fut de construire ses projets, de faire \u0153uvre dans les m\u00eames budgets que ceux des grands ensembles ! <em>Arte povera<\/em> ! Il est regrettable que Jean Nouvel n\u2019ait pas trouv\u00e9 son Louis II de Bavi\u00e8re pour aller au bout de ce qu\u2019il esp\u00e9rait. Mais quand il affirme que le prix de toute salle de concert ramen\u00e9 au fauteuil est de 100.000 euros \u2013 le prix d\u2019un logement \u2013 c\u2019est tout de m\u00eame quatre fois le prix habituel d\u2019excellentes salles sur le plan acoustique et sc\u00e9nographique. Les malheurs de Jean Nouvel nous atteignent tous et nous sont renvoy\u00e9s dans la gueule par des smicards qui entendent tinter les millions des projets comme le montant des retraites chapeau.<\/p>\n<p><strong><em>La liste des b\u00e2timents incertains<br \/>\n<\/strong><\/em><\/p>\n<p>Contrairement \u00e0 ce que dit Jean Nouvel, je ne me r\u00e9jouis pas de sa mise \u00e0 l\u2019\u00e9cart sur le chantier de la Philharmonie, car c\u2019est nous tous qui demain seront priv\u00e9s de chantier. C\u2019est d\u00e9j\u00e0 l\u2019insulte qui nous est faite \u00ab vous dites exercer une profession lib\u00e9rale\u2026 lib\u00e9rale de l\u2019argent des autres, \u00e9videmment \u00bb ! Il fut un temps, Jean Nouvel m\u2019invitait \u00e0 d\u00e9jeuner au Stresa, excellent restaurant italien. Qu\u2019aurait-il pens\u00e9 si \u00e0 la fin du repas le patron lui avait froidement demand\u00e9 trois ou quatre fois le prix figurant sur le menu ? C\u2019est aussi l\u2019histoire de la Philharmonie.<\/p>\n<p>Ce que tous reconnaissent \u00e0 l\u2019architecte Jean Nouvel, c\u2019est son intelligence prot\u00e9iforme, ce que je regrette c\u2019est son sentiment de jalousie \u2013 non pas celui qu\u2019il m\u2019attribue, mais celui qui le fait r\u00e9agir \u00e0 mon article dans Regards, car mon principal tort est d\u2019avoir parl\u00e9 de la perfection sculpturale et technique de l\u2019\u0153uvre de Franck Gehry \u00e0 propos de la Fondation Louis Vuitton et de l\u2019\u00e9cume des formes pour la Philharmonie. Et pour cela Jean Nouvel r\u00e9agit en lion bless\u00e9. <\/p>\n<p>Les retards et les al\u00e9as financiers de ce chantier vont l\u2019emp\u00eacher de faire ce qu\u2019il esp\u00e9rait et, surtout aujourd\u2019hui que Gehry et Piano \u00e0 la Fondation Seydoux ont avant lui r\u00e9ussi leur pari, il rejoindra dans la liste des b\u00e2timents incertains Piano pour son centre commercial de Bercy et Gehry pour son Centre culturel am\u00e9ricain alors que Beaubourg, la Fondation Cartier ou Vuitton, des m\u00eames architectes restent et resteront de purs chefs d\u2019\u0153uvre. Nobody is perfect, cher Jean Nouvel.<br \/>\n<div id='gallery-1' class='gallery galleryid-8086 gallery-columns-3 gallery-size-thumbnail'><figure class='gallery-item'>\n\t\t\t<div class='gallery-icon landscape'>\n\t\t\t\t<a href='https:\/\/archives.regards.fr\/wp-content\/uploads\/2014\/11\/philharmonie-3-9b7.jpg'><img loading=\"lazy\" decoding=\"async\" width=\"150\" height=\"150\" src=\"https:\/\/archives.regards.fr\/wp-content\/uploads\/2014\/11\/philharmonie-3-9b7-150x150.jpg\" class=\"attachment-thumbnail size-thumbnail\" alt=\"philharmonie-3.jpg\" \/><\/a>\n\t\t\t<\/div><\/figure>\n\t\t<\/div>\n<\/p>\n","protected":false},"excerpt":{"rendered":"<p>Le dialogue \u2013 ou la controverse \u2013 se poursuit entre les architectes Jean Nouvel et Paul Chemetov \u00e0 propos de la Philharmonie de Paris et de son co\u00fbt : le second a souhait\u00e9 donner suite au droit de r\u00e9ponse de son confr\u00e8re.<\/p>\n","protected":false},"author":1,"featured_media":20949,"comment_status":"open","ping_status":"open","sticky":false,"template":"","format":"standard","meta":{"_themeisle_gutenberg_block_has_review":false,"footnotes":""},"categories":[157],"tags":[423],"class_list":["post-8086","post","type-post","status-publish","format-standard","has-post-thumbnail","hentry","category-web","tag-architecture"],"_links":{"self":[{"href":"https:\/\/archives.regards.fr\/index.php?rest_route=\/wp\/v2\/posts\/8086","targetHints":{"allow":["GET"]}}],"collection":[{"href":"https:\/\/archives.regards.fr\/index.php?rest_route=\/wp\/v2\/posts"}],"about":[{"href":"https:\/\/archives.regards.fr\/index.php?rest_route=\/wp\/v2\/types\/post"}],"author":[{"embeddable":true,"href":"https:\/\/archives.regards.fr\/index.php?rest_route=\/wp\/v2\/users\/1"}],"replies":[{"embeddable":true,"href":"https:\/\/archives.regards.fr\/index.php?rest_route=%2Fwp%2Fv2%2Fcomments&post=8086"}],"version-history":[{"count":0,"href":"https:\/\/archives.regards.fr\/index.php?rest_route=\/wp\/v2\/posts\/8086\/revisions"}],"wp:featuredmedia":[{"embeddable":true,"href":"https:\/\/archives.regards.fr\/index.php?rest_route=\/wp\/v2\/media\/20949"}],"wp:attachment":[{"href":"https:\/\/archives.regards.fr\/index.php?rest_route=%2Fwp%2Fv2%2Fmedia&parent=8086"}],"wp:term":[{"taxonomy":"category","embeddable":true,"href":"https:\/\/archives.regards.fr\/index.php?rest_route=%2Fwp%2Fv2%2Fcategories&post=8086"},{"taxonomy":"post_tag","embeddable":true,"href":"https:\/\/archives.regards.fr\/index.php?rest_route=%2Fwp%2Fv2%2Ftags&post=8086"}],"curies":[{"name":"wp","href":"https:\/\/api.w.org\/{rel}","templated":true}]}}