{"id":8084,"date":"2014-11-25T06:59:01","date_gmt":"2014-11-25T05:59:01","guid":{"rendered":"https:\/\/wp.muchomaas.com\/article-etats-unis-liberalisation\/"},"modified":"2014-11-25T06:59:01","modified_gmt":"2014-11-25T05:59:01","slug":"article-etats-unis-liberalisation","status":"publish","type":"post","link":"https:\/\/archives.regards.fr\/?p=8084","title":{"rendered":"\u00c9tats-Unis : lib\u00e9ralisation, militarisation, incarc\u00e9ration"},"content":{"rendered":"<p class=\"post_excerpt\">Les \u00e9meutes de Ferguson ont repris avec l&#8217;annonce que le policier qui a tu\u00e9 Michael Brown ne serait pas poursuivi. L&#8217;affaire illustre la fuite en avant du pays dans une r\u00e9pression brutale\u2026 mais pas tout \u00e0 fait aveugle quant au choix de ses victimes.<\/p>\n<p>Le 9 ao\u00fbt dernier, Michael Brown, un adolescent noir, \u00e9tait abattu \u00e0 Ferguson dans le Missouri. Ce v\u00e9ritable assassinat, apr\u00e8s tant d&#8217;autres, a suscit\u00e9 une immense vague de protestations et d&#8217;\u00e9meutes contre les m\u00e9thodes brutales d&#8217;une police militaris\u00e9e et raciste. <\/p>\n<p>Lundi 24 novembre, le grand jury charg\u00e9 de la question a tranch\u00e9 : le policier blanc qui a fait feu \u00e0 douze reprises dans une histoire de vol pr\u00e9sum\u00e9 de cigarillos ne sera pas poursuivi. Cette d\u00e9cision a imm\u00e9diatement suscit\u00e9 la col\u00e8re de centaines de manifestants \u00e0 Ferguson m\u00eame, o\u00f9 le couvre feu a \u00e9t\u00e9 d\u00e9cr\u00e9t\u00e9, et des manifestation ont eu lieu dans plusieurs grandes villes am\u00e9ricaines.<\/p>\n<p><strong><em>Une police am\u00e9ricaine brutale et militaris\u00e9e<br \/>\n<\/strong><\/em><\/p>\n<p>Il y a quelques jours seulement, le 22 novembre, un jeune afro-am\u00e9ricain de douze ans qui s&#8217;amusait sur une aire de jeux \u00e0 Cleveland avec un pistolet en plastique a \u00e9t\u00e9 tu\u00e9 par deux policiers. Ces deux \u00e9v\u00e9nements r\u00e9cents viennent allonger la longue liste des victimes de la police am\u00e9ricaine, avec une constance : les forces de l&#8217;ordre ont la g\u00e2chette d&#8217;autant plus facile que le suspect est noir.<\/p>\n<p>Les m\u00e9thodes exp\u00e9ditives de la police aux \u00c9tats-Unis sont certes connues de longue date, elles n&#8217;en sont pas moins hallucinantes. Un des exemples les plus \u00e9clairants est sans doute <a href=\"http:\/\/www.rtbf.be\/info\/societe\/detail_usa-un-sdf-abattu-en-rue-de-46-projectiles-par-8-policiers-video?id=8390359\">cette vid\u00e9o<\/a> qui date de 2012 mais qui vient juste d&#8217;\u00eatre rendue publique sur Youtube. On y voit l&#8217;ex\u00e9cution pure et simple d&#8217;un SDF, d\u00e9ficient mental, par huit policiers. Ceux-ci, comme \u00e0 l&#8217;exercice, vont tirer quarante-six balles en trois secondes et le touchent mortellement \u00e0 quatorze reprises. Comble du sordide, dans une mare de sang, les forces de l&#8217;ordre tentent de menotter le cadavre. Faut-il pr\u00e9ciser qu&#8217;une nouvelle fois la victime \u00e9tait noire ?<\/p>\n<p>Le sur\u00e9quipement des unit\u00e9s de maintien de l&#8217;ordre aux USA a pris de folles proportions. L&#8217;American Civil Liberties Union (ACLU) d\u00e9nonce cette militarisation depuis de longues ann\u00e9es. <a href=\"https:\/\/www.aclu.org\/blog\/criminal-law-reform-national-security\/spotted-campus-armored-mine-resistant-monster-trucks\">Sur son site<\/a>, on peut notamment apercevoir un \u00e9tonnant v\u00e9hicule blind\u00e9, r\u00e9sistant aux mines, de dix-neuf tonnes, propri\u00e9t\u00e9 de l&#8217;universit\u00e9 de l&#8217;Ohio : un achat p\u00e9dagogique r\u00e9alis\u00e9 dans le cadre d&#8217;un programme f\u00e9d\u00e9ral. <\/p>\n<p><strong><em>4,3 milliards d&#8217;\u00e9quipements militaires pour la police<br \/>\n<\/strong><\/em><\/p>\n<p>Plus g\u00e9n\u00e9ralement, dans un long rapport intitul\u00e9 <em><a href=\"https:\/\/www.aclu.org\/sites\/default\/files\/assets\/jus14-warcomeshome-report-web-rel1.pdf\">War comes home<\/a><\/em> (La guerre arrive \u00e0 la maison), l&#8217;ACLU estime que ce sont pr\u00e8s de 4,3 milliards d&#8217;\u00e9quipements militaires qui ont \u00e9t\u00e9 transf\u00e9r\u00e9s du minist\u00e8re de la D\u00e9fense \u00e0 la police entre 1990 et 2013. Dans le cadre du programme dit 1033, ce sont non seulement des dizaines de milliers d&#8217;armes automatiques, mais aussi des centaines de v\u00e9hicules blind\u00e9s et d&#8217;h\u00e9licopt\u00e8res qui ont \u00e9t\u00e9 c\u00e9d\u00e9s aux diff\u00e9rentes unit\u00e9s de police.<\/p>\n<p>Le d\u00e9veloppement exponentiel des SWAT, les unit\u00e9s sp\u00e9ciales d&#8217;intervention, est tel que pr\u00e8s de 80% des villes am\u00e9ricaines de plus de 25.000 habitants en auraient une (<a href=\"http:\/\/abonnes.lemonde.fr\/les-decodeurs\/visuel_interactif\/2014\/08\/21\/ferguson-produit-d-une-longue-histoire-de-brutalites-policieres_4474169_4355770.html\">lire ici<\/a>). Initialement pr\u00e9vues pour g\u00e9rer des situations \u00e0 haut risque de type prise d&#8217;otage (un peu comme le GIGN en France), ces unit\u00e9s sont d\u00e9sormais essentiellement utilis\u00e9es pour r\u00e9aliser les mandats de perquisition : 79% des interventions des SWAT en 2011 et 2012 selon le rapport de l&#8217;ACLU.<\/p>\n<p>\u00c0 cette militarisation des activit\u00e9s de police vient s&#8217;ajouter un autre \u00e9l\u00e9ment : une forte diff\u00e9renciation raciale dans l&#8217;utilisation de ces forces paramilitaires, qui touche de mani\u00e8re disproportionn\u00e9e les minorit\u00e9s et en particulier les afro-am\u00e9ricains. Une situation corr\u00e9l\u00e9e avec la composition des effectifs de police marqu\u00e9e par une sous-repr\u00e9sentation des Noirs en son sein.<\/p>\n<p><strong><em>Explosion de la population carc\u00e9rale<br \/>\n<\/strong><\/em><\/p>\n<p>L&#8217;ampleur de la population carc\u00e9rale aux \u00c9tats-Unis est ph\u00e9nom\u00e9nale, 25% des prisonniers dans le monde. En 2012, avec 2,2 millions de personnes en prison, les USA ont le taux d&#8217;incarc\u00e9ration le plus \u00e9lev\u00e9 du monde. En valeur absolue, cela repr\u00e9sente autant de d\u00e9tenus que la Chine (1,5 million) et la Russie (750.000) r\u00e9unies. C&#8217;est dire la performance. Ramen\u00e9e \u00e0 la France, cette situation \u00e9quivaudrait \u00e0 450.000 prisonniers au lieu des 69.000 actuellement d\u00e9tenus. <\/p>\n<p>Mais au-del\u00e0 m\u00eame du chiffre, c&#8217;est la concordance entre l&#8217;envol\u00e9e du nombre d&#8217;incarc\u00e9rations et la mise en place de la contre-r\u00e9volution lib\u00e9rale qui est saisissante. Entre 1980 et 2011, la population carc\u00e9rale est pass\u00e9e de 500.000 \u00e0 2,3 millions (<a href=\"http:\/\/fr.wikipedia.org\/wiki\/Prison_aux_\u00c9tats-Unis\">voir la courbe<\/a>) avec notamment la mise en place de peines plancher concernant les stup\u00e9fiants. <\/p>\n<p>Mais ces peines ont fait l&#8217;objet d&#8217;arbitrages &#8220;curieux&#8221;. Ainsi, une personne en possession de cinq grammes de crack se voyait appliquer la m\u00eame condamnation (cinq ans ferme) qu&#8217;une personne d\u00e9tenant 500 grammes de coca\u00efne. Une diff\u00e9renciation qui a introduit une tr\u00e8s forte discrimination ethnique envers les Afro-am\u00e9ricains puisque ceux-ci repr\u00e9sentent 84,7% des condamn\u00e9s pour possession de crack, mais seulement 27% pour possession de coca\u00efne.<\/p>\n<p><strong><em>Industrie p\u00e9nitentiaire<br \/>\n<\/strong><\/em><\/p>\n<p>En 2011, dans son livre The new Jim Crow, Michelle Alexander faisait le constat suivant :\u00ab Il y a aujourd\u2019hui plus d\u2019hommes africains-am\u00e9ricains en prison ou en d\u00e9tention, en libert\u00e9 surveill\u00e9e ou libert\u00e9 conditionnelle, que de Noirs qui furent soumis \u00e0 l\u2019esclavage en 1850 avant que la guerre civile ne commence. \u00bb 35,5% des prisonniers aux \u00c9tats-Unis sont des Noirs alors qu&#8217;ils ne repr\u00e9sentent que 10% de la population totale. Selon les statistiques du D\u00e9partement de la justice, la probabilit\u00e9 d&#8217;emprisonnement des hommes n\u00e9s en 2001 est de 1 sur 17 pour un Blanc, 1 sur 6 pour un Hispanique et 1 sur 3 pour un Noir. <\/p>\n<p>Cette situation a de multiples cons\u00e9quences, \u00e0 commencer par la perte du droit de vote. On estime qu&#8217;un adule noir sur 13 est d\u00e9chu du droit de vote \u00e0 la suite d&#8217;une condamnation. <a href=\"http:\/\/abonnes.lemonde.fr\/les-decodeurs\/visuel_interactif\/2014\/08\/21\/ferguson-produit-d-une-longue-histoire-de-brutalites-policieres_4474169_4355770.html\">La carte \u00c9tat par \u00c9tat<\/a> fait appara\u00eetre des distorsions massives. Dans trois d&#8217;entre eux, la Floride, la Virginie, le Kentucky la part des Noirs d\u00e9chus du droit de vote d\u00e9passe les 20%. Une mani\u00e8re brutale pour la fraction blanche de la population de s&#8217;assurer une surrepr\u00e9sentation \u00e9lectorale.<\/p>\n<p>Il n&#8217;est pas impropre de parler d&#8217;industrie p\u00e9nitentiaire aux \u00c9tats-Unis. Avec 500.000 travailleurs, ce secteur est un des principaux employeurs du pays. Pour le contribuable am\u00e9ricain, la facture est estim\u00e9e \u00e0 60 milliards de dollars par an. Mais au-del\u00e0 de la folie s\u00e9curitaire, c&#8217;est bien le traitement de la question sociale et raciale par une r\u00e9pression sans cesse accrue que nous avons sous les yeux. <\/p>\n","protected":false},"excerpt":{"rendered":"<p>Les \u00e9meutes de Ferguson ont repris avec l&#8217;annonce que le policier qui a tu\u00e9 Michael Brown ne serait pas poursuivi. L&#8217;affaire illustre la fuite en avant du pays dans une r\u00e9pression brutale\u2026 mais pas tout \u00e0 fait aveugle quant au choix de ses victimes.<\/p>\n","protected":false},"author":1097,"featured_media":0,"comment_status":"open","ping_status":"open","sticky":false,"template":"","format":"standard","meta":{"_themeisle_gutenberg_block_has_review":false,"footnotes":""},"categories":[11],"tags":[340],"class_list":["post-8084","post","type-post","status-publish","format-standard","hentry","category-monde","tag-etats-unis"],"_links":{"self":[{"href":"https:\/\/archives.regards.fr\/index.php?rest_route=\/wp\/v2\/posts\/8084","targetHints":{"allow":["GET"]}}],"collection":[{"href":"https:\/\/archives.regards.fr\/index.php?rest_route=\/wp\/v2\/posts"}],"about":[{"href":"https:\/\/archives.regards.fr\/index.php?rest_route=\/wp\/v2\/types\/post"}],"author":[{"embeddable":true,"href":"https:\/\/archives.regards.fr\/index.php?rest_route=\/wp\/v2\/users\/1097"}],"replies":[{"embeddable":true,"href":"https:\/\/archives.regards.fr\/index.php?rest_route=%2Fwp%2Fv2%2Fcomments&post=8084"}],"version-history":[{"count":0,"href":"https:\/\/archives.regards.fr\/index.php?rest_route=\/wp\/v2\/posts\/8084\/revisions"}],"wp:attachment":[{"href":"https:\/\/archives.regards.fr\/index.php?rest_route=%2Fwp%2Fv2%2Fmedia&parent=8084"}],"wp:term":[{"taxonomy":"category","embeddable":true,"href":"https:\/\/archives.regards.fr\/index.php?rest_route=%2Fwp%2Fv2%2Fcategories&post=8084"},{"taxonomy":"post_tag","embeddable":true,"href":"https:\/\/archives.regards.fr\/index.php?rest_route=%2Fwp%2Fv2%2Ftags&post=8084"}],"curies":[{"name":"wp","href":"https:\/\/api.w.org\/{rel}","templated":true}]}}