{"id":8082,"date":"2014-11-25T04:02:02","date_gmt":"2014-11-25T03:02:02","guid":{"rendered":"https:\/\/wp.muchomaas.com\/article-la-gauche-radicale-a-raison-a\/"},"modified":"2014-11-25T04:02:02","modified_gmt":"2014-11-25T03:02:02","slug":"article-la-gauche-radicale-a-raison-a","status":"publish","type":"post","link":"https:\/\/archives.regards.fr\/?p=8082","title":{"rendered":"La gauche radicale a raison \u00e0 propos de la dette de l\u2019Europe"},"content":{"rendered":"<p class=\"post_excerpt\">Wolfgang M\u00fcnchau, r\u00e9dacteur en chef adjoint du Financial Times, n\u2019est pas un supp\u00f4t de la gauche radicale. Son dernier \u00e9ditorial, dans lequel il affirme que celle-ci a raison \u00e0 propos de la dette de l&#8217;Europe, n\u2019en est que plus significatif.<\/p>\n<p><em>\u00c9ditorialiste du <em>Financial Times<\/em> en mati\u00e8re d&#8217;\u00e9conomie europ\u00e9enne, Wolfgang M\u00fcnchau est peu suspect de complaisance envers une gauche radicale europ\u00e9enne qu&#8217;il qualifie volontiers de <em>\u00ab dure \u00bb<\/em>. <a href=\"http:\/\/www.ft.com\/intl\/cms\/s\/0\/48e6fa76-70bd-11e4-8113-00144feabdc0.html#axzz3K27sZigr\">Dans sa contribution du lundi 24 novembre<\/a>, reproduite ci-dessous, il estime pourtant qu&#8217;elle seule pr\u00f4ne les politiques \u00e9conomiques qui s&#8217;imposent. (traduction Bernard Marx)<\/em><\/p>\n<p>Supposons que vous partagez le consensus g\u00e9n\u00e9ral sur ce que la zone euro devrait faire d\u00e8s maintenant. Plus pr\u00e9cis\u00e9ment, vous voulez voir plus d&#8217;investissements du secteur public et une restructuration de la dette. Maintenant, posez-vous la question suivante: si vous \u00e9tiez un citoyen d&#8217;un pays de la zone euro, quel parti politique devriez-vous soutenir pour que cela se produise ? <\/p>\n<p>Vous seriez sans doute surpris de constater que vous n\u2019avez pas beaucoup de choix. En Allemagne, le seul qui se rapproche d&#8217;un tel programme est Die Linke, les anciens communistes. En Gr\u00e8ce, ce serait Syriza; et en Espagne, Podemos, qui est sorti de nulle part et est maintenant en t\u00eate dans les sondages d&#8217;opinion. Vous pouvez ne pas vous consid\u00e9rer comme un partisan de la gauche radicale. Mais si vous viviez dans la zone euro et que vous \u00e9tiez favorable \u00e0 cette politique, ce serait votre seul choix possible.<\/p>\n<p><em> <strong><em>\u00ab L&#8217;establishment espagnol craint que le programme de Podemos transforme le pays en une version europ\u00e9enne du Venezuela \u00bb<br \/>\n<\/strong><\/em><br \/>\n <\/em><\/p>\n<p>Qu\u2019en est-il des partis de centre-gauche, les sociaux-d\u00e9mocrates et socialistes ? Ne soutiennent-ils pas un tel programme ? Cela leur arrive lorsqu&#8217;ils sont dans l&#8217;opposition. Mais une fois au pouvoir, ils ressentent le besoin de devenir respectables, \u00e0 un point tel qu\u2019ils se d\u00e9couvrent des g\u00e8nes du c\u00f4t\u00e9 de la politique de l\u2019offre. Rappelez-vous que Fran\u00e7ois Hollande, le pr\u00e9sident de la France, a justifi\u00e9 le changement de politique de son gouvernement en expliquant que l&#8217;offre cr\u00e9e la demande.<\/p>\n<p>Parmi les partis radicaux qui ont \u00e9merg\u00e9 r\u00e9cemment, celui qu\u2019il faut regarder avec le plus d\u2019attention est Podemos. Il est encore jeune, avec un programme en cours d\u2019\u00e9laboration. De ce que j\u2019ai lu jusqu&#8217;\u00e0 pr\u00e9sent, il peut \u00eatre celui qui para\u00eet le plus en capacit\u00e9 d&#8217;offrir une approche coh\u00e9rente de la gestion \u00e9conomique de l&#8217;apr\u00e8s-crise.<\/p>\n<p>Dans une r\u00e9cente interview, Nacho Alvarez, l\u2019un des responsables de la politique \u00e9conomique de ce parti a pr\u00e9sent\u00e9 son programme avec une clart\u00e9 rafra\u00eechissante. Ce professeur d&#8217;\u00e9conomie de trente-sept ans a expliqu\u00e9 que le fardeau de la dette espagnole (\u00e0 la fois priv\u00e9e et publique), n\u2019est pas supportable et qu\u2019il doit \u00eatre r\u00e9duit. Cela pourrait se faire par la combinaison d&#8217;une ren\u00e9gociation des taux d&#8217;int\u00e9r\u00eat, de d\u00e9lais de paiement, de r\u00e9\u00e9chelonnement et d\u2019annulations partielles. Il a \u00e9galement d\u00e9clar\u00e9 que l&#8217;objectif de Podemos n\u2019\u00e9tait pas de quitter la zone euro \u2013 mais inversement qu\u2019il n\u2019\u00e9tait pas d\u2019y appartenir \u00e0 tout prix. L&#8217;objectif est le bien-\u00eatre \u00e9conomique du pays.<\/p>\n<p>Vu de l\u2019ext\u00e9rieur, cela semble une position \u00e9quilibr\u00e9e. Mais pas tant que cela en Espagne. L&#8217;establishment craint que le programme de Podemos transforme le pays en une version europ\u00e9enne du Venezuela. Mais affirmer que si la dette n\u2019est pas soutenable, elle doit \u00eatre restructur\u00e9e ; ou que si l&#8217;euro devait apporter des d\u00e9cennies de souffrance, il serait parfaitement l\u00e9gitime de s\u2018interroger sur les institutions et les politiques de la zone euro, ne devrait pas porter \u00e0 controverse.<\/p>\n<p><em> <strong><em>\u00ab Les partis de centre-gauche et centre-droit font d\u00e9river l&#8217;Europe vers l&#8217;\u00e9quivalent \u00e9conomique d&#8217;un hiver nucl\u00e9aire \u00bb<br \/>\n<\/strong><\/em> <\/em><\/p>\n<p>La position de Podemos part simplement de la r\u00e9alit\u00e9 de la situation de la zone euro \u00e0 la fin de 2014. Il est logiquement incompatible pour la monnaie unique d\u2019entrer dans une stagnation de longue dur\u00e9e et de ne pas restructurer sa dette. Puisque rien n\u2019est fait pour \u00e9viter celle-l\u00e0, la probabilit\u00e9 que celle-ci intervienne s\u2019approche de 100%.<\/p>\n<p>Pourtant, pour le moment, les gouvernements europ\u00e9ens continuent \u00e0 jouer \u00e0 &#8220;durer et faire semblant&#8221;. On voit en Gr\u00e8ce o\u00f9 conduit une telle strat\u00e9gie \u00e0 courte vue. Apr\u00e8s six ann\u00e9es de d\u00e9pression \u00e9conomique, le gouvernement se trouve dans une crise politique aigu\u00eb. Syriza est en t\u00eate dans les sondages, et a de bonnes chances de prendre le pouvoir lors des prochaines \u00e9lections g\u00e9n\u00e9rales, peut-\u00eatre en 2015.<\/p>\n<p>L\u2019Espagne n\u2019en est pas encore \u00e0 ce stade. Podemos pourraient priver les plus grands partis \u2013 le Parti populaire du premier ministre Mariano Rajoy et le parti d&#8217;opposition socialiste \u2013 de la majorit\u00e9 absolue lors des \u00e9lections de l&#8217;ann\u00e9e prochaine. Cela pourrait les forcer \u00e0 r\u00e9aliser une grande coalition de style allemand \u2013 qui ferait de Podemos le principal parti d&#8217;opposition.<\/p>\n<p>La situation en Italie est diff\u00e9rente, mais elle n\u2019est pas moins grave. Si le premier ministre Matteo Renzi ne parvient pas \u00e0 g\u00e9n\u00e9rer une reprise \u00e9conomique dans ses trois ann\u00e9es restantes de son mandat, le mouvement d\u2019opposition Cinq \u00e9toiles serait en pole position pour former le prochain gouvernement. Contrairement \u00e0 Podemos, ce n\u2019est pas un parti vraiment radical, et il est un ardent d\u00e9fenseur de la sortie de l&#8217;euro. Comme le sont aussi le Front national en France et Alternative f\u00fcr Deutschland en Allemagne.<\/p>\n<p>Ce que Podemos doit encore faire est d&#8217;offrir une vision coh\u00e9rente de la vie apr\u00e8s une restructuration de la dette. Ce serait une bonne id\u00e9e que ce parti s\u2019organise au niveau de la zone euro au-del\u00e0 de son alliance avec Syriza au Parlement europ\u00e9en, parce que c\u2019est \u00e0 ce niveau que les d\u00e9cisions politiques pertinentes sont prises. Une r\u00e9solution de la dette pour l&#8217;Espagne est certes n\u00e9cessaire, mais cela ne peut \u00eatre que le d\u00e9but d&#8217;un changement plus large de politique.<\/p>\n<p>La trag\u00e9die actuelle de la zone euro est l\u2019esprit de r\u00e9signation par lequel les partis de l&#8217;establishment du centre-gauche et du centre-droit font d\u00e9river l&#8217;Europe vers l&#8217;\u00e9quivalent \u00e9conomique d&#8217;un hiver nucl\u00e9aire. L\u2019une de ses dimensions particuli\u00e8res est que les partis de la gauche dure sont les seuls qui soutiennent des politiques raisonnables tels que la restructuration de la dette. La mont\u00e9e de Podemos montre qu&#8217;il existe une demande de politique alternative. \u00c0 moins que les partis \u00e9tablis changent leur position, ils laisseront la voie grande ouverte \u00e0 Podemos et Syriza.<\/p>\n","protected":false},"excerpt":{"rendered":"<p>Wolfgang M\u00fcnchau, r\u00e9dacteur en chef adjoint du Financial Times, n\u2019est pas un supp\u00f4t de la gauche radicale. Son dernier \u00e9ditorial, dans lequel il affirme que celle-ci a raison \u00e0 propos de la dette de l&#8217;Europe, n\u2019en est que plus significatif.<\/p>\n","protected":false},"author":1,"featured_media":0,"comment_status":"open","ping_status":"open","sticky":false,"template":"","format":"standard","meta":{"_themeisle_gutenberg_block_has_review":false,"footnotes":""},"categories":[157],"tags":[483,478],"class_list":["post-8082","post","type-post","status-publish","format-standard","hentry","category-web","tag-podemos","tag-syriza"],"_links":{"self":[{"href":"https:\/\/archives.regards.fr\/index.php?rest_route=\/wp\/v2\/posts\/8082","targetHints":{"allow":["GET"]}}],"collection":[{"href":"https:\/\/archives.regards.fr\/index.php?rest_route=\/wp\/v2\/posts"}],"about":[{"href":"https:\/\/archives.regards.fr\/index.php?rest_route=\/wp\/v2\/types\/post"}],"author":[{"embeddable":true,"href":"https:\/\/archives.regards.fr\/index.php?rest_route=\/wp\/v2\/users\/1"}],"replies":[{"embeddable":true,"href":"https:\/\/archives.regards.fr\/index.php?rest_route=%2Fwp%2Fv2%2Fcomments&post=8082"}],"version-history":[{"count":0,"href":"https:\/\/archives.regards.fr\/index.php?rest_route=\/wp\/v2\/posts\/8082\/revisions"}],"wp:attachment":[{"href":"https:\/\/archives.regards.fr\/index.php?rest_route=%2Fwp%2Fv2%2Fmedia&parent=8082"}],"wp:term":[{"taxonomy":"category","embeddable":true,"href":"https:\/\/archives.regards.fr\/index.php?rest_route=%2Fwp%2Fv2%2Fcategories&post=8082"},{"taxonomy":"post_tag","embeddable":true,"href":"https:\/\/archives.regards.fr\/index.php?rest_route=%2Fwp%2Fv2%2Ftags&post=8082"}],"curies":[{"name":"wp","href":"https:\/\/api.w.org\/{rel}","templated":true}]}}