{"id":8059,"date":"2014-11-17T00:13:11","date_gmt":"2014-11-16T23:13:11","guid":{"rendered":"https:\/\/wp.muchomaas.com\/congres-du-ps-une-date-et-bien-des8059\/"},"modified":"2023-06-23T23:18:11","modified_gmt":"2023-06-23T21:18:11","slug":"congres-du-ps-une-date-et-bien-des8059","status":"publish","type":"post","link":"https:\/\/archives.regards.fr\/?p=8059","title":{"rendered":"Congr\u00e8s du PS : une date et bien des possibles"},"content":{"rendered":"<p class=\"post_excerpt\">Le congr\u00e8s du Parti socialiste aura lieu en juin 2015. Act\u00e9e par le Conseil national ce week-end, la date ne satisfait personne. L\u2019\u00e9ch\u00e9ance est annonc\u00e9e \u00e0 hauts risques pour le gouvernement. Elle l\u2019est aussi pour les gauches du PS et les frondeurs.<\/p>\n<p>R\u00e9uni samedi 15 novembre au Palais Bourbon, le Conseil national du Parti socialiste a valid\u00e9 les annonces faites au cours de la semaine pr\u00e9c\u00e9dente : le congr\u00e8s aura lieu d\u00e9but juin 2015, quelques semaines apr\u00e8s les \u00e9lections d\u00e9partementales. Cette date constitue un compromis entre la direction du parti, l\u2019ex\u00e9cutif gouvernemental et les frondeurs. <\/p>\n<p>L\u2019\u00c9lys\u00e9e voulait un congr\u00e8s d\u00e9but 2016, pour investir le candidat \u00e0 la pr\u00e9sidentielle et son programme, une mani\u00e8re d\u00e9licate de faire valider le virage social-lib\u00e9ral qui s\u2019est acc\u00e9l\u00e9r\u00e9 avec l\u2019arriv\u00e9e de Manuel Valls \u00e0 Matignon. La tenue des &#8220;\u00e9tats-g\u00e9n\u00e9raux du Parti socialiste&#8221;, dont la phase de contribution vient de se clore le 9 novembre, a pour but de <em>\u00ab reformuler et renouveler l\u2019identit\u00e9 du Parti socialiste dans un monde travers\u00e9 par de grands bouleversements, \u00e9conomiques, sociaux et environnementaux \u00bb,<\/em> selon les termes de la direction du parti. Si les d\u00e9bats ont lieu dans les \u00e9tats-g\u00e9n\u00e9raux, pas de raison de les avoir au congr\u00e8s\u2026<\/p>\n<p><strong><em>Un compromis et des tensions<br \/>\n<\/strong><\/em><\/p>\n<p>Les gauches du PS, elles, militaient pour un congr\u00e8s au printemps 2015, afin de le s\u00e9parer de l\u2019\u00e9ch\u00e9ance pr\u00e9sidentielle. Il devait \u00eatre aussi l\u2019occasion de <em>\u00ab mener la clarification politique \u00bb<\/em> sur la nature du Parti socialiste, <em>\u00ab notamment dans le cadre de l\u2019exercice du pouvoir \u00bb. <\/em> Les diff\u00e9rentes \u00e9curies en pr\u00e9sence \u2013 Un monde d\u2019avance (Beno\u00eet Hamon et Henri Emmanuelli) et Maintenant la gauche (Marie-No\u00eblle Lienemann et Emmanuel Maurel) \u2013 partagent ces objectifs. <\/p>\n<p>Pour les gauches du PS, juin sera trop proche de l\u2019\u00e9ch\u00e9ance \u00e9lectorale majeure pour que cette derni\u00e8re ne hante pas les d\u00e9bats. Du point de vue de l\u2019Elys\u00e9e, le congr\u00e8s se tiendra trop t\u00f4t pour emp\u00eacher totalement la tenue de d\u00e9bats sur la politique du gouvernement et sa l\u00e9gitimit\u00e9. Surtout, ce congr\u00e8s se tiendra entre deux \u00e9ch\u00e9ances \u00e0 hauts risques : les \u00e9lections d\u00e9partementales, qui auront lieu en mars, et le scrutin r\u00e9gional, annonc\u00e9 pour d\u00e9cembre. <\/p>\n<p>Pour un parti dont le socle militant se r\u00e9duit chaque jour un peu plus, o\u00f9 le poids des \u00e9lus (pass\u00e9s, pr\u00e9sents ou potentiels) s\u2019accro\u00eet d\u2019autant, la tenaille que constitueront les r\u00e9sultats des \u00e9lections d\u00e9partementales et la possible d\u00e9route des \u00e9lections r\u00e9gionales (probable perte de l\u2019\u00cele-de-France, bascule potentielle de deux r\u00e9gions actuellement dirig\u00e9es par le PS au FN), va placer les d\u00e9l\u00e9gu\u00e9s sous une tension maximum.<\/p>\n<p><strong><em>Des frondeurs fragiles<br \/>\n<\/strong><\/em><\/p>\n<p>C\u00f4t\u00e9 gouvernement, l\u2019absence de r\u00e9sultats en mati\u00e8re \u00e9conomique (d\u00e9sormais consid\u00e9r\u00e9e comme l\u2019alpha et l\u2019om\u00e9ga de son action) ne mettra pas la direction sortante en position de force face \u00e0 une opposition coinc\u00e9e entre la volont\u00e9 de se faire entendre et un l\u00e9gitimisme qui l\u2019emp\u00eache de voter contre le budget 2015.  Pour autant, Jean-Christophe Cambad\u00e9lis n\u2019est pas totalement d\u00e9sarm\u00e9 pour affronter l\u2019\u00e9ch\u00e9ance. Il dispose d\u2019une solide exp\u00e9rience de la tactique politique et, surtout, de l\u2019absence de &#8220;plan B&#8221; du c\u00f4t\u00e9 des frondeurs.<\/p>\n<p>Les deux courants repr\u00e9sentant la gauche du PS ont pour eux d\u2019\u00eatre bien organis\u00e9s, assez structur\u00e9s politiquement. \u00c0 eux deux, ils ont r\u00e9ussi \u00e0 peser 32,88 % avec un illustre inconnu face \u00e0 Jean-Christophe Cambad\u00e9lis, lors de l\u2019\u00e9lection du premier secr\u00e9taire en avril dernier. Avec la d\u00e9gradation de la situation \u00e9conomique et sociale du pays g\u00e9n\u00e9r\u00e9e par la politique du duo Valls-Hollande, ils ont r\u00e9ussi \u00e0 amalgamer au sein de Vive la gauche ! des ex strauss-khaniens, des aubristes, des hollandais historiques\u2026 Cette recomposition se fait moins sur une politique alternative clairement identifi\u00e9e que sur la revendication du discours du candidat Hollande, notamment le discours du Bourget marqu\u00e9 par le c\u00e9l\u00e8bre <em>\u00ab mon adversaire c\u2019est la finance \u00bb.<\/em><\/p>\n<p>Par ailleurs, la sortie du bois op\u00e9r\u00e9e par Beno\u00eet Hamon, candidat \u00e0 la prise de la rue de Solf\u00e9rino, n\u2019est pas de nature \u00e0 cimenter cet agglom\u00e9rat h\u00e9t\u00e9roclite. Du c\u00f4t\u00e9 de Maintenant la gauche, les dents grincent.<em> \u00ab On n\u2019a pas boss\u00e9 comme \u00e7a depuis des ann\u00e9es pour passer les plats \u00bb,<\/em> glisse un des cadres de l\u2019\u00e9quipe Maurel-Lienemann. Ambiance. <\/p>\n<p><strong><em>&#8220;Cohabitation&#8221; interne ou nouvelle d\u00e9faite de la gauche du PS ?<br \/>\n<\/strong><\/em><\/p>\n<p>Reste enfin l\u2019inconnue Martine Aubry, qui a pr\u00e9f\u00e9r\u00e9 snober le Conseil national du 15 novembre pour solenniser l\u2019arriv\u00e9e de son bras droit Fran\u00e7ois Lamy dans le Nord. Tout le monde s\u2019accorde \u00e0 reconna\u00eetre que la maire de Lille fera basculer le congr\u00e8s dans un sens ou dans l\u2019autre.<\/p>\n<p>La maire de Lille se verrait bien en faiseuse de roi. Mais elle ne dispose pas d\u2019un courant organis\u00e9 comme Un monde d\u2019avance ou d\u2019une \u00e9curie de fid\u00e8les, comme Laurent Fabius avait r\u00e9ussi \u00e0 s\u2019en cr\u00e9er \u00e0 sa grande \u00e9poque. Son absence \u00e0 l\u2019Assembl\u00e9e nationale la prive d\u2019une voix forte dans le lieu qui compte pour les socialistes. Sera-t-elle pr\u00eate \u00e0 apporter sa caution morale \u00e0 la jeune garde Hamon-Maurel si ces derniers se mettent d\u2019accord ? Si elle y consentait, la donne serait favorable \u00e0 la gauche du PS. La maire de Lille leur donnerait une solide onction de &#8220;s\u00e9rieux&#8221; social-d\u00e9mocrate. Sera-ce suffisant pour envisager un sc\u00e9nario qui d\u00e9boucherait sur une forme in\u00e9dite de &#8220;cohabitation, politique&#8221; entre un ex\u00e9cutif gouvernemental et le parti dont il est majoritairement issu ? Rien n\u2019est moins s\u00fbr tant le socialiste est l\u00e9gitimiste. Il faudrait aussi, pour cela, que l\u2019accord conclu \u00e0 l\u2019issue du vote sur le trait\u00e9 constitutionnel europ\u00e9en et mat\u00e9rialis\u00e9 par la fusion \u00e0 l\u2019occasion du congr\u00e8s du Mans en 2005 soit remis en cause.<\/p>\n<p>Cette donn\u00e9e pourrait amener Martine Aubry \u00e0 ne pas refuser les mains que ne manqueront pas de lui tendre Hollande et Cambad\u00e9lis, ses anciens camarades de la gauche plurielle. L\u2019actuel premier secr\u00e9taire est suffisamment rou\u00e9 pour inclure dans une motion \u00e0 vocation majoritaire des proches de Valls et, en m\u00eame temps, des \u00e9l\u00e9ments de discours de nature \u00e0 satisfaire l\u2019app\u00e9tit de gauche de Martine Aubry et de ses proches. D\u2019autant que la promotion de personnalit\u00e9s proches ou issues des rangs des frondeurs \u00e0 des postes cl\u00e9s du parti contribuera \u00e0 aplanir les dissensions. <\/p>\n<p><strong><em>Et apr\u00e8s ?<br \/>\n<\/strong><\/em><\/p>\n<p>Dans le cas, le plus probable, o\u00f9 la direction sortante du PS, moyennant quelques concessions programmatiques et un renouvellement de ses membres, parvient \u00e0 se maintenir, la gauche du PS sera reconduite au r\u00f4le de &#8220;t\u00e9moin&#8221; qu\u2019elle occupe depuis des ann\u00e9es. La voix des frondeurs sera amoindrie, puisqu\u2019ils ne pourront plus entretenir le proc\u00e8s en ill\u00e9gitimit\u00e9 de la politique gouvernementale. Et ils se verront contraints \u00e0 soutenir le candidat Hollando-vallsiste \u00e0 la pr\u00e9sidentielle \u2013 mais aussi le premier ministre qui pourrait avoir le nom, pour la fin du quinquennat, de Claude Bartolone. <\/p>\n<p>Mais les militants de gauche au sein du PS pourraient ne pas se contenter de jouer les utilit\u00e9s &#8220;roses&#8221; au service d\u2019une ligne politique \u00e0 laquelle ils se sentent de plus en plus \u00e9trangers. Une partie d\u2019entre eux pourrait choisir de saisir l\u2019opportunit\u00e9 des \u00e9lections r\u00e9gionales pour marquer un grand coup. Comme certains membres du PS ont quitt\u00e9 leur parti pour faire liste commune avec le Front de gauche lors des municipales \u2013 \u00e0 Montreuil (Seine-Saint-Denis) notamment \u2013, d\u2019autres pourraient faire de m\u00eame lors du scrutin annonc\u00e9 pour d\u00e9cembre 2015. La perspective de listes, \u00e0 gauche du PS, rassemblant socialistes, \u00e9colos et membres du Front de gauche n&#8217;est pas totalement \u00e0 exclure. C\u2019est dans ce cadre que l\u2019on peut lire la participation de militants socialistes, notamment les socialistes afflig\u00e9s de Hoang Ngoc Li\u00eam, aux marches organis\u00e9s le 15 novembre par le Collectif 3A.<div id='gallery-1' class='gallery galleryid-8059 gallery-columns-3 gallery-size-thumbnail'><figure class='gallery-item'>\n\t\t\t<div class='gallery-icon landscape'>\n\t\t\t\t<a href='https:\/\/archives.regards.fr\/wp-content\/uploads\/2014\/11\/ps-cn-f91.jpg'><img loading=\"lazy\" decoding=\"async\" width=\"150\" height=\"150\" src=\"https:\/\/archives.regards.fr\/wp-content\/uploads\/2014\/11\/ps-cn-f91-150x150.jpg\" class=\"attachment-thumbnail size-thumbnail\" alt=\"ps-cn.jpg\" \/><\/a>\n\t\t\t<\/div><\/figure>\n\t\t<\/div>\n<\/p>\n","protected":false},"excerpt":{"rendered":"<p>Le congr\u00e8s du Parti socialiste aura lieu en juin 2015. Act\u00e9e par le Conseil national ce week-end, la date ne satisfait personne. L\u2019\u00e9ch\u00e9ance est annonc\u00e9e \u00e0 hauts risques pour le gouvernement. Elle l\u2019est aussi pour les gauches du PS et les frondeurs.<\/p>\n","protected":false},"author":1149,"featured_media":20908,"comment_status":"open","ping_status":"open","sticky":false,"template":"","format":"standard","meta":{"_themeisle_gutenberg_block_has_review":false,"footnotes":""},"categories":[157],"tags":[390],"class_list":["post-8059","post","type-post","status-publish","format-standard","has-post-thumbnail","hentry","category-web","tag-parti-socialiste"],"_links":{"self":[{"href":"https:\/\/archives.regards.fr\/index.php?rest_route=\/wp\/v2\/posts\/8059","targetHints":{"allow":["GET"]}}],"collection":[{"href":"https:\/\/archives.regards.fr\/index.php?rest_route=\/wp\/v2\/posts"}],"about":[{"href":"https:\/\/archives.regards.fr\/index.php?rest_route=\/wp\/v2\/types\/post"}],"author":[{"embeddable":true,"href":"https:\/\/archives.regards.fr\/index.php?rest_route=\/wp\/v2\/users\/1149"}],"replies":[{"embeddable":true,"href":"https:\/\/archives.regards.fr\/index.php?rest_route=%2Fwp%2Fv2%2Fcomments&post=8059"}],"version-history":[{"count":0,"href":"https:\/\/archives.regards.fr\/index.php?rest_route=\/wp\/v2\/posts\/8059\/revisions"}],"wp:featuredmedia":[{"embeddable":true,"href":"https:\/\/archives.regards.fr\/index.php?rest_route=\/wp\/v2\/media\/20908"}],"wp:attachment":[{"href":"https:\/\/archives.regards.fr\/index.php?rest_route=%2Fwp%2Fv2%2Fmedia&parent=8059"}],"wp:term":[{"taxonomy":"category","embeddable":true,"href":"https:\/\/archives.regards.fr\/index.php?rest_route=%2Fwp%2Fv2%2Fcategories&post=8059"},{"taxonomy":"post_tag","embeddable":true,"href":"https:\/\/archives.regards.fr\/index.php?rest_route=%2Fwp%2Fv2%2Ftags&post=8059"}],"curies":[{"name":"wp","href":"https:\/\/api.w.org\/{rel}","templated":true}]}}