{"id":8050,"date":"2014-11-14T10:51:12","date_gmt":"2014-11-14T09:51:12","guid":{"rendered":"https:\/\/wp.muchomaas.com\/podemos-anatomie-d-un-objet8050\/"},"modified":"2023-06-23T23:18:11","modified_gmt":"2023-06-23T21:18:11","slug":"podemos-anatomie-d-un-objet8050","status":"publish","type":"post","link":"https:\/\/archives.regards.fr\/?p=8050","title":{"rendered":"Podemos, un objet politique en mutation"},"content":{"rendered":"<p class=\"post_excerpt\">Apr\u00e8s seulement neuf mois d\u2019existence, la formation politique issue des Indign\u00e9s ne cache pas son ambition de prendre le pouvoir en Espagne, quitte \u00e0 se transformer en machine de guerre \u00e9lectorale\u2026 et \u00e0 trahir certains de ses principes fondateurs.<\/p>\n<p><em>\u00ab Ce n&#8217;est pas par consensus que l&#8217;on s&#8217;empare du ciel. On le prend d&#8217;assaut. \u00bb<\/em> Voil\u00e0 le genre de phrases que l\u2019on ne risquait pas d\u2019entendre en se baladant sur la place de la Puerta del Sol par une journ\u00e9e de printemps 2011. C\u2019est pourtant le discours qu\u2019a tenu en octobre dernier Podemos, le parti issu des Indign\u00e9s espagnols&#8230; Si les enjeux ont sensiblement chang\u00e9 en trois ans, l\u2019\u00e9volution du mouvement n\u2019est pas sans poser un certain nombre de probl\u00e8mes.<\/p>\n<p><strong><em>Une ascension spectaculaire<br \/>\n<\/strong><\/em><\/p>\n<p>Le mouvement social issu de l\u2019occupation de la place madril\u00e8ne du 15 mai 2011 a d\u00e9j\u00e0 connu plusieurs mutations. Apr\u00e8s le d\u00e9montage du campement de la capitale en juin 2011, la lutte contre les politiques d\u2019aust\u00e9rit\u00e9 se red\u00e9ploie \u00e0 travers des assembl\u00e9es de quartier et des \u201cmar\u00e9es citoyennes\u201d qui d\u00e9fendent diff\u00e9rents services publics : la mar\u00e9e verte pour l\u2019\u00e9ducation gratuite, la mar\u00e9e blanche contre la privatisation de la sant\u00e9, la mar\u00e9e bleue contre la privatisation de l\u2019eau\u2026 Des plateformes s\u2019organisent \u00e9galement pour combattre les expulsions immobili\u00e8res. <\/p>\n<p><em>\u00ab Au bout de trois ans, force \u00e9tait de constater que le mouvement social commen\u00e7ait \u00e0 s\u2019essouffler et surtout que l\u2019on n\u2019emp\u00eachait pas le gouvernement de mettre en \u0153uvre ses mesures d\u2019aust\u00e9rit\u00e9. Alors que syndicats et partis avaient toujours \u00e9t\u00e9 tenus \u00e0 l\u2019\u00e9cart, on s\u2019est donc pos\u00e9 pour la premi\u00e8re fois la question de la prise du pouvoir. C\u2019est dans ce contexte qu\u2019est apparu Podemos \u00bb<\/em>, analyse Ernesto Garc\u00eda L\u00f3pez, chercheur en anthropologie politique et porte-parole de Ganemos Madrid, une plateforme citoyenne qui cherche elle aussi \u00e0 convertir \u2013 mais \u00e0 l\u2019\u00e9chelle municipale \u2013 l&#8217;esprit du &#8220;15-M&#8221; en bulletins de vote. <\/p>\n<p>Avec une poign\u00e9e de coll\u00e8gues universitaires abreuv\u00e9s de lectures post-marxistes et gramsciennes, Pablo Iglesias lance officiellement Podemos en janvier 2014. Omnipr\u00e9sent sur les r\u00e9seaux sociaux, le professeur de science politique de l\u2019universit\u00e9 de Madrid est d\u00e9j\u00e0 connu des milieux de gauche gr\u00e2ce \u00e0 deux \u00e9missions politiques, <em>Fort Apache<\/em> et <em>la Tuerka<\/em>, diffus\u00e9es sur des canaux de t\u00e9l\u00e9vision alternatifs. D\u00e9sormais invit\u00e9 dans tous les medias de masse, y compris les plus conservateurs, le talentueux porte-parole de trente-six ans affronte ses adversaires avec aisance et \u00e9loquence. <\/p>\n<p><strong><em>Vers une d\u00e9rive pl\u00e9biscitaire?<br \/>\n<\/strong><\/em><\/p>\n<p>L\u2019ascension fulgurante du parti prend tout le monde au d\u00e9pourvu. Lors des \u00e9lections europ\u00e9ennes de mai dernier, il rafle 8% des voix, cinq eurod\u00e9put\u00e9s et devient ainsi le quatri\u00e8me parti national, juste derri\u00e8re la Gauche unie. Cinq mois plus tard, Podemos est le premier parti d\u2019Espagne, selon un sondage publi\u00e9 en octobre par le quotidien <em>El Pa\u00eds<\/em>. Avec 27,7% d&#8217;intention de vote, il d\u00e9passe pour la premi\u00e8re fois le PSOE et le Partido Popular. <\/p>\n<p>Lors de sa premi\u00e8re convention en octobre, le parti franchit un nouveau cap. Balay\u00e9e, l\u2019horizontalit\u00e9 des d\u00e9buts : le projet organisationnel  &#8220;Sumando Podemos&#8221; de Pablo Echenique et l\u2019eurod\u00e9put\u00e9e Teresa Rodriguez, qui proposait la d\u00e9signation de trois porte-parole, un fonctionnement &#8220;assembl\u00e9iste&#8221; avec une dose de tirage au sort et une grande autonomie des &#8220;cercles&#8221; de base t\u00e9rritoriaux et th\u00e9matiques, n\u2019obtient que 12% des voix. 80% des 112.000 votants lui pr\u00e9f\u00e8rent le texte de Pablo Iglesias &#8220;Claro que podemos&#8221;, proposant un secr\u00e9taire g\u00e9n\u00e9ral unique qui d\u00e9signe lui-m\u00eame son \u00e9quipe. Les \u00e9lections du 15 novembre pour le poste ne devraient pas r\u00e9server de surprise\u2026<\/p>\n<p>Pour \u201cprendre d\u2019assaut\u201d les l\u00e9gislatives de novembre 2015, Iglesias n\u2019a visiblement pas eu peur de transformer le mouvement en machine de guerre \u00e9lectorale, au prix de s\u2019\u00e9loigner de certains de ses id\u00e9aux de d\u00e9part. Un tournant que n\u2019appr\u00e9cie pas une partie des militants, dont les \u201cautonomes\u201d issus de la tradition libertaire espagnole, mais aussi les membres de Izquierda Anticapitalista (IA), qui ont activement particip\u00e9 au lancement du parti. <em>\u00ab Podemos est en train de prendre le chemin d\u2019une d\u00e9mocratie verticale et pl\u00e9biscitaire : la direction enverra via le site des questions directement aux inscrits et court-circuitera ainsi les \u201ccercles\u201d, qui \u00e9taient les lieux vitaux de d\u00e9bat, de d\u00e9lib\u00e9ration collective et de mobilisation militante \u00bb,<\/em> estime Jaime Pastor Verd\u00fa, militant d\u2019IA. <\/p>\n<p><strong><em>Sortir du capitalisme\u2026 un jour<br \/>\n<\/strong><\/em><\/p>\n<p>Pour ce professeur de science politique \u00e0 Madrid, <em>\u00ab sans un mouvement social fort sur le terrain, m\u00eame un Podemos arriv\u00e9 au gouvernement ne sera pas capable d\u2019engager un vrai rapport de forces avec les march\u00e9s financiers et Bruxelles. \u00bb <\/em> L\u2019argument de l\u2019efficacit\u00e9 \u00e9lectorale n\u2019est pas non plus valable pour Jaime Pastor Verd\u00fa :<em> \u00ab En Bolivie, le leader Evo Morales a \u00e9t\u00e9 port\u00e9 au pouvoir par son Pacte d\u2019unit\u00e9 avec des organisations sociales, paysannes et indig\u00e8nes. \u00bb<\/em> Preuve que la mise en avant d\u2019un leader charismatique ne devrait pas \u00eatre incompatible avec la volont\u00e9 de redonner du souffle \u00e0 un mouvement social espagnol en reflux. <\/p>\n<p>Au del\u00e0 de la personnalisation du mouvement, quelle est donc la strat\u00e9gie de l\u2019\u00e9quipe d\u2019Iglesias? En ce qui concerne le programme, rien de particulier \u00e0 signaler : on retrouve les m\u00eame revendications que Syriza en Gr\u00e8ce ou le Front de gauche en France. <em>\u00ab R\u00e9cup\u00e9rer la souverainet\u00e9\u0301 populaire et le processus d\u00e9mocratique, ne pas payer la dette et stopper les coupes impos\u00e9es par des pouvoirs non\u00ad\u00e9lus \u00bb,<\/em> emp\u00eacher <em>\u00ab les expulsions immobili\u00e8res sc\u00e9l\u00e9rates par les banques \u00bb <\/em> et abolir un <em>\u00ab march\u00e9 du travail ultra-lib\u00e9ral qui pr\u00e9carise et oblige la jeunesse \u00e0 quitter le pays \u00bb.<\/em> <\/p>\n<p>Interrog\u00e9 en novembre <a href=\"http:\/\/www.arretsurimages.net\/emissions\/2014-11-07\/Podemos-les-attaques-de-la-droite-nous-ont-place-au-centre-du-debat-id7217\">dans l\u2019\u00e9mission <em>Arr\u00eat sur image<\/em><\/a>, le responsable de Podemos Jorge Lago en convient : il s\u2019agit d\u2019un bon vieux programme keyn\u00e9sien et social-d\u00e9mocrate, sauf que <em>\u00ab dans le contexte politique actuel, le discours social-d\u00e9mocrate devient presque r\u00e9volutionnaire \u00bb<\/em>. Dans l\u2019absolu, Podemos aspire \u00e0 sortir du capitalisme, explique-t-il en substance, mais les conditions de possibilit\u00e9 de cette sortie ne sont pas r\u00e9unies aujourd\u2019hui et, en attendant, il y a urgence \u00e0 agir contre le d\u00e9mant\u00e8lement des services publics et le ch\u00f4mage qui touche toujours de 24 % de la population (lire aussi <a href=\"https:\/\/wp.muchomaas.com\/web\/jorge-lago-podemos-nous-voulons,7792\">son interview<\/a> par <em>Regards<\/em>). <\/p>\n<p><strong><em>\u201cNi droite ni gauche\u201d, un populisme assum\u00e9<br \/>\n<\/strong><\/em><\/p>\n<p>Surtout, le discours de Podemos prend sa tournure la plus originale \u2013 par rapport \u00e0 celui des gauches europ\u00e9ennes traditionnelles \u2013 dans ses r\u00e9f\u00e9rences aux exp\u00e9riences latino-am\u00e9ricaines, ses invocations de la \u201cpatrie espagnole\u201d et son positionnement \u201cni droite ni gauche\u201d.<em> \u00ab Les  pays d\u2019Am\u00e9rique du sud ont r\u00e9ussi \u00e0 s\u2019affranchir des plans d\u2019ajustement structurel impos\u00e9s par le FMI, les partis de gauche y ont gagn\u00e9 le pouvoir, on a tout \u00e0 apprendre d\u2019eux \u00bb,<\/em> justifie Ernesto Garc\u00eda L\u00f3pez. Or en Bolivie, comme au Venezuela ou en \u00c9quateur, les campagnes n\u2019ont pas repos\u00e9 sur un clivage gauche\/droite. \u00c0 l\u2019instar des \u201c99%\u201d que voulait repr\u00e9senter le mouvement d\u2019Occupy Wall Street, Podemos d\u00e9fend l\u2019int\u00e9r\u00eat g\u00e9n\u00e9ral du \u201cpeuple\u201d contre le pouvoir d\u2019une \u201ccaste\u201d oligarchique corrompue et veut restaurer la souverainet\u00e9 \u00e9conomique de la \u201cnation\u201d espagnole face aux diktats imp\u00e9rialistes de l\u2019Allemagne, de la tro\u00efka et des march\u00e9s financiers. <\/p>\n<p><em>\u00ab Abandonner l\u2019\u00e9tiquette \u201cgauche\u201d, c\u2019est une mani\u00e8re d\u2019essayer de toucher les classes populaires peu politis\u00e9es, qui ne se disent pas sp\u00e9cialement de gauche, qui assimilent la \u201cgauche\u201d \u00e0 un PSOE lib\u00e9ral d\u00e9test\u00e9 et qui sont d\u00e9go\u00fbt\u00e9es par la caste au pouvoir \u00bb,<\/em> explique Ernesto Garcia Lopez. En Espagne, comme en France, le th\u00e8me de la nation rel\u00e8ve habituellement du registre de la droite. <em>\u00ab Mais d\u00e8s lors que Podemos trouve ses racines dans le mouvement des indign\u00e9s, il n\u2019y a aucune ambigu\u00eft\u00e9 possible \u00bb, <\/em> poursuit l\u2019anthropologue. De fait, au parlement europ\u00e9en, la formation  appartient au groupe de la Gauche unie europ\u00e9enne (GUE\/NGL), l\u00e0 o\u00f9 le mouvement cinq \u00e9toiles de l\u2019Italien Beppe Grillo a rejoint les eurosceptiques de droite Europe libert\u00e9s d\u00e9mocratie, au c\u00f4t\u00e9 de l\u2019Ukip de Nigel Farage. <em>\u00ab En Espagne, le d\u00e9veloppement d\u2019une critique anti-syst\u00e8me ne peut pas alimenter un parti comme le FN, pour la simple raison que ce parti n\u2019existe pas : le Parti populaire repr\u00e9sente d\u00e9j\u00e0 les \u00e9lecteurs d\u2019extr\u00eame droite. \u00bb<\/em> <\/p>\n<p>Les bonnes nouvelles \u00e9manant du paysage politique europ\u00e9en se faisant bien rares, on ne peut que se r\u00e9jouir de la dynamique Podemos. Reste \u00e0 esp\u00e9rer, toutefois, que la qu\u00eate de l\u2019efficacit\u00e9 \u00e9lectorale ne se fera pas compl\u00e8tement au d\u00e9triment des pratiques d\u00e9mocratiques et du mouvement social sur le terrain.<br \/>\n<div id='gallery-1' class='gallery galleryid-8050 gallery-columns-3 gallery-size-thumbnail'><figure class='gallery-item'>\n\t\t\t<div class='gallery-icon landscape'>\n\t\t\t\t<a href='https:\/\/archives.regards.fr\/wp-content\/uploads\/2014\/11\/podemos-lr-169.jpg'><img loading=\"lazy\" decoding=\"async\" width=\"150\" height=\"150\" src=\"https:\/\/archives.regards.fr\/wp-content\/uploads\/2014\/11\/podemos-lr-169-150x150.jpg\" class=\"attachment-thumbnail size-thumbnail\" alt=\"podemos-lr.jpg\" \/><\/a>\n\t\t\t<\/div><\/figure>\n\t\t<\/div>\n<\/p>\n","protected":false},"excerpt":{"rendered":"<p>Apr\u00e8s seulement neuf mois d\u2019existence, la formation politique issue des Indign\u00e9s ne cache pas son ambition de prendre le pouvoir en Espagne, quitte \u00e0 se transformer en machine de guerre \u00e9lectorale\u2026 et \u00e0 trahir certains de ses principes fondateurs.<\/p>\n","protected":false},"author":1098,"featured_media":20898,"comment_status":"open","ping_status":"open","sticky":false,"template":"","format":"standard","meta":{"_themeisle_gutenberg_block_has_review":false,"footnotes":""},"categories":[157],"tags":[419,483,478],"class_list":["post-8050","post","type-post","status-publish","format-standard","has-post-thumbnail","hentry","category-web","tag-espagne","tag-podemos","tag-syriza"],"_links":{"self":[{"href":"https:\/\/archives.regards.fr\/index.php?rest_route=\/wp\/v2\/posts\/8050","targetHints":{"allow":["GET"]}}],"collection":[{"href":"https:\/\/archives.regards.fr\/index.php?rest_route=\/wp\/v2\/posts"}],"about":[{"href":"https:\/\/archives.regards.fr\/index.php?rest_route=\/wp\/v2\/types\/post"}],"author":[{"embeddable":true,"href":"https:\/\/archives.regards.fr\/index.php?rest_route=\/wp\/v2\/users\/1098"}],"replies":[{"embeddable":true,"href":"https:\/\/archives.regards.fr\/index.php?rest_route=%2Fwp%2Fv2%2Fcomments&post=8050"}],"version-history":[{"count":0,"href":"https:\/\/archives.regards.fr\/index.php?rest_route=\/wp\/v2\/posts\/8050\/revisions"}],"wp:featuredmedia":[{"embeddable":true,"href":"https:\/\/archives.regards.fr\/index.php?rest_route=\/wp\/v2\/media\/20898"}],"wp:attachment":[{"href":"https:\/\/archives.regards.fr\/index.php?rest_route=%2Fwp%2Fv2%2Fmedia&parent=8050"}],"wp:term":[{"taxonomy":"category","embeddable":true,"href":"https:\/\/archives.regards.fr\/index.php?rest_route=%2Fwp%2Fv2%2Fcategories&post=8050"},{"taxonomy":"post_tag","embeddable":true,"href":"https:\/\/archives.regards.fr\/index.php?rest_route=%2Fwp%2Fv2%2Ftags&post=8050"}],"curies":[{"name":"wp","href":"https:\/\/api.w.org\/{rel}","templated":true}]}}