{"id":8049,"date":"2014-11-14T10:40:07","date_gmt":"2014-11-14T09:40:07","guid":{"rendered":"https:\/\/wp.muchomaas.com\/pcf-pierre-laurent-veut-remporter8049\/"},"modified":"2023-06-23T23:18:10","modified_gmt":"2023-06-23T21:18:10","slug":"pcf-pierre-laurent-veut-remporter8049","status":"publish","type":"post","link":"https:\/\/archives.regards.fr\/?p=8049","title":{"rendered":"PCF : Pierre Laurent veut remporter \u00ab l&#8217;\u00e9tape nouvelle \u00bb"},"content":{"rendered":"<p class=\"post_excerpt\">Le Parti communiste tenait ce week-end sa convention nationale. Cet inter-congr\u00e8s a \u00e9t\u00e9 l\u2019occasion pour quelques centaines de militants de travailler en ateliers les grands sujets d\u2019actualit\u00e9\u2026 et de peaufiner la position politique des communistes.<\/p>\n<p>Vouloir ou non l\u2019union de toute la gauche, telle \u00e9tait la question sur toutes les l\u00e8vres des huit-cents d\u00e9l\u00e9gu\u00e9s r\u00e9unis dimanche \u00e0 Montreuil lors de cette convention. Et ce fut chaud.<\/p>\n<p>Pierre Laurent, le secr\u00e9taire national, a ouvert les journ\u00e9es par un subtil argumentaire, plein de circonvolutions et d\u2019ambigu\u00eft\u00e9s cens\u00e9es marier l\u2019impossible : rassembler toute la gauche et prendre acte que la politique gouvernementale n\u2019\u00e9tait pas de gauche. L&#8217;orateur semble croire \u00e0 la possibilit\u00e9 d\u2019inverser d\u2019ici 2017, le cours de la gauche. <\/p>\n<p><strong><em>\u00ab Un immense effort de rassemblement politique \u00bb<br \/>\n<\/strong><\/em><\/p>\n<p><em> \u00ab Si nous voulons \u00e9viter le retour combin\u00e9 de la droite et de l&#8217;extr\u00eame droite du Front national, lui <\/em> (Manuel Valls) <em>et son gouvernement devront laisser la place. C&#8217;est sans attendre que nous voulons travailler \u00e0 une nouvelle majorit\u00e9 de gauche, un nouveau contrat de transformation sociale, \u00e9cologique et d\u00e9mocratique, qui devra \u00eatre mis en \u0153uvre par un nouveau gouvernement et un nouveau premier ministre (\u2026). Cette situation extr\u00eamement dangereuse nous appelle au d\u00e9ploiement d&#8217;un immense effort de rassemblement politique pour une alternative de gauche capable de remettre en conqu\u00eate les nombreuses forces disponibles laiss\u00e9es en friche par le pouvoir actuel. (\u2026) C&#8217;est donc \u00e0 une \u00e9tape nouvelle, quantitativement et qualitativement nouvelle, de la d\u00e9marche que nous avions engag\u00e9e en cr\u00e9ant le Front de gauche que nous sommes appel\u00e9s. Une \u00e9tape dans laquelle il nous incombe de prendre pour notre part en charge l&#8217;avenir de la gauche tout enti\u00e8re et pas seulement de la partie de la gauche que nous constituons. \u00bb<\/em> <\/p>\n<p>Cette analyse est en parfaite coh\u00e9rence avec l\u2019action qu\u2019il a d\u00e9ploy\u00e9e pour aller \u00e0 la rencontre des socialistes d\u00e9sempar\u00e9s. Si, globalement, cette recherche de dialogue avec les socialistes \u00e9tait faiblement mise en cause jusqu\u2019au mois d\u2019ao\u00fbt, elle est aujourd\u2019hui l\u2019objet d\u2019un grand scepticisme. Et cela s\u2019est entendu dans les tr\u00e8s nombreuses interventions de militants qui exprimaient leur volont\u00e9 de rupture avec le PS. <\/p>\n<p>\u00c0 l\u2019image de Bob Injey l\u2019ancien secr\u00e9taire f\u00e9d\u00e9ral des Alpes-Maritimes, membre du secr\u00e9tariat national du parti : <em>\u00ab Fin ao\u00fbt et en septembre, Pierre a eu raison d\u2019engager une d\u00e9marche ouverte. Il faut continuer, mais en m\u00eame temps cela met en \u00e9vidence les limites du ph\u00e9nom\u00e8ne des frondeurs. 220 d\u00e9put\u00e9s ont tout vot\u00e9. Cela n\u2019est pas \u00e9tonnant : le PS assume son virage social-lib\u00e9ral, latent depuis des d\u00e9cennies.  La r\u00e9alit\u00e9, c\u2019est que l\u2019essentiel des socialistes ne sont plus au PS, c\u2019est \u00e0 eux qu\u2019il faut s\u2019adresser en priorit\u00e9 maintenant. \u00bb<\/em><\/p>\n<p><strong><em>Des alliances d\u00e9sormais impossibles avec le PS ?<br \/>\n<\/strong><\/em><\/p>\n<p>L\u2019analyse du ph\u00e9nom\u00e8ne des frondeurs a \u00e9t\u00e9 l&#8217;une des cl\u00e9s du d\u00e9bat : ouvre-t-il ou non une perspective nouvelle \u00e0 gauche ? Dans son intervention, le porte-parole du PCF, Olivier Dartigolles, prend ses distances avec l\u2019id\u00e9e d\u2019une nouvelle perspective : <em>\u00ab L&#8217;abstention des d\u00e9put\u00e9s socialistes frondeurs sur le budget 2015 et le projet de loi de financement de la s\u00e9curit\u00e9 sociale est un entre-deux qui ne correspond pas au niveau de riposte n\u00e9cessaire face \u00e0 la saign\u00e9e de la d\u00e9pense publique et sociale et un projet de soci\u00e9t\u00e9 port\u00e9 par Valls qui s&#8217;attaque aux valeurs r\u00e9publicaines et solidarit\u00e9 et de fraternit\u00e9. \u00bb<\/em> (lire aussi &#8220;<a href=\"https:\/\/wp.muchomaas.com\/web\/a-quoi-servent-les-frondeurs,8009\">\u00c0 quoi servent les frondeurs ?<\/a>&#8220;)<\/p>\n<p>Concr\u00e8tement, face \u00e0 la d\u00e9culott\u00e9e programm\u00e9e en mars lors des \u00e9lections territoriales, faut-il ou non miser sur des tickets avec le PS ? Nullement t\u00e9tanis\u00e9 par la menace d\u2019une \u00e9limination de la gauche et de duel FN-droite, Bob Injey affirme <em>\u00ab avoir des candidats qui portent une alternative et s\u2019opposent \u00e0 l\u2019aust\u00e9rit\u00e9 est incompatible avec des alliances avec des responsables locaux du PS qui soutiennent, activement ou honteusement, la politique du gouvernement\u00a0\u00bb. \u00ab\u00a0Cela peut para\u00eetre \u00e9vident, mais c\u2019est mieux en le disant \u00bb,<\/em> conclut celui qui ne se fait par ailleurs <em>\u00ab aucune illusion sur le prochain congr\u00e8s du PS \u00bb<\/em>, pr\u00e9cisant : <em>\u00ab Avec Jean-Christophe Cambadelis \u00e0 la man\u0153uvre, ce congr\u00e8s sera \u00e0 l\u2019image d\u2019un congr\u00e8s de la MNEF : b\u00e9tonn\u00e9 et verrouill\u00e9. \u00bb<\/em><\/p>\n<p>La journ\u00e9e s\u2019achevait sans que les lignes ne bougent. Pierre Laurent concluait ces assises par un discours fleuve sur les mesures d\u2019un gouvernement de gauche, perspective qu\u2019il croit encore possible, d\u2019ici 2017.<br \/>\n<div id='gallery-1' class='gallery galleryid-8049 gallery-columns-3 gallery-size-thumbnail'><figure class='gallery-item'>\n\t\t\t<div class='gallery-icon landscape'>\n\t\t\t\t<a href='https:\/\/archives.regards.fr\/wp-content\/uploads\/2014\/11\/laurent-cn-pcf-ced.jpg'><img loading=\"lazy\" decoding=\"async\" width=\"150\" height=\"150\" src=\"https:\/\/archives.regards.fr\/wp-content\/uploads\/2014\/11\/laurent-cn-pcf-ced-150x150.jpg\" class=\"attachment-thumbnail size-thumbnail\" alt=\"laurent-cn-pcf.jpg\" \/><\/a>\n\t\t\t<\/div><\/figure>\n\t\t<\/div>\n<\/p>\n","protected":false},"excerpt":{"rendered":"<p>Le Parti communiste tenait ce week-end sa convention nationale. Cet inter-congr\u00e8s a \u00e9t\u00e9 l\u2019occasion pour quelques centaines de militants de travailler en ateliers les grands sujets d\u2019actualit\u00e9\u2026 et de peaufiner la position politique des communistes.<\/p>\n","protected":false},"author":464,"featured_media":20896,"comment_status":"open","ping_status":"open","sticky":false,"template":"","format":"standard","meta":{"_themeisle_gutenberg_block_has_review":false,"footnotes":""},"categories":[157],"tags":[406],"class_list":["post-8049","post","type-post","status-publish","format-standard","has-post-thumbnail","hentry","category-web","tag-pcf"],"_links":{"self":[{"href":"https:\/\/archives.regards.fr\/index.php?rest_route=\/wp\/v2\/posts\/8049","targetHints":{"allow":["GET"]}}],"collection":[{"href":"https:\/\/archives.regards.fr\/index.php?rest_route=\/wp\/v2\/posts"}],"about":[{"href":"https:\/\/archives.regards.fr\/index.php?rest_route=\/wp\/v2\/types\/post"}],"author":[{"embeddable":true,"href":"https:\/\/archives.regards.fr\/index.php?rest_route=\/wp\/v2\/users\/464"}],"replies":[{"embeddable":true,"href":"https:\/\/archives.regards.fr\/index.php?rest_route=%2Fwp%2Fv2%2Fcomments&post=8049"}],"version-history":[{"count":0,"href":"https:\/\/archives.regards.fr\/index.php?rest_route=\/wp\/v2\/posts\/8049\/revisions"}],"wp:featuredmedia":[{"embeddable":true,"href":"https:\/\/archives.regards.fr\/index.php?rest_route=\/wp\/v2\/media\/20896"}],"wp:attachment":[{"href":"https:\/\/archives.regards.fr\/index.php?rest_route=%2Fwp%2Fv2%2Fmedia&parent=8049"}],"wp:term":[{"taxonomy":"category","embeddable":true,"href":"https:\/\/archives.regards.fr\/index.php?rest_route=%2Fwp%2Fv2%2Fcategories&post=8049"},{"taxonomy":"post_tag","embeddable":true,"href":"https:\/\/archives.regards.fr\/index.php?rest_route=%2Fwp%2Fv2%2Ftags&post=8049"}],"curies":[{"name":"wp","href":"https:\/\/api.w.org\/{rel}","templated":true}]}}