{"id":8026,"date":"2014-10-30T13:29:58","date_gmt":"2014-10-30T12:29:58","guid":{"rendered":"https:\/\/wp.muchomaas.com\/pulvar-tapie-contre-la-confusion8026\/"},"modified":"2014-10-30T13:29:58","modified_gmt":"2014-10-30T12:29:58","slug":"pulvar-tapie-contre-la-confusion8026","status":"publish","type":"post","link":"https:\/\/archives.regards.fr\/?p=8026","title":{"rendered":"Pulvar-Tapie : contre la confusion du psychologique et du politique"},"content":{"rendered":"<p class=\"post_excerpt\">La &#8220;psychologisation&#8221;, devenue une v\u00e9ritable technique de communication du personnel politique, a envahi les plateaux de t\u00e9l\u00e9vision. Analyse d&#8217;un ph\u00e9nom\u00e8ne dont l&#8217;interview de Bernard Tapie par Audrey Pulvar, dimanche dernier, pourrait bien signer la fin.<\/p>\n<p>C&#8217;est Pierre Bourdieu qui remarquait qu&#8217;\u00e0 la t\u00e9l\u00e9vision, la forme, le rythme, le ton surtout d&#8217;un discours importait parfois plus que son contenu. En ce sens, dimanche dernier, si microscopique que puisse para\u00eetre l&#8217;\u00e9v\u00e9nement, l&#8217;interview de Bernard Tapie par Audrey Pulvar a fonctionn\u00e9 comme un &#8220;r\u00e9v\u00e9lateur&#8221; des strat\u00e9gies de communication compassionnelles qui, depuis le trop fameux <em>\u00ab Vous n&#8217;avez pas le monopole du c\u0153ur \u00bb<\/em> de Giscard d&#8217;Estaing, informe le discours des hommes et des femmes politiques et, \u00e0 vrai dire, permet de masquer la r\u00e9alit\u00e9, le sens profond de leurs positions et prises de position politiques \u00e0 la t\u00e9l\u00e9vision. <\/p>\n<p><strong><em>\u00c9changes path\u00e9tiques<br \/>\n<\/strong><\/em><\/p>\n<p>On ne manquerait pas d&#8217;exemples pour d\u00e9crire cette mise en forme psychologique du discours politique, devenue une v\u00e9ritable technique de communication \u2013  soit qu&#8217;elle cherche \u00e0 d\u00e9stabiliser l&#8217;adversaire, soit qu&#8217;elle vise \u00e0 dissimuler l&#8217;enjeu proprement politique des questions soulev\u00e9es. L&#8217;on peut consid\u00e9rer que le d\u00e9bat de l&#8217;entre-deux tours de la pr\u00e9sidentielle de 2007, entre S\u00e9gol\u00e8ne Royal et Nicolas Sarkozy, reste \u00e0 cet \u00e9gard un sommet. Il suffit de se souvenir comment Nicolas Sarkozy tenta alors, pour \u00e9viter de r\u00e9pondre \u00e0 l&#8217;une des questions soulev\u00e9es (le financement des retraites) de d\u00e9stabiliser S\u00e9gol\u00e8ne Royal en instrumentalisant ses divergences avec Fran\u00e7ois Hollande (dont il \u00e9tait \u00e9videmment bien plac\u00e9 pour savoir, comme ancien ministre de l&#8217;Int\u00e9rieur, qu&#8217;elles n&#8217;\u00e9taient pas seulement politiques). Ou encore, de rappeler les \u00e9changes path\u00e9tiques, malheureusement rest\u00e9s c\u00e9l\u00e8bres, entre les deux candidats autour de la question, pourtant s\u00e9rieuse et l\u00e9gitime, des handicap\u00e9s (voir les vid\u00e9os ci-dessous). <\/p>\n<p><iframe loading=\"lazy\" frameborder=\"0\" width=\"460\" height=\"259\" src=\"\/\/www.dailymotion.com\/embed\/video\/x1vt23?start=940&#038;logo=0\" allowfullscreen><\/iframe><\/p>\n<p><iframe loading=\"lazy\" frameborder=\"0\" width=\"460\" height=\"259\" src=\"\/\/www.dailymotion.com\/embed\/video\/x1vv5d?start=710&#038;logo=0\" allowfullscreen><\/iframe><\/p>\n<p>Il faut se souvenir, \u00e9galement, comment, \u00e0 l&#8217;\u00e9t\u00e9 2008, le m\u00eame Nicolas Sarkozy, devenu pr\u00e9sident de la R\u00e9publique, parvint \u00e0 refouler le sens profond des questions d&#8217;Audrey Pulvar sur la question de l&#8217;immigration. Malgr\u00e9 de multiples relances de la journaliste, portant sur la possibilit\u00e9 et les cons\u00e9quences d&#8217;une politique d&#8217;expulsions massives des sans-papiers, Sarkozy, sur le ton larmoyant qu&#8217;on lui conna\u00eet, invoquait alors son sens de l&#8217;humanit\u00e9, son <em>\u00ab c\u0153ur \u00bb \u2013 \u00ab \u00e0 gauche \u00bb<\/em>, osa-t-il d\u00e9clarer. Au regard de cet \u00e9change pourtant muscl\u00e9, comme aiment \u00e0 le dire les journalistes de t\u00e9l\u00e9vision, il apparaissait que les techniques classiques de l&#8217;interview politique (relance, reformulation rationnelle de la question) \u00e9chouaient \u00e0 mettre en p\u00e9ril un discours prenant son point d&#8217;appui dans une forme de mise en sc\u00e8ne de la psychologie (forc\u00e9ment sensible, compatissante) d&#8217;un homme politique, d\u00e8s lors devenu intouchable (voir la vid\u00e9o ci-dessous). <\/p>\n<p><iframe loading=\"lazy\" width=\"460\" height=\"345\" src=\"\/\/www.youtube.com\/embed\/7i_mVDEOCgM?rel=0&#038;showinfo=0\" frameborder=\"0\" allowfullscreen><\/iframe><\/p>\n<p><strong><em>\u00ab On n&#8217;est pas dans un cabinet de psychanalyse \u00bb<br \/>\n<\/strong><\/em><\/p>\n<p>Et pourtant. Dimanche dernier, alors que l&#8217;on pouvait craindre le pire, puisque in\u00e9narrable Bernard Tapie \u00e9tait l&#8217;invit\u00e9 des plateaux d&#8217;i-T\u00e9l\u00e9, le journalisme politique semble avoir retrouv\u00e9 quelques lettres de noblesse. Alors qu&#8217;Audrey Pulvar interrogeait Bernard Tapie sur les conflits d&#8217;int\u00e9r\u00eat, les affaires judiciaires qui menacent son avenir politique, ce dernier ne manqua pas, comme Nicolas Sarkozy, d&#8217;user des m\u00eames techniques de communication \u00e9prouv\u00e9es. En tentant d&#8217;abord de d\u00e9stabiliser la journaliste (en faisant allusion \u00e0 ses liens pass\u00e9s avec Arnaud Montebourg), en se pr\u00e9sentant sous un jour victimaire enfin, multipliant les confidences sur son suppos\u00e9 malheur personnel. Et c&#8217;est alors que fusa, apr\u00e8s de vaines tentatives de relance, la r\u00e9plique admirable d&#8217;Audrey Pulvar, visiblement exc\u00e9d\u00e9e mais d\u00e9termin\u00e9e :<em> \u00ab On n&#8217;est pas dans un cabinet de psychanalyse ici. Je ne suis pas psychanalyste. Je ne suis pas l\u00e0 pour \u00e9couter vos confidences \u00bb<\/em> (voir la vid\u00e9o ci-dessous).<\/p>\n<div><iframe loading=\"lazy\" width=\"460\" height=\"260\" frameborder=\"0\" scrolling=\"no\" src=\"http:\/\/player.canalplus.fr\/embed\/?param=itele_vod&#038;vid=1154980\"><\/iframe><\/div>\n<div style=\"width:472px;font-size:11px; background:#EBEBEB; border:1px solid #D6D6D6; margin-top:5px; padding:4px 0 4px 6px; font-family:Arial, Helvetica, sans-serif; -moz-border-radius:3px; -webkit-border-radius:3px;\"><a target=\"_blank\" style=\"text-decoration:none; color:#666;\" href=\"http:\/\/www.itele.fr\/redirect?vid=1154980&#038;sc_cmpid=SharePlayerEmbed\" rel=\"noopener\"><span style=\"color:#000; font-weight:bold;\">Arbitrage : Bernard Tapie refuse de r\u00e9pondre aux questions d?Aud<\/span> &#8211; 18h Politique<\/a><\/div>\n<\/p>\n<p>\u00a0<\/p>\n<p>C&#8217;\u00e9tait rompre, bien s\u00fbr, avec les biens\u00e9ances qui tendent \u00e0 respecter, mais aussi l\u00e9gitimer l&#8217;usage et l&#8217;importation de la psychologie dans le discours politique. Et c&#8217;est la remarque que se devrait d&#8217;adresser, aujourd&#8217;hui, tout journaliste politique digne de ce nom, chaque fois qu&#8217;un homme ou une femme politique tente d&#8217;importer, ou d&#8217;imposer un cadre psychologique dans une discussion politique. Non qu&#8217;il faille d\u00e9noncer, comme on l&#8217;entend souvent, la confusion entre priv\u00e9 et public qui est, en fait, un probl\u00e8me-\u00e9cran. En effet, les mouvements f\u00e9ministes, homosexuels, nous ont appris que le priv\u00e9 pouvait \u00eatre aussi le plus public pour peu, pr\u00e9cis\u00e9ment, que le priv\u00e9 rel\u00e8ve d&#8217;un processus de politisation, qui arrache des probl\u00e8mes qui pouvaient para\u00eetre individuels \u00e0 la sph\u00e8re de l&#8217;intime, et les r\u00e9inscrive dans un cadre collectif et politique. Quand, au contraire, la confusion du psychologique et du politique tend \u00e0 r\u00e9duire des probl\u00e8mes publics \u00e0 des questionnements et des tourments individuels, et donc \u00e0 d\u00e9politiser le discours politique lui-m\u00eame. <\/p>\n<p>Pour suivre la remarque d&#8217;Audrey Pulvar (peu importe qu&#8217;elle ait \u00e9t\u00e9 r\u00e9fl\u00e9chie ou spontan\u00e9e), la psychanalyse \u2013 en l&#8217;esp\u00e8ce, il s&#8217;agit souvent d&#8217;une psychologie de bazar \u2013 ne devrait donc jamais quitter les lieux o\u00f9 elle a seule une place l\u00e9gitime : dans les cabinets des praticiens, ou dans les livres savants et critiques (pour peu, donc, qu&#8217;ils contribuent \u00e0 r\u00e9inventer notre perception collective de nous-m\u00eames). Mais il est certain d\u00e9sormais, d\u00e9monstration en est faite au-del\u00e0 du coup d&#8217;\u00e9clat salvateur d&#8217;Audrey Pulvar, que la psychologie, ou m\u00eame la psychanalyse, n&#8217;ont pas, ne devraient plus avoir leur place sur les plateaux de t\u00e9l\u00e9vision, encore moins dans les interviews politiques.<\/p>\n","protected":false},"excerpt":{"rendered":"<p>La &#8220;psychologisation&#8221;, devenue une v\u00e9ritable technique de communication du personnel politique, a envahi les plateaux de t\u00e9l\u00e9vision. Analyse d&#8217;un ph\u00e9nom\u00e8ne dont l&#8217;interview de Bernard Tapie par Audrey Pulvar, dimanche dernier, pourrait bien signer la fin.<\/p>\n","protected":false},"author":1,"featured_media":0,"comment_status":"open","ping_status":"open","sticky":false,"template":"","format":"standard","meta":{"_themeisle_gutenberg_block_has_review":false,"footnotes":""},"categories":[157],"tags":[],"class_list":["post-8026","post","type-post","status-publish","format-standard","hentry","category-web"],"_links":{"self":[{"href":"https:\/\/archives.regards.fr\/index.php?rest_route=\/wp\/v2\/posts\/8026","targetHints":{"allow":["GET"]}}],"collection":[{"href":"https:\/\/archives.regards.fr\/index.php?rest_route=\/wp\/v2\/posts"}],"about":[{"href":"https:\/\/archives.regards.fr\/index.php?rest_route=\/wp\/v2\/types\/post"}],"author":[{"embeddable":true,"href":"https:\/\/archives.regards.fr\/index.php?rest_route=\/wp\/v2\/users\/1"}],"replies":[{"embeddable":true,"href":"https:\/\/archives.regards.fr\/index.php?rest_route=%2Fwp%2Fv2%2Fcomments&post=8026"}],"version-history":[{"count":0,"href":"https:\/\/archives.regards.fr\/index.php?rest_route=\/wp\/v2\/posts\/8026\/revisions"}],"wp:attachment":[{"href":"https:\/\/archives.regards.fr\/index.php?rest_route=%2Fwp%2Fv2%2Fmedia&parent=8026"}],"wp:term":[{"taxonomy":"category","embeddable":true,"href":"https:\/\/archives.regards.fr\/index.php?rest_route=%2Fwp%2Fv2%2Fcategories&post=8026"},{"taxonomy":"post_tag","embeddable":true,"href":"https:\/\/archives.regards.fr\/index.php?rest_route=%2Fwp%2Fv2%2Ftags&post=8026"}],"curies":[{"name":"wp","href":"https:\/\/api.w.org\/{rel}","templated":true}]}}