{"id":8009,"date":"2014-10-22T18:10:11","date_gmt":"2014-10-22T16:10:11","guid":{"rendered":"https:\/\/wp.muchomaas.com\/a-quoi-servent-les-frondeurs8009\/"},"modified":"2023-06-23T23:18:02","modified_gmt":"2023-06-23T21:18:02","slug":"a-quoi-servent-les-frondeurs8009","status":"publish","type":"post","link":"https:\/\/archives.regards.fr\/?p=8009","title":{"rendered":"\u00c0 quoi servent les frondeurs ?"},"content":{"rendered":"<p class=\"post_excerpt\">39 d\u00e9put\u00e9s socialistes &#8220;frondeurs&#8221; se sont abstenus, mardi, de voter le volet recettes du projet de loi de finances 2015. Nous avons demand\u00e9 \u00e0 l&#8217;une d&#8217;entre eux et \u00e0 cinq personnalit\u00e9s de la gauche de gauche quelle utilit\u00e9 ils peuvent ou pourraient avoir\u2026<\/p>\n<p>Contributions extraites du e-mensuel de <em>Regards<\/em> (octobre).<\/p>\n<ul>\n<li> <a href=\"#A\"><strong>Barbara Romagnan<\/strong> \u2013 PS<\/a><\/li>\n<li> <a href=\"#B\"><strong>\u00c9ric Coquerel<\/strong> \u2013 Parti de gauche<\/a><\/li>\n<li> <a href=\"#C\"><strong>Olivier Dartigolles<\/strong> &#8211; PCF<\/a><\/li>\n<li> <a href=\"#D\"><strong>Pierre-Fran\u00e7ois Grond<\/strong> \u2013 Ensemble<\/a><\/li>\n<li> <a href=\"#E\"><strong>Sandra Demarcq<\/strong> &#8211; NPA<\/a><\/li>\n<li> <a href=\"#F\"><strong>\u00c9lise Lowy<\/strong> \u2013 EELV<\/a><\/li>\n<\/ul>\n<hr \/>\n<p><a name=\"A\"><\/a><\/p>\n<p><strong>Barbara Romagnan \u2013 &#8220;frondeuse&#8221; du PS<br \/>\n<\/strong><br \/>\n<em> <strong><em>\u00ab Notre d\u00e9marche consiste \u00e0 porter de l&#8217;espoir \u00e0 gauche \u00bb<br \/>\n<\/strong><\/em> <\/em><br \/>\n<img decoding=\"async\" src=\"IMG\/jpg\/frondeurs-romagnan.jpg\" alt=\"frondeurs-romagnan.jpg\" align=\"center\" \/><br \/>\nNos prises de positions expriment avant tout nos convictions, plus qu&#8217;une strat\u00e9gie politique \u00e9labor\u00e9e. Voici comment nous essayons d&#8217;\u00eatre utiles.<\/p>\n<p>Notre objectif est de peser le plus possible dans le cadre de la majorit\u00e9, car nous souhaitons que la gauche r\u00e9ussisse. Autrement dit, que son passage au pouvoir soit utile \u00e0 celles et ceux qui l\u2019ont port\u00e9e. Il reste deux ans jusqu\u2019\u00e0 2017. Il n\u2019est pas \u00e9crit que ce temps sera perdu. Notre r\u00f4le de parlementaires est de faire des propositions pr\u00e9cises, comme nous l\u2019avons fait et comme nous continuerons \u00e0 le faire dans les prochains d\u00e9bats budg\u00e9taires, afin d&#8217;infl\u00e9chir des orientations que nous jugeons injustes, inadapt\u00e9es pour cr\u00e9er de l&#8217;emploi et relancer l&#8217;\u00e9conomie fran\u00e7aise, et co\u00fbteuses pour les finances publiques. On peut penser que la pression que nous avons exerc\u00e9e a permis d&#8217;\u00e9viter certains reculs. La mise en place du plan pauvret\u00e9 n&#8217;a pas \u00e9t\u00e9 retard\u00e9e, les retrait\u00e9s les plus modestes, qui sont d&#8217;abord des femmes, ont \u00e9t\u00e9 partiellement \u00e9pargn\u00e9s des mesures de gels pr\u00e9vues. Ce sont certes de maigres r\u00e9sultats, mais ils existent gr\u00e2ce \u00e0 notre intervention.<\/p>\n<p>Une autre dimension de notre d\u00e9marche consiste \u00e0 porter de l&#8217;espoir \u00e0 gauche : ne pas subir les \u00e9v\u00e9nements et essayer de cr\u00e9er les conditions d&#8217;une d\u00e9marche commune rassemblant la gauche sociale et \u00e9cologiste. En effet, nous croyons que seule l&#8217;union de toutes les forces de gauche permettra une victoire durable. C&#8217;est sur la base de ces valeurs et propositions communes que la gauche l&#8217;a emport\u00e9 en 2012. C&#8217;est sur cette base que les citoyens et les partis de gauche ont vot\u00e9 pour Fran\u00e7ois Hollande au second tour de la pr\u00e9sidentielle et pour la majorit\u00e9 pr\u00e9sidentielle aux l\u00e9gislatives. Notre d\u00e9marche s&#8217;adresse donc \u00e0 nos dirigeants, qui semblent avoir oubli\u00e9 leurs engagements et leurs \u00e9lecteurs, ce qui discr\u00e9dite la parole politique et affaiblit la d\u00e9mocratie. <\/p>\n<p><em> <strong>\u00ab Quand la gauche de gouvernement perd et s&#8217;\u00e9croule, c&#8217;est toute la gauche sociale et \u00e9cologiste qui s&#8217;effondre \u00bb<\/strong> <\/em><\/p>\n<p>Elle s&#8217;adresse aussi \u00e0 nos camarades des autres formations de la gauche qui, bien que l\u00e9gitimement d\u00e9\u00e7us, voire r\u00e9volt\u00e9s, par les choix politiques du gouvernement et de la majorit\u00e9 parlementaire, envisageraient une possible recomposition faisant l&#8217;impasse sur les socialistes. Je ne crois pas que nous puissions prendre des chemins s\u00e9par\u00e9s. Personne ne gagnera sans les autres. M\u00eame malade, le PS exprime, au-del\u00e0 de ses dirigeants, la force d&#8217;une tradition politique centrale qui a apport\u00e9 les avanc\u00e9es sociales les plus importantes de notre pays. Notons que la crise que nous traversons met \u00e0 mal l&#8217;ensemble des forces politiques de gauche : celles qui gouvernent, mais aussi celles qui veulent construire une alternative de gauche. Quand la gauche de gouvernement perd et s&#8217;\u00e9croule, c&#8217;est toute la gauche sociale et \u00e9cologiste qui s&#8217;effondre et c&#8217;est le FN, et plus encore l&#8217;abstention, qui montent. <\/p>\n<p>Aujourd&#8217;hui, il y a urgence. Les valeurs de solidarit\u00e9, de tol\u00e9rance, d&#8217;\u00e9galit\u00e9 r\u00e9gressent dans notre pays et dans le monde. Le d\u00e9fi et les enjeux actuels d\u00e9passent tr\u00e8s largement le positionnement de nos organisations respectives. On ne s&#8217;opposera pas \u00e0 cette spirale mortif\u00e8re par l&#8217;incantation ou par le retour nostalgique aux recettes des Trente glorieuses. Dans la mutation actuelle, nous devons construire une r\u00e9ponse commune au triple d\u00e9fi social, \u00e9cologique et d\u00e9mocratique. Cela passe par l&#8217;invention d&#8217;un imaginaire, d&#8217;un horizon d\u00e9sirable. <\/p>\n<p>Nous entendons contribuer, \u00e0 notre place, avec d&#8217;autres et \u00e0 l&#8217;\u00e9coute des nombreuses innovations et projets issus de la soci\u00e9t\u00e9 civile, \u00e0 l&#8217;\u00e9mergence d\u2019un projet qui permette une soci\u00e9t\u00e9 o\u00f9 chacun peut trouver sa place.<\/p>\n<hr \/>\n<p><a name=\"B\"><\/a><\/p>\n<p><strong>\u00c9ric Coquerel \u2013 Parti de Gauche<br \/>\n<\/strong><br \/>\n<em> <\/p>\n<h2>\u00ab Je ne crois pas \u00e0 un changement interne du PS \u00bb<\/h2>\n<p> <\/em><\/p>\n<p><img decoding=\"async\" src=\"IMG\/jpg\/frondeurs-coquerel.jpg\" alt=\"frondeurs-coquerel.jpg\" align=\"center\" \/><\/p>\n<p>Quelle est l\u2019utilit\u00e9 des frondeurs ? Au moment de la f\u00eate de l\u2019Humanit\u00e9, \u00e0 quelques jours du vote de confiance, j\u2019avais twitt\u00e9 : <em>\u00ab Frondeurs ils sont utiles, boudeurs ils ne servent \u00e0 rien \u00bb<\/em>. Cette boutade r\u00e9sumait bien notre pens\u00e9e d\u2019alors : en votant contre la confiance, les dissidents de la majorit\u00e9 avaient les moyens de battre la politique du gouvernement Valls II, en s\u2019abstenant ils envoyaient une nouvelle semonce \u00e0 blanc lui permettant de s\u00e9vir encore. C\u2019est \u00e9videmment ce qui s\u2019est pass\u00e9. M\u00eame si pour le coup, on ne boude pas la satisfaction de voir Manuel Valls d\u00e9pourvu de majorit\u00e9 absolue. <\/p>\n<p>Pourquoi les vingt-huit abstentionnistes socialistes \u2013  je m\u2019en tiens en effet ici \u00e0 la question de Regards sur les seuls frondeurs du PS \u2013 n\u2019ont pas \u00e9t\u00e9 plus loin ? Certains, les plus \u00e0 gauche, que l\u2019on retrouve parmi ceux qui s\u2019\u00e9taient d\u00e9j\u00e0 abstenus lors du premier vote de confiance, expliquent en priv\u00e9 qu\u2019un vote contre, parce que rassemblant moins de d\u00e9put\u00e9s qu\u2019une abstention collective, aurait au final affaibli leur combat. Il est vrai que les frondeurs sont divers, entre une aile gauche que l\u2019on qualifiera d\u2019antilib\u00e9rale et ceux qui pr\u00f4nent finalement une aust\u00e9rit\u00e9 un peu plus soft que la politique bulldozer du gouvernement en la mati\u00e8re. Pour autant, je pense que la raison premi\u00e8re est plus simple : au moment d\u00e9cisif, aucun n\u2019a voulu franchir le Rubicon en apparaissant comme des opposants au gouvernement.<\/p>\n<p><em> <strong>\u00ab Ils ont laiss\u00e9 passer leur chance le 9 septembre, alors qu\u2019ils tenaient Manuel Valls \u00bb<\/strong> <\/em><\/p>\n<p>Un qui n\u2019a pas la main qui tremble, c\u2019est Manuel Valls. Le 30 septembre, il passait commande \u00e0 Bruno Leroux de retirer sept frondeurs de la Commission des affaires sociales de l\u2019Assembl\u00e9e nationale. Une premi\u00e8re dans une majorit\u00e9. Voil\u00e0 la d\u00e9monstration brutale que ce pouvoir n\u2019est pr\u00eat \u00e0 aucun compromis et qu\u2019il a la rancune tenace. Apr\u00e8s le renvoi d\u2019Arnaud Montebourg et Beno\u00eet Hamon du gouvernement, le couple ex\u00e9cutif confirme qu\u2019il ne tol\u00e9rera plus de voir une t\u00eate d\u00e9passer. Ces socialistes-l\u00e0 ne rentrent pas dans le plan de bataille de l\u2019\u00c9lys\u00e9e et de Matignon. Ils ont laiss\u00e9 passer leur chance le 9 septembre alors qu\u2019ils tenaient Manuel Valls, ce dernier ne compte pas leur en laisser une seconde. Alors, maintenant, \u00e0 quoi peuvent-ils \u00eatre utiles ?  <\/p>\n<p>Inversons la question : \u00e0 quoi d\u00e9j\u00e0 ne le sont-ils pas ? Ils ne sont pas utiles s\u2019ils veulent transformer la gauche d\u2019opposition en moyen de pression ext\u00e9rieure pour recomposer le PS. Je sais bien que certains d\u2019entre eux y pensent, dans l\u2019espoir de d\u00e9boucher sur  une candidature plus pr\u00e9sentable que celle de Hollande en 2017.  Soyons clair : ce n\u2019est pas notre affaire. Je ne crois pas en effet \u00e0 un changement interne du PS ayant pour effet de donner la main \u00e0 sa gauche. Rappelons, par exemple, que le programme de Martine Aubry n\u2019affichait que des diff\u00e9rences cosm\u00e9tiques avec celui de Hollande lors des primaires socialistes. Il n\u2019est donc pas question de travailler \u00e0 un sc\u00e9nario qui, d\u2019une part, reviendrait \u00e0 laisser une position centrale \u00e0 des sociaux-lib\u00e9raux pourtant tr\u00e8s affaiblis et, d\u2019autre part, qui nous laisserait dans l\u2019attente jusqu\u2019au prochain congr\u00e8s du PS. Si nous avons une chance de pr\u00e9senter une alternative gagnante, c\u2019est en rompant clairement avec les partis du syst\u00e8me lib\u00e9ral, dont le PS. <\/p>\n<p><em> <strong>\u00ab Passer de l&#8217;autre c\u00f4t\u00e9 de la barricade \u00bb<br \/>\n<\/strong> <\/em><\/p>\n<p>Alors, pour finir, les frondeurs ont-il une utilit\u00e9 ? Oui, en passant de l\u2019autre c\u00f4t\u00e9 de la barricade, du c\u00f4t\u00e9 de l\u2019opposition \u00e0 la politique de Fran\u00e7ois Hollande. Dans ce cas, ils pourraient constituer un renfort appr\u00e9ciable. Ce qui reviendrait \u00e0 oublier d\u2019inutiles jeux tactiques internes au PS. \u00c0 court terme, qu\u2019ils votent contre le budget comme les parlementaires FDG et Nouvelle donne, m\u00eame s\u2019ils sont moins nombreux \u00e0 le faire qu\u2019en s\u2019abstenant, qu\u2019ils contribuent \u00e0 une mobilisation sociale et citoyenne contre la politique du gouvernement et le budget, justement en manifestant avec toutes les forces qui s\u2019y pr\u00e9parent \u00e0 mi-mandat. <\/p>\n<p>Je trouverai \u00e9galement positif qu\u2019ils s\u2019engagent, comme nous, dans la construction d\u2019un Mouvement pour la VIe R\u00e9publique et une assembl\u00e9e constituante qui se veut une alternative par et pour la souverainet\u00e9 du peuple.<\/p>\n<p>Comme on le voit, nous restons ouverts \u00e0 leur \u00e9volution m\u00eame si nous constatons qu\u2019\u00e0 quelques exceptions notables, beaucoup d\u2019entre eux, \u00e0 l\u2019inverse, font le tri dans le Front de gauche, construisant ainsi un cordon sanitaire autour de plusieurs de ses composantes, dont principalement le Parti de gauche. En r\u00e9alit\u00e9, cela nous inqui\u00e8te davantage en tant que r\u00e9v\u00e9lateur de leurs objectifs que parce que nous manquerions des \u00e9v\u00e9nements que nous ne consid\u00e9rons pas comme centraux dans la p\u00e9riode. Car si nous restons ouverts \u00e0 l\u2019\u00e9volution des dissidents socialistes, on a aussi compris qu\u2019il est hors de question que la construction de l\u2019alternative en d\u00e9pende.<\/p>\n<hr \/>\n<p><a name=\"C\"><\/a> <\/p>\n<p><strong>Olivier Dartigolles &#8211; PCF<br \/>\n<\/strong><br \/>\n<em> <strong><em>\u00ab Avec les frondeurs, il y aura du d\u00e9bat, des convergences et des d\u00e9saccords \u00bb<br \/>\n<\/strong><\/em> <\/em><\/p>\n<p><img loading=\"lazy\" decoding=\"async\" class=\" aligncenter size-full wp-image-20802\" src=\"https:\/\/wp.muchomaas.com\/wp-content\/uploads\/2014\/10\/frondeurs-dartigolles-b17.jpg\" alt=\"frondeurs-dartigolles.jpg\" align=\"center\" width=\"460\" height=\"131\" srcset=\"https:\/\/archives.regards.fr\/wp-content\/uploads\/2014\/10\/frondeurs-dartigolles-b17.jpg 460w, https:\/\/archives.regards.fr\/wp-content\/uploads\/2014\/10\/frondeurs-dartigolles-b17-300x85.jpg 300w\" sizes=\"auto, (max-width: 460px) 100vw, 460px\" \/><\/p>\n<p>Il faut d\u00e9battre et \u00e9changer avec les frondeurs du PS comme avec toutes les femmes et les hommes qui jugent, aujourd&#8217;hui, que la politique gouvernementale m\u00e8ne au d\u00e9sastre. L&#8217;\u00e9chec de cette politique nourrit certes un niveau in\u00e9gal\u00e9 de d\u00e9fiance, mais pas uniquement. Ce qui progresse aussi, alors que Hollande, Valls et la direction du PS ont tout fait pour qu&#8217;il n&#8217;en soit pas ainsi, c&#8217;est le nombre de forces politiques, sociales et associatives, de personnalit\u00e9s progressistes qui se disent : <em>\u00ab Il y a autre chose \u00e0 faire \u00e0 gauche que l&#8217;aust\u00e9rit\u00e9. \u00bb <\/em> <\/p>\n<p>Il nous faut en discuter publiquement car ce processus de d\u00e9bat sur des questions pr\u00e9cises, sur la caract\u00e9risation de la crise et des solutions de gauche, est en lui-m\u00eame une donn\u00e9e de l&#8217;espoir \u00e0 construire pour une alternative de gauche. Nous avons commenc\u00e9 \u00e0 le faire avec le Front de gauche, mais pas \u00e0 un niveau suffisant.<\/p>\n<p><em> <strong>\u00ab \u00c9lever le niveau de riposte au gouvernement \u00bb<br \/>\n<\/strong> <\/em><\/p>\n<p>La question n&#8217;est pas de plus ou moins croire dans la d\u00e9termination des frondeurs. Ils sont divers. Ils n&#8217;ont pas tous les m\u00eames objectifs. Le fait politique nouveau, avec la nomination de Valls \u00e0 Matignon, est que des parlementaires du groupe PS ne votent pas la confiance en une politique dont ils d\u00e9noncent l&#8217;injustice et l&#8217;inefficacit\u00e9. Iront-ils plus loin que l&#8217;abstention lors du vote des deux prochains textes budg\u00e9taires o\u00f9 sont inscrits 21 milliards de saign\u00e9e dans la d\u00e9pense publique et sociale ? Travaillons des amendements convergents sur le budget 2015 et le projet de loi de financement de la S\u00e9cu. <\/p>\n<p>Un mouvement est engag\u00e9. Il va connaitre des \u00e9tapes et tr\u00e8s certainement des rythmes diff\u00e9rents \u2013 il faut l&#8217;accepter \u2013, selon les questions en d\u00e9bat mais aussi les lieux o\u00f9 nous proposons de construire une alternative de gauche. Il nous faut \u00e0 la fois \u00e9lever le niveau de riposte au gouvernement et soutenir plus fortement les luttes en cours, tout en mettant le plus grand nombre possible de personnes en mouvement sur la construction de r\u00e9ponses de gauche. Quelle relance sociale contre l&#8217;aust\u00e9rit\u00e9 ? Comment reconstruire des rep\u00e8res forts pour une soci\u00e9t\u00e9 d&#8217;\u00e9galit\u00e9, de libert\u00e9 et de fraternit\u00e9 ? Parlons des grands axes d&#8217;une autre politique \u00e9conomique et sociale sans laisser \u00e0 la droite le terrain des droits pour les individus et les familles. Parlons aussi des enjeux internationaux qui p\u00e8sent tr\u00e8s lourdement. <\/p>\n<p>Il nous faut d\u00e9battre et agir. C&#8217;est l&#8217;appel lanc\u00e9 par Pierre Laurent \u00e0 la F\u00eate de l&#8217;Humanit\u00e9. Entrons en dialogue, mettons-nous au travail, en action sous toutes les formes possibles, dans tout le pays, \u00e0 tous les niveaux, pour d\u00e9cider la politique de gauche que nous voulons faire gagner. <\/p>\n<p><em> <strong>\u00ab L&#8217;essentiel est de construire, pas \u00e0 pas, une alternative de gauche \u00bb<br \/>\n<\/strong> <\/em><\/p>\n<p>EELV n&#8217;est plus au gouvernement. Des \u00e9lus et militants socialistes nous disent, \u00e0 l&#8217;\u00e9chelle des territoires, leur \u00e9c\u0153urement qui est aussi celui des dix millions de personnes qui ont vot\u00e9 pour Fran\u00e7ois Hollande au premier tour de l&#8217;\u00e9lection pr\u00e9sidentielle. Comment leur parler ? D&#8217;abord en commen\u00e7ant par les \u00e9couter ! Ils n&#8217;ont que faire de nos \u00e9ventuelles critiques sur la plus ou moins grande d\u00e9termination des frondeurs \u00e0 l&#8217;Assembl\u00e9e. Ce n&#8217;est pas leur pr\u00e9occupation premi\u00e8re. Avant de savoir si Hollande peut durer jusqu&#8217;en 2017, ils se demandent comment arriver \u00e0 la fin du mois. Le fait que des forces de gauche puissent se parler, \u00e9changer, inscrire des rendez-vous \u00e0 l&#8217;agenda, dire ensemble qu&#8217;il n&#8217;y a aucune fatalit\u00e9 aux immenses g\u00e2chis provoqu\u00e9s par cette politique d\u00e9sastreuse, qu&#8217;une autre direction peut \u00eatre prise, est quelque chose de tout simplement positif dans un climat g\u00e9n\u00e9ral qui ne l&#8217;est gu\u00e8re.<\/p>\n<p>Avec les frondeurs socialistes, il y aura du d\u00e9bat \u2013 c&#8217;est d\u00e9j\u00e0 le cas \u2013, des convergences et des d\u00e9saccords. L&#8217;essentiel est de construire, pas \u00e0 pas, une alternative de gauche. Des m\u00e9canismes tr\u00e8s dangereux, qui se mettent en place avec une acc\u00e9l\u00e9ration au cours des derniers jours \u2013 tant du c\u00f4t\u00e9 du gouvernement que de la droite \u2013 font courir le risque de l&#8217;\u00e9limination d&#8217;une v\u00e9ritable alternative de gauche. Des potentiels importants existent pour qu&#8217;il n&#8217;en soit pas ainsi, mais il ne faut pas perdre de temps.<\/p>\n<hr \/>\n<p><a name=\"D\"><\/a><\/p>\n<p><strong>Pierre-Fran\u00e7ois Grond \u2013 Ensemble<br \/>\n<\/strong><br \/>\n<em> <strong><em>\u00ab Tout ce qui suscite l\u2019envie du sursaut est \u00e9minemment positif \u00bb<br \/>\n<\/strong><\/em> <\/em><\/p>\n<p><img loading=\"lazy\" decoding=\"async\" class=\" aligncenter size-full wp-image-20803\" src=\"https:\/\/wp.muchomaas.com\/wp-content\/uploads\/2014\/10\/frondeurs-grond-a5a.jpg\" alt=\"frondeurs-grond.jpg\" align=\"center\" width=\"460\" height=\"131\" srcset=\"https:\/\/archives.regards.fr\/wp-content\/uploads\/2014\/10\/frondeurs-grond-a5a.jpg 460w, https:\/\/archives.regards.fr\/wp-content\/uploads\/2014\/10\/frondeurs-grond-a5a-300x85.jpg 300w\" sizes=\"auto, (max-width: 460px) 100vw, 460px\" \/><\/p>\n<p>Le surgissement des frondeurs sur la sc\u00e8ne politique est une bonne nouvelle. Parce qu\u2019une bouff\u00e9e d\u2019oxyg\u00e8ne, dans ces temps mortif\u00e8res pour la gauche, produit le plus grand bien \u00e0 celles et ceux qui ne r\u00e9signent ni \u00e0 la mont\u00e9e du Front national, ni au retour de la droite, ni \u00e0 la mutation du socialisme fran\u00e7ais en force lib\u00e9rale-d\u00e9mocrate. En contestant la politique \u00e9conomique et sociale du gouvernement, ils pointent des probl\u00e8mes d\u00e9cisifs au sein m\u00eame de la majorit\u00e9 gouvernementale et du parti qui domine la gauche depuis pr\u00e8s de quarante ans. <\/p>\n<p>La conversion par les actes et par les mots de l\u2019\u00e9quipe actuelle au pouvoir \u2013 soutenue par une majorit\u00e9 relative de d\u00e9put\u00e9s du PS et par la direction non \u00e9lue de celui-ci \u2013 aux dogmes lib\u00e9raux du MEDEF, aust\u00e9ritaires et pr\u00e9sidentialistes \u00e0 outrance, plonge ce que l\u2019on appelait autrefois le peuple de gauche dans une d\u00e9sesp\u00e9rance profonde. Qui se manifeste par une abstention massive et une absence, pour l\u2019heure, de mobilisations. D\u00e8s lors, tout ce qui suscite l\u2019envie du sursaut est \u00e9minemment positif car ouvre des perspectives d\u2019alternative. Mais \u00e9galement provoque questions et d\u00e9bats. <\/p>\n<p><em> <strong>\u00ab Sur quel contenu, quelle alliance, construire une alternative pour aujourd\u2019hui et pour 2017 ? \u00bb<\/strong> <\/em><\/p>\n<p>La sortie d\u2019EELV du gouvernement, l\u2019\u00e9ruption apr\u00e8s les municipales des &#8220;frondeurs&#8221;, la disponibilit\u00e9 de secteurs du mouvement social, syndical ou associatif, la volont\u00e9 du Front de gauche de construire un rassemblement plus large cr\u00e9ent une nouvelle situation. Et posent in\u00e9vitablement des questions de positionnement vis-\u00e0-vis du gouvernement, de contenu programmatique d\u2019une alternative, et de formes participatives et actives d\u2019une construction qui ne doit pas se r\u00e9duire \u00e0 un cartel de partis politiques constitu\u00e9s. Cette perspective m\u00e9rite bien \u00e9videmment d\u2019\u00eatre v\u00e9rifi\u00e9e, car elle implique de se positionner clairement en opposition du gouvernement \u2013 au risque, sinon, d\u2019\u00eatre confondu en dernier ressort avec celui-ci. <\/p>\n<p>S\u2019il ne s\u2019agit pas, en revendiquant une dissolution institutionnelle, de permette le retour de la droite accompagn\u00e9e de l\u2019entr\u00e9e de d\u00e9put\u00e9s FN, laisser Valls et Hollande gouverner et appliquer leur politique pendant deux ans et demi revient \u00e0 constater lucidement l\u2019incendie sans de donner les moyens de l\u2019\u00e9teindre. Voter contre le budget et l\u2019aust\u00e9rit\u00e9, exiger un retour au peuple sous la forme d\u2019un referendum, ouvrir les perspectives d\u2019un processus constituant pour la VIe r\u00e9publique, \u00e9lire les d\u00e9put\u00e9s \u00e0 la proportionnelle, telles pourraient \u00eatre les parades permettant d\u2019offrir une alternative de gauche au gouvernement sans servir les app\u00e9tits de la droite. <\/p>\n<p>Une deuxi\u00e8me question serait alors pos\u00e9e aux &#8220;frondeurs&#8221; : sur quel contenu, quelle alliance, construire une alternative pour aujourd\u2019hui et pour 2017 ? R\u00e9duire celle-ci \u00e0 un renversement de majorit\u00e9 du Parti socialiste dans un congr\u00e8s en 2016 appara\u00eetrait comme un renoncement \u00e0 prendre \u00e0 bras le corps la signification profonde de ce que nous dit la nomination de Valls \u00e0 Matignon. Comment faire ? Des assises, des rencontres, discuter et agir vite ensemble ; telles sont les propositions en direction des frondeurs de ceux et celles qui ne se r\u00e9signent pas \u00e0 la catastrophe annonc\u00e9e.<\/p>\n<hr \/>\n<p><a name=\"E\"><\/a> <\/p>\n<p><strong>Sandra Demarcq &#8211; NPA<br \/>\n<\/strong><br \/>\n<em> <strong><em>\u00ab Quand on s&#8217;oppose, on vote clairement contre \u00bb<br \/>\n<\/strong><\/em> <\/em><\/p>\n<p><img decoding=\"async\" src=\"IMG\/jpg\/frondeurs-demarcq.jpg\" alt=\"frondeurs-demarcq.jpg\" align=\"center\" \/><\/p>\n<p>Pour la premi\u00e8re fois dans l\u2019histoire politique de la Ve R\u00e9publique, des d\u00e9put\u00e9Es de la majorit\u00e9 ont os\u00e9 s\u2019abstenir sur le vote de confiance. De plus, il est aussi rare que l\u2019on entende des d\u00e9put\u00e9s de la majorit\u00e9 critiquer aussi fort les choix \u00e9conomiques trop pro-Medef du gouvernement, laissant penser \u00e0 certains que l\u2019on assisterait, \u00e0 travers les &#8220;frondeurs&#8221;, \u00e0 une v\u00e9ritable opposition au sein de la majorit\u00e9. En r\u00e9alit\u00e9, ils et elles sont \u00e0 la fois l\u2019expression d\u2019une crainte d\u2019une partie de l\u2019appareil du PS face aux effets de la crise politique majeure que nous connaissons, et la r\u00e9fraction du m\u00e9contentement populaire \u00e0 gauche. Ils peuvent \u00eatre l&#8217;un des \u00e9l\u00e9ments d\u2019une majorit\u00e9 alternative \u2013 si une partie du PS veut sauver les meubles \u2013 ce qui ne veut pas dire d&#8217;une politique alternative.<\/p>\n<p><em> <strong>\u00ab L\u2019ancrage lib\u00e9ral p\u00e8se sur tout le Parti socialiste \u00bb<br \/>\n<\/strong> <\/em><\/p>\n<p>En effet, pour ces &#8220;frondeurs&#8221;, certains votes importants n\u2019ont, semble-t-il, pas \u00e9t\u00e9 consid\u00e9r\u00e9s comme posant probl\u00e8me avec le gouvernement, comme celui sur la r\u00e9forme ferroviaire ou sur le projet de loi de finances rectificative. Ainsi, au moment m\u00eame, o\u00f9 avait lieu une gr\u00e8ve des cheminotEs de dix jours contre cette r\u00e9forme, o\u00f9 le gouvernement s\u2019acharna contre les gr\u00e9vistes, la majorit\u00e9 socialiste a retrouv\u00e9 sa belle unit\u00e9 et a vot\u00e9 tr\u00e8s majoritairement pour.<\/p>\n<p>Quelques jours plus tard, l&#8217;Assembl\u00e9e nationale a adopt\u00e9 la loi de finances rectificative pour 2014 qui mettait en place la premi\u00e8re partie du Pacte de responsabilit\u00e9. Et encore une fois les &#8220;frondeurs&#8221;, alors qu\u2019ils avaient pendant plusieurs jours vivement critiqu\u00e9 les cadeaux fiscaux aux entreprises, ont apport\u00e9 leur soutien au gouvernement.<\/p>\n<p>Au regard de leurs actes, on voit donc que l\u2019ancrage lib\u00e9ral p\u00e8se sur tout le Parti socialiste. Tous, en votant ou au mieux en s\u2019abstenant, ont ainsi accept\u00e9 les politiques d\u2019aust\u00e9rit\u00e9 de ce gouvernement qui a adopt\u00e9 la ligne du Pacte de responsabilit\u00e9, et il n\u2019y a, \u00e0 ce jour, aucune rupture avec ce gouvernement et encore moins avec le Parti socialiste. Christian Paul, un de leur porte-parole, l\u2019admettait r\u00e9cemment dans un entretien au <em>Monde<\/em> : <em>\u00ab ll n\u2019y a pas de fracture radicale au sein du PS \u00bb<\/em>, et c\u2019est bien pour cela qu\u2019ils s\u2019abstiennent.<\/p>\n<p><em> <strong>\u00ab La crise politique et sociale m\u00e9rite une r\u00e9ponse \u00e0 la hauteur des enjeux \u00bb<br \/>\n<\/strong> <\/em><\/p>\n<p>\u00c0 quoi servent ces &#8220;frondeurs&#8221; aujourd\u2019hui ? Incontestablement \u00e0 montrer que la politique pro-Medef de Hollande-Valls n\u2019est pas unanime, voire pas majoritaire, dans le PS. Mais leurs h\u00e9sitations, leurs reculs, t\u00e9moignent qu\u2019ils ne sont pas pr\u00eats \u00e0 rompre avec l\u2019orientation social-lib\u00e9rale. \u00c0 quoi serviront-ils demain ? Cela d\u00e9pendra de la politique qu\u2019ils m\u00e8neront et des luttes sociales et politiques dans le pays. S\u2019ils continuent \u00e0 s\u2019abstenir, ils ne serviront qu\u2019\u00e0 t\u00e9moigner un m\u00e9contentement, et laisseront la politique lib\u00e9rale s\u2019appliquer contre la population, ouvrant la voie au retour de la droite, voire \u00e0 l\u2019extr\u00eame droite.<\/p>\n<p>Dans quelques semaines aura lieu le vote du budget avec, nous le souhaitons, une grande manifestation de l&#8217;opposition de gauche. Nous verrons \u00e0 ce moment-l\u00e0 s&#8217;ils votent contre ce budget d&#8217;aust\u00e9rit\u00e9 (car quand on s&#8217;oppose, on vote clairement contre&#8230;) et s&#8217;ils sont pr\u00eats \u00e0 descendre dans la rue avec la gauche sociale et politique qui refuse la politique de ce gouvernement PS-Medef. Le suivisme vis-\u00e0-vis de ces parlementaires abstentionnistes ne peut constituer une alternative. C\u2019est malheureusement ce que tente \u00e9perdument de faire la direction du PCF, \u00e0 la recherche d\u2019une nouvelle &#8220;Union de la gauche&#8221;. La crise politique et sociale m\u00e9rite une r\u00e9ponse \u00e0 la hauteur des enjeux, et cela ne peut \u00eatre une simple &#8220;recomposition&#8221; parlementaire, une &#8220;nouvelle majorit\u00e9 alternative&#8221; rose-rouge-vert.<\/p>\n<p>D\u2019o\u00f9 la n\u00e9cessit\u00e9 pour la gauche de la gauche de ne pas se faire d\u2019illusions sur la possibilit\u00e9 d\u2019une majorit\u00e9 parlementaire alternative, de ne pas courir derri\u00e8re les &#8220;frondeurs&#8221;, mais de travailler vraiment \u00e0 construire, dans l&#8217;unit\u00e9, une opposition de gauche.<\/p>\n<hr \/>\n<p><a name=\"F\"><\/a><\/p>\n<p><strong>\u00c9lise Lowy \u2013 EELV<br \/>\n<\/strong><br \/>\n<em> <strong><em>\u00ab Leur prise de distance ne peut suffire pour une alternative viable \u00bb<br \/>\n<\/strong><\/em> <\/em><\/p>\n<p><img loading=\"lazy\" decoding=\"async\" class=\" aligncenter size-full wp-image-20804\" src=\"https:\/\/wp.muchomaas.com\/wp-content\/uploads\/2014\/10\/frondeurs-lowy-776.jpg\" alt=\"frondeurs-lowy.jpg\" align=\"center\" width=\"460\" height=\"131\" srcset=\"https:\/\/archives.regards.fr\/wp-content\/uploads\/2014\/10\/frondeurs-lowy-776.jpg 460w, https:\/\/archives.regards.fr\/wp-content\/uploads\/2014\/10\/frondeurs-lowy-776-300x85.jpg 300w\" sizes=\"auto, (max-width: 460px) 100vw, 460px\" \/><\/p>\n<p>Les Frondeurs sont avant tout un sympt\u00f4me. Celui de la d\u00e9rive et de l\u2019enlisement gouvernemental dans une ligne lib\u00e9rale-productiviste. Mais celui, surtout, de la r\u00e9alit\u00e9 d&#8217;une politique men\u00e9e en contradiction totale avec les promesses de campagne de 2012, alimentant le d\u00e9senchantement politique et faisant le lit de l&#8217;extr\u00eame droite. Les sanctions dont certains d&#8217;entre eux ont fait l&#8217;objet ont une nouvelle fois confirm\u00e9 l&#8217;aveuglement des pouvoirs en place quant \u00e0 la gravit\u00e9 de la situation politique. Cela a soulign\u00e9 combien l&#8217;appareil socialiste actuel n&#8217;est plus \u00e0 m\u00eame de r\u00e9pondre aux enjeux pos\u00e9s par la nouvelle \u00e8re dans laquelle nous sommes entr\u00e9s. <\/p>\n<p>Se demander \u00e0 quoi servent les frondeurs, c&#8217;est d&#8217;abord se demander de qui il est question pr\u00e9cis\u00e9ment, tant leurs votes ont pu \u00eatre diff\u00e9rents \u00e0 l&#8217;Assembl\u00e9e nationale, illustrant parfaitement la vraie question qui se cache derri\u00e8re ces votes \u00e0 g\u00e9om\u00e9trie variable : jusqu&#8217;o\u00f9 sont-ils pr\u00eats \u00e0 aller r\u00e9ellement en termes de rupture avec la ligne majoritaire actuelle ? <\/p>\n<p><em> <strong>\u00ab Un d\u00e9passement des clivages partisans actuels obsol\u00e8tes \u00bb<br \/>\n<\/strong> <\/em><\/p>\n<p>Car l&#8217;imp\u00e9rieuse n\u00e9cessit\u00e9 d\u2019agir pour construire une alternative \u00e9cologiste et sociale passe n\u00e9cessairement par une convergence des forces citoyennes, sociales et politiques, par un d\u00e9passement des clivages partisans actuels obsol\u00e8tes. En ce sens, on ne peut que se r\u00e9jouir de la prise de distance de ces socialistes avec ceux qui \u00e9taient cens\u00e9s les repr\u00e9senter au plus haut niveau de l&#8217;\u00c9tat. Mais cela ne peut suffire pour une alternative viable. Celle-ci doit passer par un projet alternatif coh\u00e9rent, construit avec les citoyen-ne-s et la soci\u00e9t\u00e9 civile, ainsi qu&#8217;int\u00e9grant pleinement, en de d\u00e9but du 21e si\u00e8cle, le paradigme \u00e9cologiste, loin de la vieille gauche productiviste qui n&#8217;a pas rompu avec le dogme de la croissance et de la technoscience. <\/p>\n<p>Comme l&#8217;\u00e9crivait Andr\u00e9 Gorz dans Leur \u00e9cologie et la n\u00f4tre, il s&#8217;agit bien d&#8217;affirmer : <em>\u00ab Pour rompre avec l\u2019id\u00e9ologie de la croissance : seul est digne de toi ce qui est bon pour tous. Seul m\u00e9rite d\u2019\u00eatre produit ce qui ne privil\u00e9gie ni n\u2019abaisse personne. Nous pouvons \u00eatre plus heureux avec moins d\u2019opulence, car dans une soci\u00e9t\u00e9 sans privil\u00e8ge, il n\u2019y a pas de pauvres. \u00bb<\/em><div id='gallery-1' class='gallery galleryid-8009 gallery-columns-3 gallery-size-thumbnail'><figure class='gallery-item'>\n\t\t\t<div class='gallery-icon landscape'>\n\t\t\t\t<a href='https:\/\/archives.regards.fr\/wp-content\/uploads\/2014\/10\/fronde-1-dea.jpg'><img loading=\"lazy\" decoding=\"async\" width=\"150\" height=\"150\" src=\"https:\/\/archives.regards.fr\/wp-content\/uploads\/2014\/10\/fronde-1-dea-150x150.jpg\" class=\"attachment-thumbnail size-thumbnail\" alt=\"fronde-1.jpg\" \/><\/a>\n\t\t\t<\/div><\/figure><figure class='gallery-item'>\n\t\t\t<div class='gallery-icon landscape'>\n\t\t\t\t<a href='https:\/\/archives.regards.fr\/wp-content\/uploads\/2014\/10\/frondeurs-dartigolles-920.jpg'><img loading=\"lazy\" decoding=\"async\" width=\"150\" height=\"131\" src=\"https:\/\/archives.regards.fr\/wp-content\/uploads\/2014\/10\/frondeurs-dartigolles-920-150x131.jpg\" class=\"attachment-thumbnail size-thumbnail\" alt=\"frondeurs-dartigolles.jpg\" \/><\/a>\n\t\t\t<\/div><\/figure><figure class='gallery-item'>\n\t\t\t<div class='gallery-icon landscape'>\n\t\t\t\t<a href='https:\/\/archives.regards.fr\/wp-content\/uploads\/2014\/10\/frondeurs-grond-2d9.jpg'><img loading=\"lazy\" decoding=\"async\" width=\"150\" height=\"131\" src=\"https:\/\/archives.regards.fr\/wp-content\/uploads\/2014\/10\/frondeurs-grond-2d9-150x131.jpg\" class=\"attachment-thumbnail size-thumbnail\" alt=\"frondeurs-grond.jpg\" \/><\/a>\n\t\t\t<\/div><\/figure><figure class='gallery-item'>\n\t\t\t<div class='gallery-icon landscape'>\n\t\t\t\t<a href='https:\/\/archives.regards.fr\/wp-content\/uploads\/2014\/10\/frondeurs-lowy-4f5.jpg'><img loading=\"lazy\" decoding=\"async\" width=\"150\" height=\"131\" src=\"https:\/\/archives.regards.fr\/wp-content\/uploads\/2014\/10\/frondeurs-lowy-4f5-150x131.jpg\" class=\"attachment-thumbnail size-thumbnail\" alt=\"frondeurs-lowy.jpg\" \/><\/a>\n\t\t\t<\/div><\/figure>\n\t\t<\/div>\n<\/p>\n","protected":false},"excerpt":{"rendered":"<p>39 d\u00e9put\u00e9s socialistes &#8220;frondeurs&#8221; se sont abstenus, mardi, de voter le volet recettes du projet de loi de finances 2015. Nous avons demand\u00e9 \u00e0 l&#8217;une d&#8217;entre eux et \u00e0 cinq personnalit\u00e9s de la gauche de gauche quelle utilit\u00e9 ils peuvent ou pourraient avoir\u2026<\/p>\n","protected":false},"author":1,"featured_media":20802,"comment_status":"open","ping_status":"open","sticky":false,"template":"","format":"standard","meta":{"_themeisle_gutenberg_block_has_review":false,"footnotes":""},"categories":[278],"tags":[390],"class_list":["post-8009","post","type-post","status-publish","format-standard","has-post-thumbnail","hentry","category-tribunes","tag-parti-socialiste"],"_links":{"self":[{"href":"https:\/\/archives.regards.fr\/index.php?rest_route=\/wp\/v2\/posts\/8009","targetHints":{"allow":["GET"]}}],"collection":[{"href":"https:\/\/archives.regards.fr\/index.php?rest_route=\/wp\/v2\/posts"}],"about":[{"href":"https:\/\/archives.regards.fr\/index.php?rest_route=\/wp\/v2\/types\/post"}],"author":[{"embeddable":true,"href":"https:\/\/archives.regards.fr\/index.php?rest_route=\/wp\/v2\/users\/1"}],"replies":[{"embeddable":true,"href":"https:\/\/archives.regards.fr\/index.php?rest_route=%2Fwp%2Fv2%2Fcomments&post=8009"}],"version-history":[{"count":0,"href":"https:\/\/archives.regards.fr\/index.php?rest_route=\/wp\/v2\/posts\/8009\/revisions"}],"wp:featuredmedia":[{"embeddable":true,"href":"https:\/\/archives.regards.fr\/index.php?rest_route=\/wp\/v2\/media\/20802"}],"wp:attachment":[{"href":"https:\/\/archives.regards.fr\/index.php?rest_route=%2Fwp%2Fv2%2Fmedia&parent=8009"}],"wp:term":[{"taxonomy":"category","embeddable":true,"href":"https:\/\/archives.regards.fr\/index.php?rest_route=%2Fwp%2Fv2%2Fcategories&post=8009"},{"taxonomy":"post_tag","embeddable":true,"href":"https:\/\/archives.regards.fr\/index.php?rest_route=%2Fwp%2Fv2%2Ftags&post=8009"}],"curies":[{"name":"wp","href":"https:\/\/api.w.org\/{rel}","templated":true}]}}