{"id":8001,"date":"2014-10-20T16:33:46","date_gmt":"2014-10-20T14:33:46","guid":{"rendered":"https:\/\/wp.muchomaas.com\/martine-aubry-sort-du-bois8001\/"},"modified":"2023-06-23T23:18:01","modified_gmt":"2023-06-23T21:18:01","slug":"martine-aubry-sort-du-bois8001","status":"publish","type":"post","link":"https:\/\/archives.regards.fr\/?p=8001","title":{"rendered":"Pourquoi Martine Aubry sort du bois"},"content":{"rendered":"<p class=\"post_excerpt\">Apr\u00e8s un long silence, puis quelques piques contre la gestion gouvernementale, Martine Aubry s\u2019est plac\u00e9e, tout \u00e0 la fois, en t\u00eate de file de la contestation interne et en alternative aux choix mis en \u0153uvre au sommet de l\u2019\u00c9tat.<\/p>\n<p>Elle n\u2019est pas en rupture avec la logique mise en \u0153uvre par les socialistes depuis plus de trente ans : souci de la &#8220;comp\u00e9titivit\u00e9&#8221; et r\u00e9duction de la dette restent des pivots de son projet, comme ils le sont depuis le tournant de la &#8220;rigueur&#8221; en 1982-1983. Mais la maire de Lille entend stopper la fuite en avant lib\u00e9rale du gouvernement Valls. Si l\u2019ancienne ministre n\u2019est pas devenue une &#8220;radicale&#8221;, elle pr\u00e9f\u00e8re rester dans l\u2019esprit de ce que fut la gestion de Lionel Jospin, \u00e0 rebours de la logique Macron. L\u2019esprit social-d\u00e9mocrate classique contre l\u2019option sociale-lib\u00e9rale ou d\u00e9mocrate\u2026<\/p>\n<p>Pourquoi ce choix, apr\u00e8s une si longue discr\u00e9tion ? Officiellement, pour peser en faveur d\u2019une r\u00e9orientation des choix pilot\u00e9s par l\u2019\u00c9lys\u00e9e. Toutefois, Martine Aubry est trop fine politique pour ne pas savoir que l\u2019\u00c9lys\u00e9e r\u00e9agira \u00e0 ses propos comme il le fit nagu\u00e8re quand les &#8220;frondeurs&#8221; se sont manifest\u00e9s. Fran\u00e7ois Hollande joue la partition Thatcher : <em>There is no alternative<\/em>, il n\u2019y a pas d\u2019alternative. Le cap du gouvernement Valls sera tenu, contre vents et mar\u00e9es ; il n\u2019y aura pas de troisi\u00e8me temps du quinquennat. Cela lui a \u00e9t\u00e9 redit vertement. Mais elle s\u2019en doutait d\u00e9j\u00e0.<\/p>\n<p><strong><em>Contre l&#8217;\u00e9rosion et l&#8217;implosion du PS<br \/>\n<\/strong><\/em><\/p>\n<p>La vision de Martine Aubry va donc bien au-del\u00e0 de la seule question du gouvernement. Ce qui est en jeu, dans son propos, c\u2019est la structuration m\u00eame du champ politique ; \u00e0 court et \u00e0 moyen terme, sa pr\u00e9occupation va au devenir du Parti socialiste. D\u2019une fa\u00e7on ou d\u2019une autre, celui-ci est vou\u00e9 \u00e0 l\u2019\u00e9volution sociale-lib\u00e9rale, comme dans tous les pays europ\u00e9ens voisins. Cette \u00e9volution se fera de bon gr\u00e9, par l\u2019adh\u00e9sion au projet &#8220;d\u00e9mocrate&#8221; \u00e0 l\u2019am\u00e9ricaine, ou par sens du &#8220;r\u00e9alisme&#8221; (le poids des institutions, la pression de la droite, le danger du Front national).<\/p>\n<p>Pour le dire d\u2019une autre mani\u00e8re, il est tr\u00e8s incertain qu\u2019une majorit\u00e9 se d\u00e9gage, au sein du parti, en faveur d\u2019une r\u00e9orientation \u00e0 gauche prononc\u00e9e. Les institutions rendent impossibles un PS en distance avec le gouvernement. D\u00e8s lors, le risque est double : une lente \u00e9rosion de l\u2019int\u00e9rieur, poussant en dehors celles et ceux qui ne peuvent se r\u00e9signer la grande translation &#8220;blairiste&#8221; ; \u00e9ventuellement, l\u2019implosion du parti en cas (pr\u00e9visible) d\u2019\u00e9chec de l\u2019exp\u00e9rience Hollande-Valls. Le Parti socialiste grec n\u2019a-t-il pas disparu du paysage politique ? Le parti socialiste espagnol perd son poids d\u00e8s lors qu\u2019il n\u2019exerce plus le pouvoir. <\/p>\n<p>Dans l\u2019hypoth\u00e8se o\u00f9 le social-lib\u00e9ralisme deviendrait la ligne officielle du PS fran\u00e7ais, les tenants de la culture social-d\u00e9mocrate pourraient se trouver \u00e0 la fois \u00e9parpill\u00e9s en dehors du parti et soumis \u00e0 la concurrence directe des autres composantes de la gauche, et d\u2019abord celles du Front de gauche et des Verts.<\/p>\n<p><strong><em>Pas compromise dans l&#8217;apr\u00e8s-2012<br \/>\n<\/strong><\/em><\/p>\n<p>L\u2019impulsion de Martine Aubry a pour objectif, moins d\u2019infl\u00e9chir \u00e0 court terme l\u2019action de l\u2019\u00c9tat, que de maintenir l\u2019hypoth\u00e8se d\u2019un Parti socialiste ancr\u00e9 \u00e0 gauche et capable d\u2019exercer une h\u00e9g\u00e9monie persistante sur l\u2019ensemble de la gauche fran\u00e7aise.<\/p>\n<p>Sa personnalit\u00e9 ne manque pas d\u2019atouts. Culturellement, elle est immerg\u00e9e dans un univers politique qui combine la trace du socialisme fran\u00e7ais et du christianisme social. Dans la lign\u00e9e de son p\u00e8re, Jacques Delors, elle incarne volontiers le m\u00e9tissage d\u2019une \u00e9thique publique et une image de gestionnaire &#8220;r\u00e9aliste&#8221;. Enfin, elle a repr\u00e9sente une ligne de gauche dans la primaire qui a d\u00e9sign\u00e9 le porte-drapeau socialiste pour l\u2019\u00e9lection pr\u00e9sidentielle de 2012. Et \u00e0 la diff\u00e9rence d\u2019Arnaud Montebourg, elle ne s\u2019est pas compromise dans la gestion de l\u2019\u00c9tat apr\u00e8s 2012.<\/p>\n<p>L\u2019\u00e9lue du Nord a des cartes non n\u00e9gligeables dans les mains. Elles ne sont pas sans fragilit\u00e9s. On ne voit pas encore comment elle se distinguera nettement des options aujourd\u2019hui dominantes. Rien ne dit que sa logique mod\u00e9r\u00e9ment keyn\u00e9sienne et sa discr\u00e9tion sur les enjeux proprement financiers peuvent agir efficacement dans une crise syst\u00e9mique aussi \u00e9paisse. Enfin, la profondeur de la crise politique d\u00e9courage les anticipations tactiques. Fran\u00e7ois Hollande, malgr\u00e9 ses d\u00e9clarations tonitruantes, pourra-t-il tenir jusqu\u2019\u00e0 la fin de son mandat ?<div id='gallery-1' class='gallery galleryid-8001 gallery-columns-3 gallery-size-thumbnail'><figure class='gallery-item'>\n\t\t\t<div class='gallery-icon landscape'>\n\t\t\t\t<a href='https:\/\/archives.regards.fr\/wp-content\/uploads\/2014\/10\/martine-692.jpg'><img loading=\"lazy\" decoding=\"async\" width=\"150\" height=\"150\" src=\"https:\/\/archives.regards.fr\/wp-content\/uploads\/2014\/10\/martine-692-150x150.jpg\" class=\"attachment-thumbnail size-thumbnail\" alt=\"martine.jpg\" \/><\/a>\n\t\t\t<\/div><\/figure>\n\t\t<\/div>\n<\/p>\n","protected":false},"excerpt":{"rendered":"<p>Apr\u00e8s un long silence, puis quelques piques contre la gestion gouvernementale, Martine Aubry s\u2019est plac\u00e9e, tout \u00e0 la fois, en t\u00eate de file de la contestation interne et en alternative aux choix mis en \u0153uvre au sommet de l\u2019\u00c9tat.<\/p>\n","protected":false},"author":1,"featured_media":20791,"comment_status":"open","ping_status":"open","sticky":false,"template":"","format":"standard","meta":{"_themeisle_gutenberg_block_has_review":false,"footnotes":""},"categories":[157],"tags":[],"class_list":["post-8001","post","type-post","status-publish","format-standard","has-post-thumbnail","hentry","category-web"],"_links":{"self":[{"href":"https:\/\/archives.regards.fr\/index.php?rest_route=\/wp\/v2\/posts\/8001","targetHints":{"allow":["GET"]}}],"collection":[{"href":"https:\/\/archives.regards.fr\/index.php?rest_route=\/wp\/v2\/posts"}],"about":[{"href":"https:\/\/archives.regards.fr\/index.php?rest_route=\/wp\/v2\/types\/post"}],"author":[{"embeddable":true,"href":"https:\/\/archives.regards.fr\/index.php?rest_route=\/wp\/v2\/users\/1"}],"replies":[{"embeddable":true,"href":"https:\/\/archives.regards.fr\/index.php?rest_route=%2Fwp%2Fv2%2Fcomments&post=8001"}],"version-history":[{"count":0,"href":"https:\/\/archives.regards.fr\/index.php?rest_route=\/wp\/v2\/posts\/8001\/revisions"}],"wp:featuredmedia":[{"embeddable":true,"href":"https:\/\/archives.regards.fr\/index.php?rest_route=\/wp\/v2\/media\/20791"}],"wp:attachment":[{"href":"https:\/\/archives.regards.fr\/index.php?rest_route=%2Fwp%2Fv2%2Fmedia&parent=8001"}],"wp:term":[{"taxonomy":"category","embeddable":true,"href":"https:\/\/archives.regards.fr\/index.php?rest_route=%2Fwp%2Fv2%2Fcategories&post=8001"},{"taxonomy":"post_tag","embeddable":true,"href":"https:\/\/archives.regards.fr\/index.php?rest_route=%2Fwp%2Fv2%2Ftags&post=8001"}],"curies":[{"name":"wp","href":"https:\/\/api.w.org\/{rel}","templated":true}]}}